{"id":11467,"date":"2023-03-23T17:16:53","date_gmt":"2023-03-23T16:16:53","guid":{"rendered":"https:\/\/bcsla.hu\/site\/?p=11467"},"modified":"2023-03-23T17:16:53","modified_gmt":"2023-03-23T16:16:53","slug":"keves-hianyzott-az-u19-es-csapat-sikerehez","status":"publish","type":"post","link":"https:\/\/bcsla.hu\/site\/keves-hianyzott-az-u19-es-csapat-sikerehez\/","title":{"rendered":"Kev\u00e9s hi\u00e1nyzott az U19-es csapat siker\u00e9hez"},"content":{"rendered":"<p><span style=\"color: #800080;\"><strong>MOL Feh\u00e9rv\u00e1r FC\u2013B\u00e9k\u00e9scsaba 1912 El\u0151re SE 2-1 (2-1)\u00a0<\/strong><\/span><\/p>\n<p><strong>Az U19-es labdar\u00fag\u00f3-bajnoks\u00e1g h\u00e9tk\u00f6zi fordul\u00f3j\u00e1ban a B\u00e9k\u00e9scsaba 1912 El\u0151re SE csapata a MOL Feh\u00e9rv\u00e1r FC otthon\u00e1ban l\u00e9pett p\u00e1ly\u00e1ra m\u00e1rcius 22-\u00e9n.\u00a0<\/strong><\/p>\n<p><img fetchpriority=\"high\" decoding=\"async\" class=\"alignnone wp-image-11468\" src=\"https:\/\/bcsla.hu\/site\/wp-content\/uploads\/2023\/03\/team_u19_elore_2022_2023.jpg\" alt=\"\" width=\"711\" height=\"400\" \/><\/p>\n<p><span style=\"color: #800080;\">B\u00e9k\u00e9scsaba 1912 El\u0151re SE: Z\u00e1br\u00e1czki, Kom\u00e1romi (Mladonyiczki), Rost\u00e1s (Szab\u00f3), Varga, Borb\u00e9ly, Orvos, Ged\u00f3 (Ily\u00e9s), Cs\u00e1k, Csik\u00f3s (Marik), Harmati (Werle) \u00e9s B\u00edr\u00f3. Csere: Pavl\u00f3. Edz\u0151: Marik L\u00e1szl\u00f3.\u00a0<\/span><\/p>\n<p><span data-contrast=\"auto\">A b\u00e9k\u00e9scsabai egy\u00fcttes a tabella als\u00f3 harmad\u00e1b\u00f3l \u00e9rkezett a tal\u00e1lkoz\u00f3ra, m\u00edg ellenfele a mez\u0151ny k\u00f6z\u00e9pcsapatk\u00e9nt v\u00e1rta ellenfel\u00e9t. A k\u00e9t g\u00e1rda kor\u00e1bban is szemben\u00e9zett egym\u00e1ssal, akkor feh\u00e9rv\u00e1ri gy\u0151zelem sz\u00fcletett.<\/span><span data-ccp-props=\"{&quot;134233117&quot;:false,&quot;134233118&quot;:false,&quot;201341983&quot;:0,&quot;335551550&quot;:1,&quot;335551620&quot;:1,&quot;335559685&quot;:0,&quot;335559737&quot;:0,&quot;335559738&quot;:0,&quot;335559739&quot;:160,&quot;335559740&quot;:259}\">\u00a0<\/span><\/p>\n<p><span data-contrast=\"auto\"><strong>Marik L\u00e1szl\u00f3<\/strong> edz\u0151 a m\u00e9rk\u0151z\u00e9sr\u0151l elmondta, csapata kezdte jobban a tal\u00e1lkoz\u00f3t, az els\u0151 percben b\u00fcntet\u0151b\u0151l meg is szerezte a vezet\u00e9st riv\u00e1lis\u00e1val szemben. A folytat\u00e1sban is a b\u00e9k\u00e9scsabai g\u00e1rda ir\u00e1ny\u00edtotta a j\u00e1t\u00e9kot, \u00e1m k\u00e9nyszer\u0171 csere ut\u00e1n a feh\u00e9rv\u00e1ri alakulat fokozatosa \u00e1tvette a karmesteri p\u00e1lc\u00e1t ellenfel\u00e9t\u0151l. <\/span><span data-ccp-props=\"{&quot;134233117&quot;:false,&quot;134233118&quot;:false,&quot;201341983&quot;:0,&quot;335551550&quot;:1,&quot;335551620&quot;:1,&quot;335559685&quot;:0,&quot;335559737&quot;:0,&quot;335559738&quot;:0,&quot;335559739&quot;:160,&quot;335559740&quot;:259}\">\u00a0<\/span><span data-contrast=\"auto\">A folytat\u00e1sban azonban fel\u00e9l\u00e9nk\u00fclt a hazai szurkol\u00f3k hangja, a ny\u00edregyh\u00e1zi g\u00e1rda k\u00e9t vend\u00e9g hib\u00e1t b\u00fcntetett g\u00f3llal, majd<strong> Z\u00e1br\u00e1czki<\/strong> kapus v\u00e9dett ki egy\u00a0hazai tizenegyest.<\/span><\/p>\n<p><span data-contrast=\"auto\">A m\u00e1sodik f\u00e9lid\u0151ben a cser\u00e9k ut\u00e1n <strong>Marik L\u00e1szl\u00f3<\/strong> egy\u00fcttese teljesen \u00e1tvette az ir\u00e1ny\u00edt\u00e1st, nagy f\u00f6l\u00e9nybe ker\u00fclt riv\u00e1lis\u00e1val szemben, ezzel egy\u00fctt pedig sorra dolgozta ki a helyzeteket. A vend\u00e9g g\u00e1rda azonban nem tudta kihaszn\u00e1lni lehet\u0151s\u00e9geit, a t\u00edz emberrel v\u00e9dekez\u0151 hazai csapat pedig a lef\u00faj\u00e1sig meg tudta \u0151rizni egyg\u00f3los el\u0151ny\u00e9t. <\/span><span data-ccp-props=\"{&quot;134233117&quot;:false,&quot;134233118&quot;:false,&quot;201341983&quot;:0,&quot;335551550&quot;:1,&quot;335551620&quot;:1,&quot;335559685&quot;:0,&quot;335559737&quot;:0,&quot;335559738&quot;:0,&quot;335559739&quot;:160,&quot;335559740&quot;:259}\">\u00a0<\/span><\/p>\n<p><span data-contrast=\"auto\">\u2013 Az els\u0151 f\u00e9lid\u0151 m\u00e1sodik fel\u00e9ben nagyon sokat hib\u00e1ztunk, amit a Mol Feh\u00e9rv\u00e1r meg is b\u00fcntetett. A m\u00e1sodik f\u00e9lid\u0151ben a v\u00e1ltoztat\u00e1sok ut\u00e1n meg kellett volna ford\u00edtanunk az eredm\u00e9nyt, de hi\u00e1ba j\u00e1tszottunk \u00f3ri\u00e1si f\u00f6l\u00e9nyben, sorra kihagytuk a helyzeteinket \u2013 \u00e9rt\u00e9kelt <strong>Marik L\u00e1szl\u00f3<\/strong>.<\/span><span data-ccp-props=\"{&quot;134233117&quot;:false,&quot;134233118&quot;:false,&quot;201341983&quot;:0,&quot;335551550&quot;:1,&quot;335551620&quot;:1,&quot;335559685&quot;:0,&quot;335559737&quot;:0,&quot;335559738&quot;:0,&quot;335559739&quot;:160,&quot;335559740&quot;:259}\">\u00a0<\/span><\/p>\n<p><span data-contrast=\"auto\">A B\u00e9k\u00e9scsaba 1912 El\u0151re SE U19-es csapata a folytat\u00e1sban a Bene Ferenc Labdar\u00fag\u00f3 Akad\u00e9mia egy\u00fcttes\u00e9t l\u00e1tja vend\u00e9g\u00fcl a 4-es Honv\u00e9d utcai komplexumban.<\/span><span data-ccp-props=\"{&quot;134233117&quot;:false,&quot;134233118&quot;:false,&quot;201341983&quot;:0,&quot;335551550&quot;:1,&quot;335551620&quot;:1,&quot;335559685&quot;:0,&quot;335559737&quot;:0,&quot;335559738&quot;:0,&quot;335559739&quot;:160,&quot;335559740&quot;:259}\">\u00a0<\/span><\/p>\n","protected":false},"excerpt":{"rendered":"<p>MOL Feh\u00e9rv\u00e1r FC\u2013B\u00e9k\u00e9scsaba 1912 El\u0151re SE 2-1 (2-1)\u00a0 Az U19-es labdar\u00fag\u00f3-bajnoks\u00e1g h\u00e9tk\u00f6zi fordul\u00f3j\u00e1ban a B\u00e9k\u00e9scsaba 1912 El\u0151re SE csapata a MOL Feh\u00e9rv\u00e1r FC otthon\u00e1ban l\u00e9pett p\u00e1ly\u00e1ra m\u00e1rcius 22-\u00e9n.\u00a0 B\u00e9k\u00e9scsaba 1912 El\u0151re SE: Z\u00e1br\u00e1czki, Kom\u00e1romi (Mladonyiczki), Rost\u00e1s (Szab\u00f3), Varga, Borb\u00e9ly, Orvos, Ged\u00f3 (Ily\u00e9s), Cs\u00e1k, Csik\u00f3s (Marik), Harmati (Werle) \u00e9s B\u00edr\u00f3. Csere: Pavl\u00f3. Edz\u0151: Marik L\u00e1szl\u00f3.\u00a0 A [&hellip;]<\/p>\n","protected":false},"author":1,"featured_media":0,"comment_status":"closed","ping_status":"closed","sticky":false,"template":"","format":"standard","meta":{"footnotes":""},"categories":[1,6,763,764],"tags":[],"class_list":["post-11467","post","type-post","status-publish","format-standard","hentry","category-hirek","category-eredmenyek","category-763","category-eredmenyek-u19"],"publishpress_future_action":{"enabled":false,"date":"2026-05-04 06:28:00","action":"change-status","newStatus":"draft","terms":[],"taxonomy":"category","extraData":[]},"publishpress_future_workflow_manual_trigger":{"enabledWorkflows":[]},"_links":{"self":[{"href":"https:\/\/bcsla.hu\/site\/wp-json\/wp\/v2\/posts\/11467","targetHints":{"allow":["GET"]}}],"collection":[{"href":"https:\/\/bcsla.hu\/site\/wp-json\/wp\/v2\/posts"}],"about":[{"href":"https:\/\/bcsla.hu\/site\/wp-json\/wp\/v2\/types\/post"}],"author":[{"embeddable":true,"href":"https:\/\/bcsla.hu\/site\/wp-json\/wp\/v2\/users\/1"}],"replies":[{"embeddable":true,"href":"https:\/\/bcsla.hu\/site\/wp-json\/wp\/v2\/comments?post=11467"}],"version-history":[{"count":2,"href":"https:\/\/bcsla.hu\/site\/wp-json\/wp\/v2\/posts\/11467\/revisions"}],"predecessor-version":[{"id":11470,"href":"https:\/\/bcsla.hu\/site\/wp-json\/wp\/v2\/posts\/11467\/revisions\/11470"}],"wp:attachment":[{"href":"https:\/\/bcsla.hu\/site\/wp-json\/wp\/v2\/media?parent=11467"}],"wp:term":[{"taxonomy":"category","embeddable":true,"href":"https:\/\/bcsla.hu\/site\/wp-json\/wp\/v2\/categories?post=11467"},{"taxonomy":"post_tag","embeddable":true,"href":"https:\/\/bcsla.hu\/site\/wp-json\/wp\/v2\/tags?post=11467"}],"curies":[{"name":"wp","href":"https:\/\/api.w.org\/{rel}","templated":true}]}}