{"id":11520,"date":"2023-04-01T10:39:50","date_gmt":"2023-04-01T08:39:50","guid":{"rendered":"https:\/\/bcsla.hu\/site\/?p=11520"},"modified":"2023-04-01T13:01:03","modified_gmt":"2023-04-01T11:01:03","slug":"a-listavezeto-ellen-nyujtott-fantasztikus-produkciot-a-z-u19-es-csapat","status":"publish","type":"post","link":"https:\/\/bcsla.hu\/site\/a-listavezeto-ellen-nyujtott-fantasztikus-produkciot-a-z-u19-es-csapat\/","title":{"rendered":"A listavezet\u0151 ellen ny\u00fajtott fantasztikus produkci\u00f3t az U19-es csapat"},"content":{"rendered":"<p><strong>MTK Budapest\u2013<\/strong><span style=\"color: #800080;\"><strong>B\u00e9k\u00e9scsaba 1912 El\u0151re SE<\/strong> <\/span><strong>0-4 (0-2)\u00a0<\/strong><\/p>\n<p><strong>Az U19-es labdar\u00fag\u00f3-bajnoks\u00e1g \u00f6t\u00f6dik fordul\u00f3j\u00e1ban a B\u00e9k\u00e9scsaba 1912 El\u0151re SE csapata az MTK Budapest otthon\u00e1ban l\u00e9pett p\u00e1ly\u00e1ra m\u00e1rcius 31-\u00e9n.\u00a0<\/strong><\/p>\n<p><span style=\"color: #800080;\">B\u00e9k\u00e9scsaba 1912 El\u0151re SE: Pavl\u00f3, Pap, Bacsa, Varga, Borb\u00e9ly, Ily\u00e9s (M\u00e1gocsi), Pusztai (Ged\u00f3), Cs\u00e1k, Rajsli (Harmati), Werle (Marik), Csik\u00f3s (Szab\u00f3). Csere: Z\u00e1br\u00e1czki. Edz\u0151: Marik L\u00e1szl\u00f3.\u00a0 \u00a0<\/span><\/p>\n<p><span data-contrast=\"auto\">A b\u00e9k\u00e9scsabai g\u00e1rda egy hazai d\u00f6ntetlen ut\u00e1n utazott a f\u0151v\u00e1rosi ar\u00e9n\u00e1ba, riv\u00e1lisa pedig a tabella \u00e9llovasak\u00e9nt v\u00e1rta ellenfel\u00e9t.<\/span><span data-ccp-props=\"{&quot;134233117&quot;:false,&quot;134233118&quot;:false,&quot;201341983&quot;:0,&quot;335551550&quot;:1,&quot;335551620&quot;:1,&quot;335559685&quot;:0,&quot;335559737&quot;:0,&quot;335559738&quot;:0,&quot;335559739&quot;:160,&quot;335559740&quot;:259}\">\u00a0<\/span><\/p>\n<p><span data-contrast=\"auto\"><strong>Marik L\u00e1szl\u00f3<\/strong> edz\u0151 a m\u00e9rk\u0151z\u00e9sr\u0151l elmondta, a v\u00e9gig \u00f3ri\u00e1si rohan\u00e1s jellemezte a m\u00e9rk\u0151z\u00e9st, amelyb\u0151l a gyorsabb \u00e9s pontosabb csabai csapat ker\u00fclt ki gy\u0151ztesen.<\/span><span data-ccp-props=\"{&quot;201341983&quot;:0,&quot;335559739&quot;:160,&quot;335559740&quot;:259}\">\u00a0<\/span><\/p>\n<p><span data-contrast=\"auto\">A b\u00e9k\u00e9scsabai egy\u00fcttes a 21. percben <strong>Bacsa<\/strong> szabadr\u00fag\u00e1s\u00e1val szerezte meg a vezet\u00e9st, majd a 36. minutumban egy sz\u00f6glet ut\u00e1ni kipattan\u00f3t<strong> Ily\u00e9s<\/strong> bomb\u00e1zott 18 m\u00e9terr\u0151l a kapuba. A hazai g\u00e1rda az els\u0151 f\u00e9lid\u0151 hajr\u00e1j\u00e1ban hatalmas nyom\u00e1s al\u00e1 vette a B\u00e9k\u00e9s v\u00e1rmegyei kaput, de <strong>Pavl\u00f3<\/strong> kapus magabiztosan h\u00e1r\u00edtotta a pr\u00f3b\u00e1lkoz\u00e1sokat.<\/span><span data-ccp-props=\"{&quot;201341983&quot;:0,&quot;335559739&quot;:160,&quot;335559740&quot;:259}\">\u00a0<\/span><\/p>\n<p><span data-contrast=\"auto\">\u2013 A m\u00e1sodik f\u00e9lid\u0151ben a p\u00e1ly\u00e1ra l\u00e9p\u0151 <strong>Marik<\/strong> \u00e9s <strong>M\u00e1gocsi<\/strong> vez\u00e9rlet\u00e9vel sorra vezett\u00fck a gyors t\u00e1mad\u00e1sokat, melyekb\u0151l el\u0151bb a nagyszer\u0171en kil\u00e9p\u0151 <strong>Rajsli<\/strong> el\u0151l a becs\u00fasz\u00f3 v\u00e9d\u0151 a saj\u00e1t kapuj\u00e1ba l\u0151tt, majd <strong>M\u00e1gocsi<\/strong> bead\u00e1s\u00e1t <strong>Marik<\/strong> fejelte a kapuba, \u00edgy nagyon magabiztos, teljesen meg\u00e9rdemelt gy\u0151zelmet arattunk idegenben. <\/span><span data-ccp-props=\"{&quot;201341983&quot;:0,&quot;335559739&quot;:160,&quot;335559740&quot;:259}\">\u00a0<\/span><\/p>\n<p><span data-contrast=\"auto\">A B\u00e9k\u00e9scsaba 1912 El\u0151re SE U19-es csapata a DVTK ellen l\u00e9 p\u00e1ly\u00e1ra.<\/span><span data-ccp-props=\"{&quot;201341983&quot;:0,&quot;335559739&quot;:160,&quot;335559740&quot;:259}\">\u00a0<\/span><\/p>\n<p><span data-contrast=\"auto\">\u2013 Nagyon j\u00f3l j\u00e1tszott mindenki, fegyelmezettek, t\u00fcrelmesek \u00e9s ezek mellett nagyon gyorsak voltunk az el\u0151re j\u00e1t\u00e9kban. Teljesen meg\u00e9rdemelten gy\u0151zt\u00fcnk \u2013 \u00e9rt\u00e9kelte a m\u00e9rk\u0151z\u00e9st <strong>Marik L\u00e1szl\u00f3<\/strong>.<\/span><span data-ccp-props=\"{&quot;201341983&quot;:0,&quot;335559739&quot;:160,&quot;335559740&quot;:259}\">\u00a0<\/span><\/p>\n","protected":false},"excerpt":{"rendered":"<p>MTK Budapest\u2013B\u00e9k\u00e9scsaba 1912 El\u0151re SE 0-4 (0-2)\u00a0 Az U19-es labdar\u00fag\u00f3-bajnoks\u00e1g \u00f6t\u00f6dik fordul\u00f3j\u00e1ban a B\u00e9k\u00e9scsaba 1912 El\u0151re SE csapata az MTK Budapest otthon\u00e1ban l\u00e9pett p\u00e1ly\u00e1ra m\u00e1rcius 31-\u00e9n.\u00a0 B\u00e9k\u00e9scsaba 1912 El\u0151re SE: Pavl\u00f3, Pap, Bacsa, Varga, Borb\u00e9ly, Ily\u00e9s (M\u00e1gocsi), Pusztai (Ged\u00f3), Cs\u00e1k, Rajsli (Harmati), Werle (Marik), Csik\u00f3s (Szab\u00f3). Csere: Z\u00e1br\u00e1czki. Edz\u0151: Marik L\u00e1szl\u00f3.\u00a0 \u00a0 A b\u00e9k\u00e9scsabai g\u00e1rda [&hellip;]<\/p>\n","protected":false},"author":1,"featured_media":0,"comment_status":"closed","ping_status":"closed","sticky":false,"template":"","format":"standard","meta":{"footnotes":""},"categories":[1,6,763,764],"tags":[],"class_list":["post-11520","post","type-post","status-publish","format-standard","hentry","category-hirek","category-eredmenyek","category-763","category-eredmenyek-u19"],"publishpress_future_action":{"enabled":false,"date":"2026-05-04 04:47:36","action":"change-status","newStatus":"draft","terms":[],"taxonomy":"category","extraData":[]},"publishpress_future_workflow_manual_trigger":{"enabledWorkflows":[]},"_links":{"self":[{"href":"https:\/\/bcsla.hu\/site\/wp-json\/wp\/v2\/posts\/11520","targetHints":{"allow":["GET"]}}],"collection":[{"href":"https:\/\/bcsla.hu\/site\/wp-json\/wp\/v2\/posts"}],"about":[{"href":"https:\/\/bcsla.hu\/site\/wp-json\/wp\/v2\/types\/post"}],"author":[{"embeddable":true,"href":"https:\/\/bcsla.hu\/site\/wp-json\/wp\/v2\/users\/1"}],"replies":[{"embeddable":true,"href":"https:\/\/bcsla.hu\/site\/wp-json\/wp\/v2\/comments?post=11520"}],"version-history":[{"count":5,"href":"https:\/\/bcsla.hu\/site\/wp-json\/wp\/v2\/posts\/11520\/revisions"}],"predecessor-version":[{"id":11527,"href":"https:\/\/bcsla.hu\/site\/wp-json\/wp\/v2\/posts\/11520\/revisions\/11527"}],"wp:attachment":[{"href":"https:\/\/bcsla.hu\/site\/wp-json\/wp\/v2\/media?parent=11520"}],"wp:term":[{"taxonomy":"category","embeddable":true,"href":"https:\/\/bcsla.hu\/site\/wp-json\/wp\/v2\/categories?post=11520"},{"taxonomy":"post_tag","embeddable":true,"href":"https:\/\/bcsla.hu\/site\/wp-json\/wp\/v2\/tags?post=11520"}],"curies":[{"name":"wp","href":"https:\/\/api.w.org\/{rel}","templated":true}]}}