{"id":11554,"date":"2023-04-05T19:11:34","date_gmt":"2023-04-05T17:11:34","guid":{"rendered":"https:\/\/bcsla.hu\/site\/?p=11554"},"modified":"2023-04-05T19:11:34","modified_gmt":"2023-04-05T17:11:34","slug":"hazai-gyozelmenek-koszonhetoen-elre-lepett-az-u17-es-csapat","status":"publish","type":"post","link":"https:\/\/bcsla.hu\/site\/hazai-gyozelmenek-koszonhetoen-elre-lepett-az-u17-es-csapat\/","title":{"rendered":"Hazai gy\u0151zelm\u00e9nek k\u00f6sz\u00f6nhet\u0151en \u00e9lre l\u00e9pett az U17-es csapat"},"content":{"rendered":"<p><strong><span style=\"color: #800080;\">B\u00e9k\u00e9scsaba 1912 El\u0151re SE<\/span>\u2013ZTE FC 3-1 (3-0)\u00a0<\/strong><\/p>\n<p><strong>Az U17-es labdar\u00fag\u00f3-bajnoks\u00e1g C csoportj\u00e1nak 8. fordul\u00f3j\u00e1ban a B\u00e9k\u00e9scsaba 1912 El\u0151re SE csapata a ZTE FC egy\u00fcttes\u00e9t l\u00e1tta vend\u00e9g\u00fcl \u00e1prilis 5-\u00e9n. <\/strong><\/p>\n<p><strong><img fetchpriority=\"high\" decoding=\"async\" class=\"alignnone wp-image-11555\" src=\"https:\/\/bcsla.hu\/site\/wp-content\/uploads\/2023\/04\/DSC7024.jpg\" alt=\"\" width=\"598\" height=\"400\" \/>\u00a0<\/strong><\/p>\n<p><span style=\"color: #800080;\">B\u00e9k\u00e9scsaba 1912 El\u0151re SE: Tak\u00e1cs, Rost\u00e1s, Sztank\u00f3, Sirokm\u00e1n (Faska), Bal\u00e1zs, D\u00f6me (Ker\u00e9nyi), Szemenyei, R\u00f3zsav\u00f6lgyi (Mih\u00e1ly), Urb\u00e1n, Kurai, B\u00e9res. Csere: T\u00f3th. Edz\u0151: D\u00e1vid Zsolt \u00e9s Szenti Zolt\u00e1n.\u00a0<\/span><\/p>\n<p><span data-contrast=\"auto\">A hazai g\u00e1rda az el\u0151z\u0151 fordul\u00f3ban hazai p\u00e1ly\u00e1n gy\u0151zte le kaposv\u00e1ri riv\u00e1lis\u00e1t, \u00edgy tov\u00e1bbra is egypontos h\u00e1tr\u00e1nyb\u00f3l k\u00f6vette az \u00e9llovas egy\u00fcttest. A zalagerszegi alakulat \u00fajpesti ellenfel\u00e9t gy\u0151zte le, \u00edgy a mez\u0151ny k\u00f6z\u00e9pcsapatak\u00e9nt \u00e9rkezett a 4-es Honv\u00e9d utc\u00e1ba. A k\u00e9t riv\u00e1lis p\u00e1r hete tal\u00e1lkozott m\u00e1r egym\u00e1ssal, akkor 2-1-es ZTE gy\u0151zelem sz\u00fcletett.<\/span><span data-ccp-props=\"{&quot;201341983&quot;:0,&quot;335559739&quot;:160,&quot;335559740&quot;:259}\">\u00a0<\/span><\/p>\n<p><span data-contrast=\"auto\"><strong>D\u00e1vid Zsolt<\/strong> edz\u0151 a m\u00e9rk\u0151z\u00e9sr\u0151l elmondta, a csapat az el\u0151z\u0151 m\u00e9rk\u0151z\u00e9shez hasonl\u00f3an most is nagyon j\u00f3 hozz\u00e1\u00e1ll\u00e1ssal kezdte a m\u00e9rk\u0151z\u00e9st, a g\u00e1rda pattog\u00f3s\u00a0\u00e9s kell\u0151en agressz\u00edv volt, \u00edgy azonnal komoly nyom\u00e1st helyezett a vend\u00e9gcsapatra.<\/span><span data-ccp-props=\"{&quot;201341983&quot;:0,&quot;335559739&quot;:160,&quot;335559740&quot;:259}\">\u00a0<\/span><\/p>\n<p><span data-contrast=\"auto\">\u00a0\u2013 A saj\u00e1t kapuja el\u00e9 szor\u00edtott zalai csapatot siker\u00fclt is hib\u00e1ra k\u00e9nyszer\u00edteni, <strong>D\u00f6me<\/strong> a 8. percben egy csod\u00e1latos l\u00f6v\u00e9ssel szerzett vezet\u00e9st, amely tov\u00e1bb er\u0151s\u00edtette a sr\u00e1cok harci szellem\u00e9t \u00e9s a f\u00e9lid\u0151 v\u00e9g\u00e9re megnyugtat\u00f3 el\u0151nyre tett\u00fck szert \u2013 ismertette.<\/span><span data-ccp-props=\"{&quot;201341983&quot;:0,&quot;335559739&quot;:160,&quot;335559740&quot;:259}\">\u00a0<\/span><\/p>\n<p><span data-contrast=\"auto\">A <strong>D\u00e1vid Zsolt<\/strong> \u00e9s <strong>Szenti Zolt\u00e1n<\/strong> egy\u00fcttes\u00e9t a vezet\u0151 g\u00f3l ut\u00e1n komolyan elkezdte szor\u00edtani a vend\u00e9gcsapat, \u00e1m a kombinat\u00edv j\u00e1t\u00e9kkal oper\u00e1l\u00f3 perceken bel\u00fcl visszabillentette a m\u00e9rk\u0151z\u00e9s egyens\u00faly\u00e1t, <strong>Bal\u00e1zs<\/strong> \u00e9s <strong>Rost\u00e1s<\/strong> g\u00f3ljaival pedig a 28. minutumra magabiztos el\u0151nyre tett szert.<\/span><span data-ccp-props=\"{&quot;201341983&quot;:0,&quot;335559739&quot;:160,&quot;335559740&quot;:259}\">\u00a0<\/span><\/p>\n<p><span data-contrast=\"auto\">\u2013 A m\u00e1sodik j\u00e1t\u00e9kr\u00e9szt is j\u00f3l kezdt\u00fck \u00e9s tov\u00e1bbra is magasan v\u00e9dekezt\u00fcnk, amivel az ellenf\u00e9l pr\u00f3b\u00e1lkoz\u00e1sait m\u00e1r a saj\u00e1t t\u00e9rfel\u00e9n siker\u00fclt megakad\u00e1lyozni. Negyed\u00f3ra eltelt\u00e9vel fontos j\u00e1t\u00e9kosokat kellett lecser\u00e9lni\u00a0betegs\u00e9g \u00e9s s\u00e9r\u00fcl\u00e9s miatt, \u00edgy a m\u00e9rk\u0151z\u00e9s tov\u00e1bbi r\u00e9sz\u00e9ben m\u00e1r\u00a0nem tudtuk azt a j\u00e1t\u00e9kmin\u0151s\u00e9get hozni, mint az els\u0151 f\u00e9lid\u0151ben. A vend\u00e9gek a tal\u00e1lkoz\u00f3 utols\u00f3 harmad\u00e1ban t\u00f6bbsz\u00f6r vesz\u00e9lyeztett\u00e9k a kapunkat, \u00edgy kicsit fesz\u00fcltre siker\u00fclt a v\u00e9ge \u2013 sorolta a g\u00e1rda edz\u0151je.<\/span><span data-ccp-props=\"{&quot;201341983&quot;:0,&quot;335559739&quot;:160,&quot;335559740&quot;:259}\">\u00a0<\/span><\/p>\n<p><span data-contrast=\"auto\">A B\u00e9k\u00e9scsaba 1912 El\u0151re SE U17-es csapata kihaszn\u00e1lta \u00e9llovas riv\u00e1lisa d\u00f6ntetlenj\u00e9t, \u00edgy egy ponttal \u00e1tvette a vezet\u00e9st a tabell\u00e1n. A koroszt\u00e1lyos egy\u00fcttes a pihen\u0151 ut\u00e1n a F\u0151nix Gold FC otthon\u00e1ban l\u00e9p p\u00e1ly\u00e1ra. <\/span><span data-ccp-props=\"{&quot;201341983&quot;:0,&quot;335559739&quot;:160,&quot;335559740&quot;:259}\">\u00a0<\/span><\/p>\n<p><span data-contrast=\"auto\">Nagyszer\u0171 els\u0151 f\u00e9lid\u0151 ut\u00e1n, a m\u00e1sodik v\u00e9konyabbra siker\u00fclt, de ett\u0151l f\u00fcggetlen\u00fcl\u00a0meg\u00e9rdemelten tartottuk itthon a h\u00e1rom bajnoki pontot. Gratul\u00e1lok a csapatnak \u00e9s a st\u00e1bnak is. A m\u00f6g\u00f6tt\u00fcnk\u00a0\u00e1ll\u00f3 id\u0151szakban al\u00e1zattal dolgoztak a sr\u00e1cok, ami\u00e9rt nagy dics\u00e9ret illeti \u0151ket. Intenz\u00edv id\u0151szakon vagyunk t\u00fal,\u00a0a komoly terhel\u00e9s ut\u00e1n most j\u00f3l j\u00f6n a h\u00fasv\u00e9ti pihen\u0151\u00a0\u2013 \u00e9rt\u00e9kelt\u00a0<strong>D\u00e1vid Zsolt<\/strong>.<\/span><span data-ccp-props=\"{&quot;201341983&quot;:0,&quot;335559739&quot;:160,&quot;335559740&quot;:259}\">\u00a0<\/span><\/p>\n","protected":false},"excerpt":{"rendered":"<p>B\u00e9k\u00e9scsaba 1912 El\u0151re SE\u2013ZTE FC 3-1 (3-0)\u00a0 Az U17-es labdar\u00fag\u00f3-bajnoks\u00e1g C csoportj\u00e1nak 8. fordul\u00f3j\u00e1ban a B\u00e9k\u00e9scsaba 1912 El\u0151re SE csapata a ZTE FC egy\u00fcttes\u00e9t l\u00e1tta vend\u00e9g\u00fcl \u00e1prilis 5-\u00e9n. \u00a0 B\u00e9k\u00e9scsaba 1912 El\u0151re SE: Tak\u00e1cs, Rost\u00e1s, Sztank\u00f3, Sirokm\u00e1n (Faska), Bal\u00e1zs, D\u00f6me (Ker\u00e9nyi), Szemenyei, R\u00f3zsav\u00f6lgyi (Mih\u00e1ly), Urb\u00e1n, Kurai, B\u00e9res. Csere: T\u00f3th. Edz\u0151: D\u00e1vid Zsolt \u00e9s Szenti Zolt\u00e1n.\u00a0 [&hellip;]<\/p>\n","protected":false},"author":1,"featured_media":0,"comment_status":"closed","ping_status":"closed","sticky":false,"template":"","format":"standard","meta":{"footnotes":""},"categories":[1,6,763,766],"tags":[],"class_list":["post-11554","post","type-post","status-publish","format-standard","hentry","category-hirek","category-eredmenyek","category-763","category-eredmenyek-u17-20222023"],"publishpress_future_action":{"enabled":false,"date":"2026-05-04 12:11:18","action":"change-status","newStatus":"draft","terms":[],"taxonomy":"category","extraData":[]},"publishpress_future_workflow_manual_trigger":{"enabledWorkflows":[]},"_links":{"self":[{"href":"https:\/\/bcsla.hu\/site\/wp-json\/wp\/v2\/posts\/11554","targetHints":{"allow":["GET"]}}],"collection":[{"href":"https:\/\/bcsla.hu\/site\/wp-json\/wp\/v2\/posts"}],"about":[{"href":"https:\/\/bcsla.hu\/site\/wp-json\/wp\/v2\/types\/post"}],"author":[{"embeddable":true,"href":"https:\/\/bcsla.hu\/site\/wp-json\/wp\/v2\/users\/1"}],"replies":[{"embeddable":true,"href":"https:\/\/bcsla.hu\/site\/wp-json\/wp\/v2\/comments?post=11554"}],"version-history":[{"count":1,"href":"https:\/\/bcsla.hu\/site\/wp-json\/wp\/v2\/posts\/11554\/revisions"}],"predecessor-version":[{"id":11556,"href":"https:\/\/bcsla.hu\/site\/wp-json\/wp\/v2\/posts\/11554\/revisions\/11556"}],"wp:attachment":[{"href":"https:\/\/bcsla.hu\/site\/wp-json\/wp\/v2\/media?parent=11554"}],"wp:term":[{"taxonomy":"category","embeddable":true,"href":"https:\/\/bcsla.hu\/site\/wp-json\/wp\/v2\/categories?post=11554"},{"taxonomy":"post_tag","embeddable":true,"href":"https:\/\/bcsla.hu\/site\/wp-json\/wp\/v2\/tags?post=11554"}],"curies":[{"name":"wp","href":"https:\/\/api.w.org\/{rel}","templated":true}]}}