{"id":11625,"date":"2023-04-20T10:35:54","date_gmt":"2023-04-20T08:35:54","guid":{"rendered":"https:\/\/bcsla.hu\/site\/?p=11625"},"modified":"2023-04-23T21:11:56","modified_gmt":"2023-04-23T19:11:56","slug":"hazai-palyan-gyozott-az-ezustermes-ellen-az-u19-es-garda","status":"publish","type":"post","link":"https:\/\/bcsla.hu\/site\/hazai-palyan-gyozott-az-ezustermes-ellen-az-u19-es-garda\/","title":{"rendered":"Hazai p\u00e1ly\u00e1n gy\u0151z\u00f6tt az ez\u00fcst\u00e9rmes ellen az U19-es g\u00e1rda"},"content":{"rendered":"<p><strong><span style=\"color: #800080;\">B\u00e9k\u00e9scsaba 1912 El\u0151re SE<\/span>\u2013V\u00e1rda Labdar\u00fag\u00f3 Akad\u00e9mia\u00a02-1 (1-0)\u00a0\u00a0<\/strong><\/p>\n<p><span style=\"color: #800080;\">Az U19-es labdar\u00fag\u00f3-bajnoks\u00e1g soros fordul\u00f3j\u00e1ban a B\u00e9k\u00e9scsaba 1912 El\u0151re SE csapata a V\u00e1rda LA egy\u00fcttes\u00e9t l\u00e1tta vend\u00e9g\u00fcl \u00e1prilis 19-\u00e9n.\u00a0<\/span><\/p>\n<p><span data-contrast=\"auto\"><strong>B\u00e9k\u00e9scsaba 1912 El\u0151re SE: Z\u00e1br\u00e1czki, Kom\u00e1romi, Bacsa, Varga (Szab\u00f3), Borb\u00e9ly, Orvos, Pusztai (B\u00edr\u00f3), Cs\u00e1k, Rajsli (Ily\u00e9s), Marik, Sztank\u00f3 (Werle). Csere: Pavl\u00f3, Csik\u00f3s \u00e9s Mladonyiczki. Edz\u0151: Marik L\u00e1szl\u00f3.\u00a0<\/strong> <\/span><span data-ccp-props=\"{&quot;201341983&quot;:0,&quot;335559739&quot;:160,&quot;335559740&quot;:259}\">\u00a0<\/span><\/p>\n<p><span data-contrast=\"auto\">A b\u00e9k\u00e9scsabai g\u00e1rda a tabella als\u00f3 harmad\u00e1b\u00f3l v\u00e1rta a tal\u00e1lkoz\u00f3t, m\u00edg ellenfele a mez\u0151ny m\u00e1sodik hely\u00e9r\u0151l \u00e9rkezett riv\u00e1lis\u00e1hoz. <\/span><span data-ccp-props=\"{&quot;201341983&quot;:0,&quot;335559739&quot;:160,&quot;335559740&quot;:259}\">\u00a0<\/span><\/p>\n<p><span data-contrast=\"auto\">Mindk\u00e9t egy\u00fcttes nagy vehemenci\u00e1val kezdte a tal\u00e1lkoz\u00f3t, a hazai g\u00e1rda a kombinat\u00edvabb t\u00e1mad\u00e1soknak k\u00f6sz\u00f6nhet\u0151en t\u00f6bbsz\u00f6r is fel\u00e9rt a kisv\u00e1rdai kapu el\u00e9. A b\u00e9k\u00e9scsabai helyzetek a 45. percben \u00e9rettek g\u00f3ll\u00e1, amikor <strong>Orvos<\/strong> tal\u00e1lt a vend\u00e9g kapuba. <strong>1-0.<\/strong><\/span><strong>\u00a0<\/strong><\/p>\n<p><span data-contrast=\"auto\">A m\u00e1sodik f\u00e9lid\u0151ben komoly adok-kapok alakult ki a k\u00e9t riv\u00e1lis k\u00f6z\u00f6tt, \u00e1m a 64. minutumban <strong>Marik<\/strong> g\u00f3lj\u00e1val a hazai egy\u00fcttes n\u00f6velte el\u0151ny\u00e9t.<strong> 2-0.<\/strong><\/span><strong>\u00a0<\/strong><\/p>\n<p><span data-contrast=\"auto\">A vend\u00e9gcsapat a j\u00e1t\u00e9kr\u00e9sz utols\u00f3 harmad\u00e1ban \u00f3ri\u00e1si nyom\u00e1st helyezett a b\u00e9k\u00e9scsabai g\u00e1rd\u00e1ra, t\u00f6bb esetben is <strong>Z\u00e1br\u00e1czki<\/strong> kapus brav\u00farjaira volt sz\u00fcks\u00e9g az eredm\u00e9ny meg\u0151rz\u00e9s\u00e9hez. A 87. percben azonban m\u00e1r ki tudta haszn\u00e1lni ellenfele hib\u00e1j\u00e1t a kisv\u00e1rdai csapat, \u00e1m erej\u00e9b\u0151l csak a sz\u00e9p\u00edt\u00e9sre futotta.<\/span><span data-ccp-props=\"{&quot;201341983&quot;:0,&quot;335559739&quot;:160,&quot;335559740&quot;:259}\">\u00a0<\/span><\/p>\n<p>\u2013 Nagyon nagy fegyvert\u00e9ny, hogy ebben a bajnoks\u00e1gban m\u00e1r m\u00e1sodszor gy\u0151zt\u00fck le a Kisv\u00e1rd\u00e1t. Mindenki beleadott mindent \u00e9s igazi csapatk\u00e9nt j\u00e1tszottunk, ez volt a kulcs a gy\u0151zelemhez \u2013 \u00e9rt\u00e9kelt <strong>Marik L\u00e1szl\u00f3<\/strong>.<\/p>\n<p><span data-contrast=\"auto\">A B\u00e9k\u00e9scsaba 1912 El\u0151re SE U19-es csapata a k\u00f6vetkez\u0151 fordul\u00f3ban a frissen a m\u00e1sodik helyre fell\u00e9pett DVSC otthon\u00e1ban l\u00e9p p\u00e1ly\u00e1ra.<\/span><span data-ccp-props=\"{&quot;201341983&quot;:0,&quot;335559739&quot;:160,&quot;335559740&quot;:259}\">\u00a0<\/span><\/p>\n","protected":false},"excerpt":{"rendered":"<p>B\u00e9k\u00e9scsaba 1912 El\u0151re SE\u2013V\u00e1rda Labdar\u00fag\u00f3 Akad\u00e9mia\u00a02-1 (1-0)\u00a0\u00a0 Az U19-es labdar\u00fag\u00f3-bajnoks\u00e1g soros fordul\u00f3j\u00e1ban a B\u00e9k\u00e9scsaba 1912 El\u0151re SE csapata a V\u00e1rda LA egy\u00fcttes\u00e9t l\u00e1tta vend\u00e9g\u00fcl \u00e1prilis 19-\u00e9n.\u00a0 B\u00e9k\u00e9scsaba 1912 El\u0151re SE: Z\u00e1br\u00e1czki, Kom\u00e1romi, Bacsa, Varga (Szab\u00f3), Borb\u00e9ly, Orvos, Pusztai (B\u00edr\u00f3), Cs\u00e1k, Rajsli (Ily\u00e9s), Marik, Sztank\u00f3 (Werle). Csere: Pavl\u00f3, Csik\u00f3s \u00e9s Mladonyiczki. Edz\u0151: Marik L\u00e1szl\u00f3.\u00a0 \u00a0 A [&hellip;]<\/p>\n","protected":false},"author":1,"featured_media":0,"comment_status":"closed","ping_status":"closed","sticky":false,"template":"","format":"standard","meta":{"footnotes":""},"categories":[6,763,764],"tags":[],"class_list":["post-11625","post","type-post","status-publish","format-standard","hentry","category-eredmenyek","category-763","category-eredmenyek-u19"],"publishpress_future_action":{"enabled":false,"date":"2026-05-04 04:48:48","action":"change-status","newStatus":"draft","terms":[],"taxonomy":"category","extraData":[]},"publishpress_future_workflow_manual_trigger":{"enabledWorkflows":[]},"_links":{"self":[{"href":"https:\/\/bcsla.hu\/site\/wp-json\/wp\/v2\/posts\/11625","targetHints":{"allow":["GET"]}}],"collection":[{"href":"https:\/\/bcsla.hu\/site\/wp-json\/wp\/v2\/posts"}],"about":[{"href":"https:\/\/bcsla.hu\/site\/wp-json\/wp\/v2\/types\/post"}],"author":[{"embeddable":true,"href":"https:\/\/bcsla.hu\/site\/wp-json\/wp\/v2\/users\/1"}],"replies":[{"embeddable":true,"href":"https:\/\/bcsla.hu\/site\/wp-json\/wp\/v2\/comments?post=11625"}],"version-history":[{"count":3,"href":"https:\/\/bcsla.hu\/site\/wp-json\/wp\/v2\/posts\/11625\/revisions"}],"predecessor-version":[{"id":11646,"href":"https:\/\/bcsla.hu\/site\/wp-json\/wp\/v2\/posts\/11625\/revisions\/11646"}],"wp:attachment":[{"href":"https:\/\/bcsla.hu\/site\/wp-json\/wp\/v2\/media?parent=11625"}],"wp:term":[{"taxonomy":"category","embeddable":true,"href":"https:\/\/bcsla.hu\/site\/wp-json\/wp\/v2\/categories?post=11625"},{"taxonomy":"post_tag","embeddable":true,"href":"https:\/\/bcsla.hu\/site\/wp-json\/wp\/v2\/tags?post=11625"}],"curies":[{"name":"wp","href":"https:\/\/api.w.org\/{rel}","templated":true}]}}