{"id":11647,"date":"2023-04-23T21:31:08","date_gmt":"2023-04-23T19:31:08","guid":{"rendered":"https:\/\/bcsla.hu\/site\/?p=11647"},"modified":"2023-04-23T21:31:08","modified_gmt":"2023-04-23T19:31:08","slug":"hazai-gyozelem-utan-debreceni-u19-es-pontvesztes","status":"publish","type":"post","link":"https:\/\/bcsla.hu\/site\/hazai-gyozelem-utan-debreceni-u19-es-pontvesztes\/","title":{"rendered":"Hazai gy\u0151zelem ut\u00e1n debreceni U19-es pontveszt\u00e9s"},"content":{"rendered":"<p><strong>DVSC\u2013<span style=\"color: #800080;\">B\u00e9k\u00e9scsaba 1912 El\u0151re SE<\/span> 5-0 (2-0)\u00a0<\/strong><\/p>\n<p><strong>Az U19-es labdar\u00fag\u00f3-bajnoks\u00e1g soros fordul\u00f3j\u00e1ban a B\u00e9k\u00e9scsaba 1912 El\u0151re SE csapata DVSC egy\u00fcttes\u00e9hez utazott \u00e1prilis 22-\u00e9n. \u00a0<\/strong><\/p>\n<p><span style=\"color: #800080;\">B\u00e9k\u00e9scsaba 1912 El\u0151re SE: Pavl\u00f3, Kom\u00e1romi, Borb\u00e9ly, Orvos, Pusztai (Kuzma), Cs\u00e1k, Rajsli (Ged\u00f3), Werle, Csik\u00f3s (Varga), Sztank\u00f3, B\u00edr\u00f3 (Szab\u00f3). Csere: Z\u00e1br\u00e1czki. Edz\u0151: Marik L\u00e1szl\u00f3.\u00a0<\/span><\/p>\n<p><span data-contrast=\"auto\">A b\u00e9k\u00e9scsabai g\u00e1rda az el\u0151z\u0151 fordul\u00f3ban izgalmas m\u00e9rk\u0151z\u00e9sen gy\u0151zte le az ez\u00fcst\u00e9rmes helyen \u00e1ll\u00f3 kisv\u00e1rdai riv\u00e1lis\u00e1\u00e9t, m\u00edg debreceni ellenfele magabiztos gy\u0151zelmet aratott Szegeden. A k\u00e9t riv\u00e1lis febru\u00e1rban m\u00e1r tal\u00e1lkozott egym\u00e1ssal, akkor g\u00f3ln\u00e9lk\u00fcli d\u00f6ntetlen lett a b\u00e9k\u00e9scsabai derbi v\u00e9ge. <\/span><span data-ccp-props=\"{&quot;201341983&quot;:0,&quot;335559739&quot;:160,&quot;335559740&quot;:259}\">\u00a0<\/span><\/p>\n<p><span data-contrast=\"auto\"><strong>Marik L\u00e1szl\u00f3<\/strong> a m\u00e9rk\u0151z\u00e9sr\u0151l elmondta, a hazai csapat sokkal frissebb volt egy\u00fcttes\u00e9n\u00e9l, m\u00e1r a legelej\u00e9t\u0151l nagy er\u0151ket mozg\u00f3s\u00edtott a t\u00e1mad\u00e1saihoz. Ennek ellen\u00e9re a b\u00e9k\u00e9scsabai g\u00e1rda szerezhette volna meg a vezet\u00e9st, \u00e1m a l\u00f6v\u00e9s a kapufa f\u00f6l\u00f6tt suhant el.<\/span><span data-ccp-props=\"{&quot;201341983&quot;:0,&quot;335559739&quot;:160,&quot;335559740&quot;:259}\">\u00a0<\/span><\/p>\n<p><span data-contrast=\"auto\">\u2013 Ezut\u00e1n nem sokkal egy teljesen jogtalan b\u00fcntet\u0151h\u00f6z juttatta a hazaiakat a j\u00e1t\u00e9kvezet\u0151, amit be is l\u0151ttek. A k\u00f6vetkez\u0151 p\u00e1r perceben <strong>Pavl\u00f3<\/strong> kapus v\u00e9d\u00e9sei tartott\u00e1k meccsben csapatunkat. A f\u00e9lid\u0151 v\u00e9ge fel\u00e9 egyre jobban j\u00e1tszottunk, teljesen egyenrang\u00fa ellenfelekk\u00e9 v\u00e1ltunk, amikor a 46. percben \u00e9rthetetlen m\u00f3don az asszisztens g\u00f3lt jelzett egy olyan szitu\u00e1ci\u00f3ban, amikor a labda nem volt t\u00fal a g\u00f3lvonalon. A m\u00e1sodik f\u00e9lid\u0151ben \u00f3ri\u00e1si egy\u00e9ni hib\u00e1kat v\u00e9tett\u00fcnk, amit a DVSC kegyetlen\u00fcl megb\u00fcntetett. A v\u00e9g\u00e9n t\u00f6bbsz\u00f6r is sz\u00e9p\u00edthett\u00fcnk volna, de kihagytuk a lehet\u0151s\u00e9geinket \u2013 ismertette az U19-es g\u00e1rda edz\u0151je.<\/span><span data-ccp-props=\"{&quot;201341983&quot;:0,&quot;335559739&quot;:160,&quot;335559740&quot;:259}\">\u00a0<\/span><\/p>\n<p><span data-contrast=\"auto\">A B\u00e9k\u00e9scsaba 1912 El\u0151re SE U19-es csapata a tabella hatodik hely\u00e9r\u0151l utazhat a Szeged-Csan\u00e1d Grosics Akad\u00e9mia egy\u00fcttes\u00e9hez.<\/span><span data-ccp-props=\"{&quot;201341983&quot;:0,&quot;335559739&quot;:160,&quot;335559740&quot;:259}\">\u00a0<\/span><\/p>\n<p><span data-contrast=\"auto\">\u2013 Sajnos t\u00fal sok energi\u00e1nkat em\u00e9sztette fel a Kisv\u00e1rda elleni gy\u0151zelem, az ellenfel\u00fcnk sokkal frissebb \u00e9s koncentr\u00e1ltabb volt. \u00d6sszess\u00e9g\u00e9ben teljesen meg\u00e9rdemelt a hazaiak gy\u0151zelme, de biztos nem lett volna ekkora k\u00fcl\u00f6nbs\u00e9g, ha a j\u00e1t\u00e9kvezet\u0151i csapat nem t\u00e9ved sorsd\u00f6nt\u0151en az els\u0151 f\u00e9lid\u0151ben \u2013 \u00e9rt\u00e9kelt <strong>Marik L\u00e1szl\u00f3<\/strong>.<\/span><br \/>\n<span data-ccp-props=\"{&quot;201341983&quot;:0,&quot;335559739&quot;:160,&quot;335559740&quot;:259}\">\u00a0<\/span><\/p>\n","protected":false},"excerpt":{"rendered":"<p>DVSC\u2013B\u00e9k\u00e9scsaba 1912 El\u0151re SE 5-0 (2-0)\u00a0 Az U19-es labdar\u00fag\u00f3-bajnoks\u00e1g soros fordul\u00f3j\u00e1ban a B\u00e9k\u00e9scsaba 1912 El\u0151re SE csapata DVSC egy\u00fcttes\u00e9hez utazott \u00e1prilis 22-\u00e9n. \u00a0 B\u00e9k\u00e9scsaba 1912 El\u0151re SE: Pavl\u00f3, Kom\u00e1romi, Borb\u00e9ly, Orvos, Pusztai (Kuzma), Cs\u00e1k, Rajsli (Ged\u00f3), Werle, Csik\u00f3s (Varga), Sztank\u00f3, B\u00edr\u00f3 (Szab\u00f3). Csere: Z\u00e1br\u00e1czki. Edz\u0151: Marik L\u00e1szl\u00f3.\u00a0 A b\u00e9k\u00e9scsabai g\u00e1rda az el\u0151z\u0151 fordul\u00f3ban izgalmas m\u00e9rk\u0151z\u00e9sen [&hellip;]<\/p>\n","protected":false},"author":1,"featured_media":0,"comment_status":"closed","ping_status":"closed","sticky":false,"template":"","format":"standard","meta":{"footnotes":""},"categories":[6,763,764],"tags":[],"class_list":["post-11647","post","type-post","status-publish","format-standard","hentry","category-eredmenyek","category-763","category-eredmenyek-u19"],"publishpress_future_action":{"enabled":false,"date":"2026-05-04 04:52:35","action":"change-status","newStatus":"draft","terms":[],"taxonomy":"category","extraData":[]},"publishpress_future_workflow_manual_trigger":{"enabledWorkflows":[]},"_links":{"self":[{"href":"https:\/\/bcsla.hu\/site\/wp-json\/wp\/v2\/posts\/11647","targetHints":{"allow":["GET"]}}],"collection":[{"href":"https:\/\/bcsla.hu\/site\/wp-json\/wp\/v2\/posts"}],"about":[{"href":"https:\/\/bcsla.hu\/site\/wp-json\/wp\/v2\/types\/post"}],"author":[{"embeddable":true,"href":"https:\/\/bcsla.hu\/site\/wp-json\/wp\/v2\/users\/1"}],"replies":[{"embeddable":true,"href":"https:\/\/bcsla.hu\/site\/wp-json\/wp\/v2\/comments?post=11647"}],"version-history":[{"count":1,"href":"https:\/\/bcsla.hu\/site\/wp-json\/wp\/v2\/posts\/11647\/revisions"}],"predecessor-version":[{"id":11648,"href":"https:\/\/bcsla.hu\/site\/wp-json\/wp\/v2\/posts\/11647\/revisions\/11648"}],"wp:attachment":[{"href":"https:\/\/bcsla.hu\/site\/wp-json\/wp\/v2\/media?parent=11647"}],"wp:term":[{"taxonomy":"category","embeddable":true,"href":"https:\/\/bcsla.hu\/site\/wp-json\/wp\/v2\/categories?post=11647"},{"taxonomy":"post_tag","embeddable":true,"href":"https:\/\/bcsla.hu\/site\/wp-json\/wp\/v2\/tags?post=11647"}],"curies":[{"name":"wp","href":"https:\/\/api.w.org\/{rel}","templated":true}]}}