{"id":11725,"date":"2023-05-07T17:04:27","date_gmt":"2023-05-07T15:04:27","guid":{"rendered":"https:\/\/bcsla.hu\/site\/?p=11725"},"modified":"2023-05-07T17:04:27","modified_gmt":"2023-05-07T15:04:27","slug":"tudasa-alatt-jatszott-a-fovarosban-az-u15-os-csapat","status":"publish","type":"post","link":"https:\/\/bcsla.hu\/site\/tudasa-alatt-jatszott-a-fovarosban-az-u15-os-csapat\/","title":{"rendered":"Tud\u00e1sa alatt j\u00e1tszott a f\u0151v\u00e1rosban az U15-\u00f6s csapat"},"content":{"rendered":"<p><strong>Kelen SC\u2013<span style=\"color: #800080;\">B\u00e9k\u00e9scsaba 1912 El\u0151re SE<\/span>\u00a05-0 (3-0)\u00a0<\/strong><\/p>\n<p><strong>Az U15-\u00f6s labdar\u00fag\u00f3-bajnoks\u00e1g 19. fordul\u00f3j\u00e1ban a B\u00e9k\u00e9scsaba 1912 El\u0151re SE csapata a Kelen SC egy\u00fcttes\u00e9hez utazott m\u00e1jus 7-\u00e9n.\u00a0<\/strong><\/p>\n<p><span style=\"color: #800080;\">B\u00e9k\u00e9scsaba 1912 El\u0151re SE: Kov\u00e1cs, Lyach\u00f3 , Egri, Kolarovszki Mil\u00e1n (Hoffmann), B\u00e1rnai (Szklen\u00e1r), Paulik, Koml\u00f3si, F\u00f6ldv\u00e1ri-Nagy (L\u00e1z\u00e1r), Moln\u00e1r, Aradszki (Tak\u00e1cs), Dank\u00f3. Edz\u0151: Szever\u00e9nyi P\u00e9ter.\u00a0\u00a0\u00a0<\/span><\/p>\n<p><span data-contrast=\"auto\">A vend\u00e9g g\u00e1rda a tabella k\u00f6z\u00e9pcsapatak\u00e9nt \u00e9rkezett a mez\u0151ny als\u00f3 harmad\u00e1b\u00f3l \u00e9rkez\u0151 f\u0151v\u00e1rosi riv\u00e1lis\u00e1nak otthon\u00e1ba. A k\u00e9t egy\u00fcttes \u0151sszel is tal\u00e1lkozott egym\u00e1ssal, akkor a b\u00e9k\u00e9scsabai egy\u00fcttes z\u00e1rta gy\u0151zelemmel a tal\u00e1lkoz\u00f3t. <\/span><span data-ccp-props=\"{&quot;201341983&quot;:0,&quot;335559739&quot;:160,&quot;335559740&quot;:259}\">\u00a0<\/span><\/p>\n<p><span data-contrast=\"auto\"><strong>Szever\u00e9nyi P\u00e9ter<\/strong> a m\u00e9rk\u0151z\u00e9sr\u0151l elmondta, a hazai egy\u00fcttes magasan t\u00e1madta le a b\u00e9k\u00e9scsabai g\u00e1rd\u00e1t, \u00edgy az els\u0151 30 percben nehezen\u00a0tudta kihozni a labd\u00e1t. A lila-feh\u00e9r keret sok labd\u00e1t vesz\u00edtett a saj\u00e1t t\u00e9rf\u00e9len, a kontra t\u00e1mad\u00e1saikb\u00f3l pedig h\u00e1rom g\u00f3l is sz\u00fcletett. <\/span><span data-ccp-props=\"{&quot;201341983&quot;:0,&quot;335559739&quot;:160,&quot;335559740&quot;:259}\">\u00a0<\/span><\/p>\n<p><span data-contrast=\"auto\">\u2013 Az oka, hogy csak alkalmank\u00e9nt jutottunk el az ellenf\u00e9l kapuj\u00e1ig az els\u0151 f\u00e9lid\u0151ben az volt, hogy vagy a labda n\u00e9lk\u00fcli mozg\u00e1sok nem voltak meg, vagy ahelyett, hogy 2-3 passz ut\u00e1n s\u00falypont \u00e1thelyez\u00e9ssel m\u00f6g\u00e9j\u00fck ker\u00fclt\u00fcnk volna \u2013 ami a terv\u00fcnk is volt az \u00e1tlagosan kisebb p\u00e1lya m\u00e9ret miatt \u2013 ink\u00e1bb k\u00f6r\u00fclm\u00e9nyesek voltunk. A m\u00e1sodik f\u00e9lid\u0151 els\u0151 20 perc\u00e9ben j\u00e1tszottunk \u00fagy, ahogy elv\u00e1rhat\u00f3 lett volna, b\u00e1r az ellenf\u00e9l is \u00e1tengedte a ter\u00fcletet. T\u00f6bb sz\u00e1zsz\u00e1zal\u00e9kos helyzeteket is kidolgoztunk, de ezek ma is kimaradtak \u00e9s ahogy lenni szokott, egy kontr\u00e1b\u00f3l megr\u00fagt\u00e1k az \u00f6t\u00f6dik g\u00f3lt is g\u00f3lt \u2013 ismertette.<\/span><span data-ccp-props=\"{&quot;201341983&quot;:0,&quot;335559739&quot;:160,&quot;335559740&quot;:259}\">\u00a0<\/span><\/p>\n<p><span data-contrast=\"auto\">A B\u00e9k\u00e9scsaba 1912 El\u0151re SE U15-\u00f6s csapata a k\u00f6vetkez\u0151 fordul\u00f3ban hazai p\u00e1ly\u00e1n fogadja a ZTE FC egy\u00fcttes\u00e9t.<\/span><span data-ccp-props=\"{&quot;201341983&quot;:0,&quot;335559739&quot;:160,&quot;335559740&quot;:259}\">\u00a0<\/span><\/p>\n<p><span data-contrast=\"auto\">\u2013 A m\u00e9rk\u0151z\u00e9s el\u0151tt nagyon motiv\u00e1lt volt a t\u00e1rsas\u00e1g, minden jel arra mutatott, hogy egy j\u00f3 napnak n\u00e9z\u00fcnk el\u00e9be. Ehelyett sajnos 25 perc alatt lerendezte a meccset az ellenf\u00e9l. Azt gondolom, ma sajnos t\u00f6bben \u00e1tlag alatt teljes\u00edtettek, amit nem b\u00edrt el a csapat. A feladat adott, \u00f6ssze kell r\u00e1zni a k\u00f6vetkez\u0151 m\u00e9rk\u0151z\u00e9sre a csapatot \u2013 nyilatkozta <strong>Szever\u00e9nyi P\u00e9ter<\/strong>.<\/span><span data-ccp-props=\"{&quot;201341983&quot;:0,&quot;335559739&quot;:160,&quot;335559740&quot;:259}\">\u00a0<\/span><\/p>\n","protected":false},"excerpt":{"rendered":"<p>Kelen SC\u2013B\u00e9k\u00e9scsaba 1912 El\u0151re SE\u00a05-0 (3-0)\u00a0 Az U15-\u00f6s labdar\u00fag\u00f3-bajnoks\u00e1g 19. fordul\u00f3j\u00e1ban a B\u00e9k\u00e9scsaba 1912 El\u0151re SE csapata a Kelen SC egy\u00fcttes\u00e9hez utazott m\u00e1jus 7-\u00e9n.\u00a0 B\u00e9k\u00e9scsaba 1912 El\u0151re SE: Kov\u00e1cs, Lyach\u00f3 , Egri, Kolarovszki Mil\u00e1n (Hoffmann), B\u00e1rnai (Szklen\u00e1r), Paulik, Koml\u00f3si, F\u00f6ldv\u00e1ri-Nagy (L\u00e1z\u00e1r), Moln\u00e1r, Aradszki (Tak\u00e1cs), Dank\u00f3. Edz\u0151: Szever\u00e9nyi P\u00e9ter.\u00a0\u00a0\u00a0 A vend\u00e9g g\u00e1rda a tabella k\u00f6z\u00e9pcsapatak\u00e9nt \u00e9rkezett [&hellip;]<\/p>\n","protected":false},"author":1,"featured_media":0,"comment_status":"closed","ping_status":"closed","sticky":false,"template":"","format":"standard","meta":{"footnotes":""},"categories":[6,763,769],"tags":[],"class_list":["post-11725","post","type-post","status-publish","format-standard","hentry","category-eredmenyek","category-763","category-eredmenyek-u15-20222023"],"publishpress_future_action":{"enabled":false,"date":"2026-05-07 18:36:06","action":"change-status","newStatus":"draft","terms":[],"taxonomy":"category","extraData":[]},"publishpress_future_workflow_manual_trigger":{"enabledWorkflows":[]},"_links":{"self":[{"href":"https:\/\/bcsla.hu\/site\/wp-json\/wp\/v2\/posts\/11725","targetHints":{"allow":["GET"]}}],"collection":[{"href":"https:\/\/bcsla.hu\/site\/wp-json\/wp\/v2\/posts"}],"about":[{"href":"https:\/\/bcsla.hu\/site\/wp-json\/wp\/v2\/types\/post"}],"author":[{"embeddable":true,"href":"https:\/\/bcsla.hu\/site\/wp-json\/wp\/v2\/users\/1"}],"replies":[{"embeddable":true,"href":"https:\/\/bcsla.hu\/site\/wp-json\/wp\/v2\/comments?post=11725"}],"version-history":[{"count":1,"href":"https:\/\/bcsla.hu\/site\/wp-json\/wp\/v2\/posts\/11725\/revisions"}],"predecessor-version":[{"id":11726,"href":"https:\/\/bcsla.hu\/site\/wp-json\/wp\/v2\/posts\/11725\/revisions\/11726"}],"wp:attachment":[{"href":"https:\/\/bcsla.hu\/site\/wp-json\/wp\/v2\/media?parent=11725"}],"wp:term":[{"taxonomy":"category","embeddable":true,"href":"https:\/\/bcsla.hu\/site\/wp-json\/wp\/v2\/categories?post=11725"},{"taxonomy":"post_tag","embeddable":true,"href":"https:\/\/bcsla.hu\/site\/wp-json\/wp\/v2\/tags?post=11725"}],"curies":[{"name":"wp","href":"https:\/\/api.w.org\/{rel}","templated":true}]}}