{"id":11752,"date":"2023-05-13T19:41:35","date_gmt":"2023-05-13T17:41:35","guid":{"rendered":"https:\/\/bcsla.hu\/site\/?p=11752"},"modified":"2023-05-13T19:41:35","modified_gmt":"2023-05-13T17:41:35","slug":"magabiztos-jatekkal-gyozott-hazai-palyan-az-u15-os-csapat","status":"publish","type":"post","link":"https:\/\/bcsla.hu\/site\/magabiztos-jatekkal-gyozott-hazai-palyan-az-u15-os-csapat\/","title":{"rendered":"Magabiztos j\u00e1t\u00e9kkal gy\u0151z\u00f6tt hazai p\u00e1ly\u00e1n az U15-\u00f6s csapat"},"content":{"rendered":"<p><strong><span style=\"color: #800080;\">B\u00e9k\u00e9scsaba 1912 El\u0151re SE<\/span>\u2013ZTE FC 3-0 (1-0)<\/strong><\/p>\n<p><strong>Az U15-\u00f6s labdar\u00fag\u00f3-bajnoks\u00e1g 20. fordul\u00f3j\u00e1ban a B\u00e9k\u00e9scsaba 1912 El\u0151re SE csapata a ZTE FC egy\u00fcttes\u00e9t fogadta m\u00e1jus 13-\u00e1n.\u00a0<\/strong><\/p>\n<p><span style=\"color: #800080;\">B\u00e9k\u00e9scsaba 1912 El\u0151re SE: Lyach\u00f3 , Egri, Kolarovszki Martin, Kolarovszki Mil\u00e1n (Hoffmann), Ol\u00e1h, Koml\u00f3si, Paulik (F\u00f6ldv\u00e1ri-Nagy), Moln\u00e1r, Aradszki, Dank\u00f3 (Tak\u00e1cs), Kov\u00e1cs. Csere: L\u00e1z\u00e1r. Edz\u0151: Szever\u00e9nyi P\u00e9ter \u00e9s D\u00fcrg\u0151 P\u00e9ter.\u00a0\u00a0\u00a0\u00a0<\/span><\/p>\n<p><span data-contrast=\"auto\">A hazai\u00a0g\u00e1rda a tabella k\u00f6z\u00e9pcsapatak\u00e9nt v\u00e1rta a mez\u0151ny nyolcadik helyezettjek\u00e9nt \u00e9rkez\u0151 zalaegerszegi riv\u00e1lis\u00e1t. A k\u00e9t egy\u00fcttes \u0151sszel is tal\u00e1lkozott egym\u00e1ssal, akkor a 1-1-es d\u00f6ntetlennel \u00e9rt v\u00e9get a derbi.<\/span><span data-ccp-props=\"{&quot;201341983&quot;:0,&quot;335559739&quot;:160,&quot;335559740&quot;:259}\">\u00a0<\/span><\/p>\n<p><span data-contrast=\"auto\"><strong>\u00a0Szever\u00e9nyi P\u00e9ter<\/strong>\u00a0a m\u00e9rk\u0151z\u00e9sr\u0151l elmondta, az els\u0151 f\u00e9lid\u0151ben, ahogy ism\u00e9t szinte az eg\u00e9sz m\u00e9rk\u0151z\u00e9sen, is csapata mi domin\u00e1lt, \u00edgy nagy sz\u00e1zal\u00e9kban birtokolta a labd\u00e1t. A zalaegerszegi g\u00e1rda szinte v\u00e9gig a saj\u00e1t t\u00e9rfel\u00e9n v\u00e9dekezett, emiatt pedig kontr\u00e1b\u00f3l pr\u00f3b\u00e1lt vesz\u00e9lyeztetni, amely ki nem k\u00e9nyszer\u00edtett hib\u00e1kb\u00f3l egy-k\u00e9t\u00a0alkalommal siker\u00fclt is neki.<\/span><span data-ccp-props=\"{&quot;201341983&quot;:0,&quot;335559739&quot;:160,&quot;335559740&quot;:259}\">\u00a0<\/span><\/p>\n<p><span data-contrast=\"auto\">\u2013 Tizen\u00f6t perc ut\u00e1n \u00e9rezt\u00fcnk r\u00e1 a ritmusra \u00e9s kombinat\u00edv j\u00e1t\u00e9k \u00e1ltal m\u00e1r t\u00f6bb helyzetet vagy l\u00f6v\u00e9si k\u00eds\u00e9rletet siker\u00fclt kialak\u00edtani. <strong>Koml\u00f3si<\/strong> r\u00e9v\u00e9n egy \u00e1tl\u00f6v\u00e9sb\u0151l a 36. percben siker\u00fclt is megszerezni a vezet\u00e9st. A m\u00e1sodik\u00a0f\u00e9lid\u0151ben is\u00a0t\u00fcrelmesen j\u00e1tszottunk, t\u00f6bb helyzetet is siker\u00fclt kialak\u00edtanunk, \u00fagy hogy h\u00e1tulr\u00f3l \u00e9p\u00edtett\u00fck fel a t\u00e1mad\u00e1st. Ezekb\u0151l\u00a0kett\u0151t <strong>Ol\u00e1h<\/strong> \u00e9s <strong>Koml\u00f3si<\/strong> r\u00e9v\u00e9n siker\u00fclt ber\u00fagnunk, amellyel teljesen meg\u00e9rdemelten nyert\u00fck a m\u00e9rk\u0151z\u00e9st \u2013 ismertette.<\/span><span data-ccp-props=\"{&quot;201341983&quot;:0,&quot;335559739&quot;:160,&quot;335559740&quot;:259}\">\u00a0<\/span><\/p>\n<p><span data-contrast=\"auto\">A B\u00e9k\u00e9scsaba 1912 El\u0151re SE U15-\u00f6s csapata a szezon utols\u00f3 idegenbeli m\u00e9rk\u0151z\u00e9s\u00e9n a VFC USE egy\u00fcttes\u00e9hez utazik. <\/span><span data-ccp-props=\"{&quot;201341983&quot;:0,&quot;335559739&quot;:160,&quot;335559740&quot;:259}\">\u00a0<\/span><\/p>\n<p><span data-contrast=\"auto\"> \u2013 Nagyon magabiztos, nagyon motiv\u00e1lt volt a csapat, nem lehet egy szavunk sem a sr\u00e1cokra. Ment\u00e1lisan nagyon kellett a j\u00f3 j\u00e1t\u00e9k egy\u00e9nileg \u00e9s csapatszinten is, mivel h\u00e1rom\u00a0meccs \u00f3ta g\u00f3lkeptelenek voltunk, \u00edgy nagy \u00f6nbizalommal futhatunk neki a k\u00e9t utols\u00f3 fordul\u00f3ra \u2013 nyilatkozta\u00a0<strong>Szever\u00e9nyi P\u00e9ter<\/strong>.<\/span><span data-ccp-props=\"{&quot;201341983&quot;:0,&quot;335559739&quot;:160,&quot;335559740&quot;:259}\">\u00a0<\/span><\/p>\n","protected":false},"excerpt":{"rendered":"<p>B\u00e9k\u00e9scsaba 1912 El\u0151re SE\u2013ZTE FC 3-0 (1-0) Az U15-\u00f6s labdar\u00fag\u00f3-bajnoks\u00e1g 20. fordul\u00f3j\u00e1ban a B\u00e9k\u00e9scsaba 1912 El\u0151re SE csapata a ZTE FC egy\u00fcttes\u00e9t fogadta m\u00e1jus 13-\u00e1n.\u00a0 B\u00e9k\u00e9scsaba 1912 El\u0151re SE: Lyach\u00f3 , Egri, Kolarovszki Martin, Kolarovszki Mil\u00e1n (Hoffmann), Ol\u00e1h, Koml\u00f3si, Paulik (F\u00f6ldv\u00e1ri-Nagy), Moln\u00e1r, Aradszki, Dank\u00f3 (Tak\u00e1cs), Kov\u00e1cs. Csere: L\u00e1z\u00e1r. Edz\u0151: Szever\u00e9nyi P\u00e9ter \u00e9s D\u00fcrg\u0151 P\u00e9ter.\u00a0\u00a0\u00a0\u00a0 A [&hellip;]<\/p>\n","protected":false},"author":1,"featured_media":0,"comment_status":"closed","ping_status":"closed","sticky":false,"template":"","format":"standard","meta":{"footnotes":""},"categories":[6,763,769],"tags":[],"class_list":["post-11752","post","type-post","status-publish","format-standard","hentry","category-eredmenyek","category-763","category-eredmenyek-u15-20222023"],"publishpress_future_action":{"enabled":false,"date":"2026-05-07 21:24:39","action":"change-status","newStatus":"draft","terms":[],"taxonomy":"category","extraData":[]},"publishpress_future_workflow_manual_trigger":{"enabledWorkflows":[]},"_links":{"self":[{"href":"https:\/\/bcsla.hu\/site\/wp-json\/wp\/v2\/posts\/11752","targetHints":{"allow":["GET"]}}],"collection":[{"href":"https:\/\/bcsla.hu\/site\/wp-json\/wp\/v2\/posts"}],"about":[{"href":"https:\/\/bcsla.hu\/site\/wp-json\/wp\/v2\/types\/post"}],"author":[{"embeddable":true,"href":"https:\/\/bcsla.hu\/site\/wp-json\/wp\/v2\/users\/1"}],"replies":[{"embeddable":true,"href":"https:\/\/bcsla.hu\/site\/wp-json\/wp\/v2\/comments?post=11752"}],"version-history":[{"count":1,"href":"https:\/\/bcsla.hu\/site\/wp-json\/wp\/v2\/posts\/11752\/revisions"}],"predecessor-version":[{"id":11753,"href":"https:\/\/bcsla.hu\/site\/wp-json\/wp\/v2\/posts\/11752\/revisions\/11753"}],"wp:attachment":[{"href":"https:\/\/bcsla.hu\/site\/wp-json\/wp\/v2\/media?parent=11752"}],"wp:term":[{"taxonomy":"category","embeddable":true,"href":"https:\/\/bcsla.hu\/site\/wp-json\/wp\/v2\/categories?post=11752"},{"taxonomy":"post_tag","embeddable":true,"href":"https:\/\/bcsla.hu\/site\/wp-json\/wp\/v2\/tags?post=11752"}],"curies":[{"name":"wp","href":"https:\/\/api.w.org\/{rel}","templated":true}]}}