{"id":11771,"date":"2023-05-16T12:49:55","date_gmt":"2023-05-16T10:49:55","guid":{"rendered":"https:\/\/bcsla.hu\/site\/?p=11771"},"modified":"2023-05-16T12:49:55","modified_gmt":"2023-05-16T10:49:55","slug":"bozsik-tornan-fociztak-az-u8-as-jatekosok","status":"publish","type":"post","link":"https:\/\/bcsla.hu\/site\/bozsik-tornan-fociztak-az-u8-as-jatekosok\/","title":{"rendered":"Bozsik torn\u00e1n fociztak az U8-as j\u00e1t\u00e9kosok"},"content":{"rendered":"<p><strong>A B\u00e9k\u00e9scsaba 1912 El\u0151re SE U8-as csapata a negyedik tavaszi Bozsik-fesztiv\u00e1lon l\u00e9pett p\u00e1ly\u00e1ra a 4-as Honv\u00e9d utcai komplexumban.\u00a0<\/strong><\/p>\n<p><span data-contrast=\"auto\">A koroszt\u00e1lyos lila-feh\u00e9r egy\u00fcttes 27 j\u00e1t\u00e9kossal a keretben tal\u00e1lkozott ellenfeleivel. <strong>Luk\u00e1cs L\u00e1szl\u00f3<\/strong>, az egy\u00fcttes edz\u0151je elmondta, minden j\u00e1t\u00e9kosnak volt siker\u00e9lm\u00e9nye, hiszen differenci\u00e1ltan voltak elosztva \u00e9s differenci\u00e1ltan voltak kialak\u00edtva a csapatok is.<\/span><span data-ccp-props=\"{&quot;201341983&quot;:0,&quot;335559739&quot;:160,&quot;335559740&quot;:259}\">\u00a0<\/span><\/p>\n<p><span data-contrast=\"auto\">\u2013 K\u00fcl\u00f6n \u00f6r\u00fcltem neki, hogy t\u00f6bb j\u00e1t\u00e9kosunk is szembe ker\u00fclt U9-es j\u00e1t\u00e9kosokkal. A torn\u00e1t a j\u00e1t\u00e9kosaink nagyon \u00e9lvezt\u00e9k, sok sz\u00e9p cselt, szerel\u00e9st \u00e9s megindul\u00e1st l\u00e1thattunk t\u0151l\u00fck. Szerencs\u00e9re az id\u0151 alkalmas volt a j\u00e1t\u00e9kra \u2013 \u00e9rt\u00e9kelt <strong>Luk\u00e1cs L\u00e1szl\u00f3<\/strong>.<\/span><span data-ccp-props=\"{&quot;201341983&quot;:0,&quot;335559739&quot;:160,&quot;335559740&quot;:259}\">\u00a0<\/span><\/p>\n","protected":false},"excerpt":{"rendered":"<p>A B\u00e9k\u00e9scsaba 1912 El\u0151re SE U8-as csapata a negyedik tavaszi Bozsik-fesztiv\u00e1lon l\u00e9pett p\u00e1ly\u00e1ra a 4-as Honv\u00e9d utcai komplexumban.\u00a0 A koroszt\u00e1lyos lila-feh\u00e9r egy\u00fcttes 27 j\u00e1t\u00e9kossal a keretben tal\u00e1lkozott ellenfeleivel. Luk\u00e1cs L\u00e1szl\u00f3, az egy\u00fcttes edz\u0151je elmondta, minden j\u00e1t\u00e9kosnak volt siker\u00e9lm\u00e9nye, hiszen differenci\u00e1ltan voltak elosztva \u00e9s differenci\u00e1ltan voltak kialak\u00edtva a csapatok is.\u00a0 \u2013 K\u00fcl\u00f6n \u00f6r\u00fcltem neki, hogy t\u00f6bb [&hellip;]<\/p>\n","protected":false},"author":1,"featured_media":0,"comment_status":"closed","ping_status":"closed","sticky":false,"template":"","format":"standard","meta":{"footnotes":""},"categories":[763,764],"tags":[],"class_list":["post-11771","post","type-post","status-publish","format-standard","hentry","category-763","category-eredmenyek-u19"],"publishpress_future_action":{"enabled":false,"date":"2026-05-04 04:52:51","action":"change-status","newStatus":"draft","terms":[],"taxonomy":"category","extraData":[]},"publishpress_future_workflow_manual_trigger":{"enabledWorkflows":[]},"_links":{"self":[{"href":"https:\/\/bcsla.hu\/site\/wp-json\/wp\/v2\/posts\/11771","targetHints":{"allow":["GET"]}}],"collection":[{"href":"https:\/\/bcsla.hu\/site\/wp-json\/wp\/v2\/posts"}],"about":[{"href":"https:\/\/bcsla.hu\/site\/wp-json\/wp\/v2\/types\/post"}],"author":[{"embeddable":true,"href":"https:\/\/bcsla.hu\/site\/wp-json\/wp\/v2\/users\/1"}],"replies":[{"embeddable":true,"href":"https:\/\/bcsla.hu\/site\/wp-json\/wp\/v2\/comments?post=11771"}],"version-history":[{"count":2,"href":"https:\/\/bcsla.hu\/site\/wp-json\/wp\/v2\/posts\/11771\/revisions"}],"predecessor-version":[{"id":11773,"href":"https:\/\/bcsla.hu\/site\/wp-json\/wp\/v2\/posts\/11771\/revisions\/11773"}],"wp:attachment":[{"href":"https:\/\/bcsla.hu\/site\/wp-json\/wp\/v2\/media?parent=11771"}],"wp:term":[{"taxonomy":"category","embeddable":true,"href":"https:\/\/bcsla.hu\/site\/wp-json\/wp\/v2\/categories?post=11771"},{"taxonomy":"post_tag","embeddable":true,"href":"https:\/\/bcsla.hu\/site\/wp-json\/wp\/v2\/tags?post=11771"}],"curies":[{"name":"wp","href":"https:\/\/api.w.org\/{rel}","templated":true}]}}