{"id":11792,"date":"2023-05-20T17:27:30","date_gmt":"2023-05-20T15:27:30","guid":{"rendered":"https:\/\/bcsla.hu\/site\/?p=11792"},"modified":"2023-05-20T17:27:30","modified_gmt":"2023-05-20T15:27:30","slug":"dontetlennel-zarta-utolso-idegenbeli-bajnokijat-az-u15-os-csapat","status":"publish","type":"post","link":"https:\/\/bcsla.hu\/site\/dontetlennel-zarta-utolso-idegenbeli-bajnokijat-az-u15-os-csapat\/","title":{"rendered":"D\u00f6ntetlennel z\u00e1rta utols\u00f3 idegenbeli bajnokij\u00e1t az U15-\u00f6s csapat"},"content":{"rendered":"<p><strong>VFC USE\u2013<span style=\"color: #800080;\">B\u00e9k\u00e9scsaba 1912 El\u0151re SE<\/span> 0-0 (0-0)\u00a0<\/strong><\/p>\n<p><strong>Az U15-\u00f6s labdar\u00fag\u00f3-bajnoks\u00e1g 21. fordul\u00f3j\u00e1ban a B\u00e9k\u00e9scsaba 1912 El\u0151re SE csapata a VFC USE egy\u00fcttes\u00e9hez utazott m\u00e1jus 20-\u00e1n.\u00a0<\/strong><\/p>\n<p><span style=\"color: #800080;\">B\u00e9k\u00e9scsaba 1912 El\u0151re SE: Kov\u00e1cs, Lyach\u00f3, (Hoffmann), Egri, B\u00e1rnai (Szklen\u00e1r), Kolarovszki Martin, Kolarovszki Mil\u00e1n, Benyovszki, L\u00e1z\u00e1r (F\u00f6ldv\u00e1ri-Nagy), Koml\u00f3si, Pauli (Dank\u00f3), Moln\u00e1r. Edz\u0151: Szever\u00e9nyi P\u00e9ter \u00e9s D\u00fcrg\u0151 P\u00e9ter.\u00a0\u00a0\u00a0\u00a0\u00a0<\/span><\/p>\n<p><span data-contrast=\"auto\">A hazai\u00a0g\u00e1rda az el\u0151z\u0151 fordul\u00f3ban hazai p\u00e1ly\u00e1n 3-0-s ar\u00e1nyban legy\u0151zte zalegerszegi ellenfel\u00e9t, m\u00edg aktu\u00e1lis riv\u00e1lisa d\u00f6ntetlen j\u00e1tszott Kecskem\u00e9ti ar\u00e9n\u00e1ban. A g\u00e1rda b\u00e9k\u00e9scsab\u00e1n is tal\u00e1lkozott egym\u00e1ssal, akkor 1-0-s lila-feh\u00e9r gy\u0151zelem sz\u00fcletett.<\/span><span data-ccp-props=\"{&quot;201341983&quot;:0,&quot;335559739&quot;:160,&quot;335559740&quot;:259}\">\u00a0<\/span><\/p>\n<p><span data-contrast=\"auto\"><strong>Szever\u00e9nyi P\u00e9ter<\/strong>\u00a0a m\u00e9rk\u0151z\u00e9sr\u0151l elmondta, nagyon nagy melegben kellett a csapatoknak j\u00e1tszania a tal\u00e1lkoz\u00f3t, a m\u0171f\u00fcves p\u00e1lya pedig extr\u00e9mm\u00e9 tette h\u0151s\u00e9get a feleknek.<\/span><span data-ccp-props=\"{&quot;201341983&quot;:0,&quot;335559739&quot;:160,&quot;335559740&quot;:259}\">\u00a0<\/span><\/p>\n<p><span data-contrast=\"auto\">\u2013 Az els\u0151 f\u00e9lid\u0151ben a Veszpr\u00e9mnek \u00e1tengedt\u00fck a ter\u00fclet, a k\u00f6z\u00e9ps\u0151 z\u00f3n\u00e1ban h\u00faztuk meg a v\u00e9dekez\u00e9s\u00fcnket. A terv az volt, hogy kompakt v\u00e9dekez\u00e9sb\u0151l labdaszerz\u00e9s ut\u00e1n j\u00e1tsszuk meg a gyors t\u00e1mad\u00f3inkat. Ez sajnos az els\u0151 f\u00e9lid\u0151ben nem igaz\u00e1n siker\u00fclt. Ennek okai legf\u0151k\u00e9ppen a frissess\u00e9g hi\u00e1nya volt, de az \u00fcres ter\u00fcleteket sem futottuk meg kell\u0151k\u00e9ppen. Ebben a f\u00e9lid\u0151ben az ellenf\u00e9lnek t\u00f6bb helyzete is ad\u00f3dott viszont <strong>Kov\u00e1cs<\/strong> kapus mindig tudott h\u00e1r\u00edtani \u2013 ismertette.<\/span><span data-ccp-props=\"{&quot;201341983&quot;:0,&quot;335559739&quot;:160,&quot;335559740&quot;:259}\">\u00a0<\/span><\/p>\n<p><span data-contrast=\"auto\">A m\u00e1sodik f\u00e9lid\u0151ben m\u00e1r a b\u00e9k\u00e9scsabai egy\u00fcttes domin\u00e1lt, t\u00f6bb sz\u00e1zsz\u00e1zal\u00e9kos ziccert is kidolgozott, \u00e1m a mai napon a lila-feh\u00e9r alakulatnak nem siker\u00fclt a kapuba tal\u00e1lnia.\u00a0<\/span><span data-ccp-props=\"{&quot;201341983&quot;:0,&quot;335559739&quot;:160,&quot;335559740&quot;:259}\">\u00a0<\/span><\/p>\n<p><span data-contrast=\"auto\">A B\u00e9k\u00e9scsaba 1912 El\u0151re SE U15-\u00f6s csapata hazai p\u00e1ly\u00e1n z\u00e1rja a bajnoks\u00e1got, amikor is a Szegd-Grosics Akad\u00e9mia koroszt\u00e1lyos g\u00e1rd\u00e1j\u00e1t l\u00e1tja vend\u00e9g\u00fcl.<\/span><span data-ccp-props=\"{&quot;201341983&quot;:0,&quot;335559739&quot;:160,&quot;335559740&quot;:259}\">\u00a0<\/span><\/p>\n<p><span data-contrast=\"auto\">\u2013 A nagy meleg \u00e9s a m\u0171f\u0171 r\u00e1nyomta a b\u00e9lyeg\u00e9t az iramra. Az els\u0151 f\u00e9lid\u0151ben a sr\u00e1cok\u00a0a buszon maradtak, ami a hossz\u00fa \u00fat miatt \u00e9rthet\u0151 is egy kicsit. Viszont a m\u00e1sodik f\u00e9lid\u0151re meg\u00e9rkezt\u00fcnk \u00e9s \u00fagy \u00e9rzem j\u00e1t\u00e9kban fel\u00fcl m\u00faltuk ellenfel\u00fcnket. Az eredm\u00e9ny igazs\u00e1gos a k\u00e9t ellent\u00e9tes f\u00e9lid\u0151 miatt \u2013 \u00e9rt\u00e9kelt <strong>Szever\u00e9nyi P\u00e9ter<\/strong>.<\/span><span data-ccp-props=\"{&quot;201341983&quot;:0,&quot;335559739&quot;:160,&quot;335559740&quot;:259}\">\u00a0<\/span><\/p>\n","protected":false},"excerpt":{"rendered":"<p>VFC USE\u2013B\u00e9k\u00e9scsaba 1912 El\u0151re SE 0-0 (0-0)\u00a0 Az U15-\u00f6s labdar\u00fag\u00f3-bajnoks\u00e1g 21. fordul\u00f3j\u00e1ban a B\u00e9k\u00e9scsaba 1912 El\u0151re SE csapata a VFC USE egy\u00fcttes\u00e9hez utazott m\u00e1jus 20-\u00e1n.\u00a0 B\u00e9k\u00e9scsaba 1912 El\u0151re SE: Kov\u00e1cs, Lyach\u00f3, (Hoffmann), Egri, B\u00e1rnai (Szklen\u00e1r), Kolarovszki Martin, Kolarovszki Mil\u00e1n, Benyovszki, L\u00e1z\u00e1r (F\u00f6ldv\u00e1ri-Nagy), Koml\u00f3si, Pauli (Dank\u00f3), Moln\u00e1r. Edz\u0151: Szever\u00e9nyi P\u00e9ter \u00e9s D\u00fcrg\u0151 P\u00e9ter.\u00a0\u00a0\u00a0\u00a0\u00a0 A hazai\u00a0g\u00e1rda az [&hellip;]<\/p>\n","protected":false},"author":1,"featured_media":0,"comment_status":"closed","ping_status":"closed","sticky":false,"template":"","format":"standard","meta":{"footnotes":""},"categories":[6,763,769],"tags":[],"class_list":["post-11792","post","type-post","status-publish","format-standard","hentry","category-eredmenyek","category-763","category-eredmenyek-u15-20222023"],"publishpress_future_action":{"enabled":false,"date":"2026-05-09 10:30:41","action":"change-status","newStatus":"draft","terms":[],"taxonomy":"category","extraData":[]},"publishpress_future_workflow_manual_trigger":{"enabledWorkflows":[]},"_links":{"self":[{"href":"https:\/\/bcsla.hu\/site\/wp-json\/wp\/v2\/posts\/11792","targetHints":{"allow":["GET"]}}],"collection":[{"href":"https:\/\/bcsla.hu\/site\/wp-json\/wp\/v2\/posts"}],"about":[{"href":"https:\/\/bcsla.hu\/site\/wp-json\/wp\/v2\/types\/post"}],"author":[{"embeddable":true,"href":"https:\/\/bcsla.hu\/site\/wp-json\/wp\/v2\/users\/1"}],"replies":[{"embeddable":true,"href":"https:\/\/bcsla.hu\/site\/wp-json\/wp\/v2\/comments?post=11792"}],"version-history":[{"count":1,"href":"https:\/\/bcsla.hu\/site\/wp-json\/wp\/v2\/posts\/11792\/revisions"}],"predecessor-version":[{"id":11793,"href":"https:\/\/bcsla.hu\/site\/wp-json\/wp\/v2\/posts\/11792\/revisions\/11793"}],"wp:attachment":[{"href":"https:\/\/bcsla.hu\/site\/wp-json\/wp\/v2\/media?parent=11792"}],"wp:term":[{"taxonomy":"category","embeddable":true,"href":"https:\/\/bcsla.hu\/site\/wp-json\/wp\/v2\/categories?post=11792"},{"taxonomy":"post_tag","embeddable":true,"href":"https:\/\/bcsla.hu\/site\/wp-json\/wp\/v2\/tags?post=11792"}],"curies":[{"name":"wp","href":"https:\/\/api.w.org\/{rel}","templated":true}]}}