{"id":11851,"date":"2023-06-04T16:19:25","date_gmt":"2023-06-04T14:19:25","guid":{"rendered":"https:\/\/bcsla.hu\/site\/?p=11851"},"modified":"2023-06-04T16:19:25","modified_gmt":"2023-06-04T14:19:25","slug":"gyozelemmel-zarta-a-szezont-az-u19-es-egyuttes","status":"publish","type":"post","link":"https:\/\/bcsla.hu\/site\/gyozelemmel-zarta-a-szezont-az-u19-es-egyuttes\/","title":{"rendered":"Gy\u0151zelemmel z\u00e1rta a szezont az U19-es egy\u00fcttes"},"content":{"rendered":"<p><strong><span style=\"color: #800080;\">B\u00e9k\u00e9scsaba 1912 El\u0151re SE<\/span>\u2013DVTK\u00a01-0 (1-0)\u00a0\u00a0<\/strong><\/p>\n<p><strong>Az U19-es labdar\u00fag\u00f3-bajnoks\u00e1g 14.\u00a0fordul\u00f3j\u00e1ban a B\u00e9k\u00e9scsaba 1912 El\u0151re SE csapata DVTK egy\u00fcttes\u00e9t l\u00e1tta vend\u00e9g\u00fcl j\u00fanius 3-\u00e1n. A koroszt\u00e1lyos g\u00e1rda a szezon utols\u00f3 m\u00e9rk\u0151z\u00e9s\u00e9t j\u00e1tszotta a 4-as Honv\u00e9d utcai komplexumban.\u00a0<\/strong><\/p>\n<p><img fetchpriority=\"high\" decoding=\"async\" class=\"alignnone wp-image-11854\" src=\"https:\/\/bcsla.hu\/site\/wp-content\/uploads\/2023\/06\/351106531_769930308115621_6292450924370688044_n.jpg\" alt=\"\" width=\"598\" height=\"400\" \/><\/p>\n<p><span style=\"color: #800080;\">B\u00e9k\u00e9scsaba 1912 El\u0151re SE: Pavl\u00f3, Kom\u00e1romi, Bacsa, Varga (Sztank\u00f3), Borb\u00e9ly (Ged\u00f3), Kuzma, Cs\u00e1k, Rajsli (Csik\u00f3s), Marik, Harmati (Pusztai), M\u00e1gocsi (Ily\u00e9s). Csere: Z\u00e1br\u00e1czki \u00e9s Szab\u00f3. Edz\u0151: Marik L\u00e1szl\u00f3.\u00a0\u00a0<\/span><\/p>\n<p><span data-contrast=\"auto\">A b\u00e9k\u00e9scsabai g\u00e1rda az el\u0151z\u0151 fordul\u00f3ban d\u00f6ntetlent j\u00e1tszott a Bene Ferenc Labdar\u00fag\u00f3 Akad\u00e9mia ellen, m\u00edg di\u00f3sgy\u0151ri ellenfele hazai p\u00e1ly\u00e1n gy\u0151zte le a MOL Feh\u00e9rv\u00e1r FC egy\u00fcttes\u00e9t. A k\u00e9t riv\u00e1lis \u00e1prilisban m\u00e1r tal\u00e1lkozott egym\u00e1ssal, akkor 5-2-es DVTK gy\u0151zelem sz\u00fcletett.<\/span><span data-ccp-props=\"{&quot;201341983&quot;:0,&quot;335559739&quot;:160,&quot;335559740&quot;:259}\">\u00a0<\/span><\/p>\n<p><span data-contrast=\"auto\">A hazai g\u00e1rda kiv\u00e1l\u00f3an kezdte a m\u00e9rk\u0151z\u00e9st, azonnal mag\u00e1hoz ragadta a j\u00e1t\u00e9k ir\u00e1ny\u00edt\u00e1s\u00e1t. A hazai szurkol\u00f3k m\u00e1r a tal\u00e1lkoz\u00f3 elej\u00e9n felpattanhattak a sz\u00e9kekb\u0151l, amikor az \u00f6t\u00f6dik percben <strong>Marik<\/strong> sz\u00e9p passz\u00e1t <strong>Rasjli<\/strong> juttatta a vend\u00e9gcsapat h\u00e1l\u00f3j\u00e1ba. \u00a0<\/span><span data-ccp-props=\"{&quot;201341983&quot;:0,&quot;335559739&quot;:160,&quot;335559740&quot;:259}\">\u00a0<\/span><\/p>\n<p><span data-contrast=\"auto\">\u2013 Ezt k\u00f6vet\u0151en a vend\u00e9gek pr\u00f3b\u00e1ltak t\u00e1madni, \u00e1m a megszerzett labd\u00e1kb\u00f3l mi vezett\u00fcnk vesz\u00e9lyes ellent\u00e1mad\u00e1sokat, de \u00fajabb g\u00f3lt nem siker\u00fclt szerezn\u00fcnk. A m\u00e1sodik f\u00e9lid\u0151ben is hasonl\u00f3 volt a forgat\u00f3k\u00f6nyv, de sokkal t\u00f6bb nagy helyzettel. A vend\u00e9geknek volt egy ziccere, l\u0151ttek egy kapuf\u00e1t szabadr\u00fag\u00e1sb\u00f3l, m\u00edg nek\u00fcnk h\u00e1rom\u00a0ziccer\u00fcnk volt. Emellett l\u0151tt\u00fcnk egy teljesen szab\u00e1lyos g\u00f3lt, amit t\u00e9vesen les c\u00edm\u00e9n visszavont a j\u00e1t\u00e9kvezet\u0151 \u00e9s elmaradt k\u00e9t tizenegyes es is a javunkra \u2013 ismertette <strong>Marik L\u00e1szl\u00f3<\/strong>.<\/span><span data-ccp-props=\"{&quot;201341983&quot;:0,&quot;335559739&quot;:160,&quot;335559740&quot;:259}\">\u00a0<\/span><\/p>\n<p><span data-contrast=\"auto\">A B\u00e9k\u00e9scsaba 1912 El\u0151re SE az U19-es bajnoks\u00e1g B csoportj\u00e1nak hatodik hely\u00e9n fejezte be a 2020\/2023-as szezont.<\/span><span data-ccp-props=\"{&quot;201341983&quot;:0,&quot;335559739&quot;:160,&quot;335559740&quot;:259}\">\u00a0<\/span><\/p>\n<p><span data-contrast=\"auto\">\u2013 A szezon utols\u00f3 m\u00e9rk\u0151z\u00e9s\u00e9re m\u00e9g mindenki \u00f6sszeszedte mag\u00e1t \u00e9s beleadott mindent. Nagy k\u00fczdelem volt a p\u00e1ly\u00e1n, igaz, hogy a DVTK t\u00f6bbet birtokolta a labd\u00e1t, de nek\u00fcnk volt t\u00f6bb tiszta helyzet\u00fcnk, \u00edgy \u00f6sszess\u00e9g\u00e9ben meg\u00e9rdemelt\u00fck a gy\u0151zelmet. Gratul\u00e1lok minden j\u00e1t\u00e9kosomnak \u00e9s k\u00f6sz\u00f6n\u00f6m a b\u00facs\u00faz\u00f3knak az elm\u00falt \u00e9veket \u2013 \u00e9rt\u00e9kelt <strong>Marik L\u00e1szl\u00f3<\/strong>.<\/span><span data-ccp-props=\"{&quot;201341983&quot;:0,&quot;335559739&quot;:160,&quot;335559740&quot;:259}\">\u00a0<\/span><\/p>\n","protected":false},"excerpt":{"rendered":"<p>B\u00e9k\u00e9scsaba 1912 El\u0151re SE\u2013DVTK\u00a01-0 (1-0)\u00a0\u00a0 Az U19-es labdar\u00fag\u00f3-bajnoks\u00e1g 14.\u00a0fordul\u00f3j\u00e1ban a B\u00e9k\u00e9scsaba 1912 El\u0151re SE csapata DVTK egy\u00fcttes\u00e9t l\u00e1tta vend\u00e9g\u00fcl j\u00fanius 3-\u00e1n. A koroszt\u00e1lyos g\u00e1rda a szezon utols\u00f3 m\u00e9rk\u0151z\u00e9s\u00e9t j\u00e1tszotta a 4-as Honv\u00e9d utcai komplexumban.\u00a0 B\u00e9k\u00e9scsaba 1912 El\u0151re SE: Pavl\u00f3, Kom\u00e1romi, Bacsa, Varga (Sztank\u00f3), Borb\u00e9ly (Ged\u00f3), Kuzma, Cs\u00e1k, Rajsli (Csik\u00f3s), Marik, Harmati (Pusztai), M\u00e1gocsi (Ily\u00e9s). Csere: [&hellip;]<\/p>\n","protected":false},"author":1,"featured_media":0,"comment_status":"closed","ping_status":"closed","sticky":false,"template":"","format":"standard","meta":{"footnotes":""},"categories":[6,763,764],"tags":[],"class_list":["post-11851","post","type-post","status-publish","format-standard","hentry","category-eredmenyek","category-763","category-eredmenyek-u19"],"publishpress_future_action":{"enabled":false,"date":"2026-05-04 04:48:42","action":"change-status","newStatus":"draft","terms":[],"taxonomy":"category","extraData":[]},"publishpress_future_workflow_manual_trigger":{"enabledWorkflows":[]},"_links":{"self":[{"href":"https:\/\/bcsla.hu\/site\/wp-json\/wp\/v2\/posts\/11851","targetHints":{"allow":["GET"]}}],"collection":[{"href":"https:\/\/bcsla.hu\/site\/wp-json\/wp\/v2\/posts"}],"about":[{"href":"https:\/\/bcsla.hu\/site\/wp-json\/wp\/v2\/types\/post"}],"author":[{"embeddable":true,"href":"https:\/\/bcsla.hu\/site\/wp-json\/wp\/v2\/users\/1"}],"replies":[{"embeddable":true,"href":"https:\/\/bcsla.hu\/site\/wp-json\/wp\/v2\/comments?post=11851"}],"version-history":[{"count":4,"href":"https:\/\/bcsla.hu\/site\/wp-json\/wp\/v2\/posts\/11851\/revisions"}],"predecessor-version":[{"id":11858,"href":"https:\/\/bcsla.hu\/site\/wp-json\/wp\/v2\/posts\/11851\/revisions\/11858"}],"wp:attachment":[{"href":"https:\/\/bcsla.hu\/site\/wp-json\/wp\/v2\/media?parent=11851"}],"wp:term":[{"taxonomy":"category","embeddable":true,"href":"https:\/\/bcsla.hu\/site\/wp-json\/wp\/v2\/categories?post=11851"},{"taxonomy":"post_tag","embeddable":true,"href":"https:\/\/bcsla.hu\/site\/wp-json\/wp\/v2\/tags?post=11851"}],"curies":[{"name":"wp","href":"https:\/\/api.w.org\/{rel}","templated":true}]}}