{"id":12677,"date":"2024-01-02T12:09:23","date_gmt":"2024-01-02T11:09:23","guid":{"rendered":"https:\/\/bcsla.hu\/site\/?p=12677"},"modified":"2024-01-02T12:10:39","modified_gmt":"2024-01-02T11:10:39","slug":"evzaro-interju-dr-kovacs-mihaly-egyesuleti-elnokkel","status":"publish","type":"post","link":"https:\/\/bcsla.hu\/site\/evzaro-interju-dr-kovacs-mihaly-egyesuleti-elnokkel\/","title":{"rendered":"\u00c9vz\u00e1r\u00f3 interj\u00fa dr. Kov\u00e1cs Mih\u00e1ly egyes\u00fcleti eln\u00f6kkel"},"content":{"rendered":"<p><b><span data-contrast=\"auto\">A 2023-as \u00e9v v\u00e9g\u00e9n el\u00e9rkezett az \u00f6sszegz\u00e9s ideje. Dr. Kov\u00e1cs Mih\u00e1lyt, a B\u00e9k\u00e9scsaba Labdar\u00fag\u00f3 Akad\u00e9mia eln\u00f6k\u00e9t megk\u00e9rt\u00fck, \u00e9rt\u00e9kelje az elm\u00falt esztend\u0151t, emellett pedig ismertesse a j\u00f6v\u0151 \u00e9v terveit. <\/span><\/b><span data-ccp-props=\"{&quot;201341983&quot;:0,&quot;335559739&quot;:160,&quot;335559740&quot;:259}\">\u00a0<\/span><\/p>\n<p><b><span data-contrast=\"auto\">Neh\u00e9z, kih\u00edv\u00e1sokkal teli, de egy \u00fajabb sikeres \u00e9v \u00e1ll az egyes\u00fclet m\u00f6g\u00f6tt \u2013 kezdte \u00e9rt\u00e9kel\u0151j\u00e9t Dr. Kov\u00e1cs Mih\u00e1ly.<\/span><\/b><span data-ccp-props=\"{&quot;201341983&quot;:0,&quot;335559739&quot;:160,&quot;335559740&quot;:259}\">\u00a0<\/span><\/p>\n<p><span data-contrast=\"auto\">\u2013 Az akad\u00e9mia szakmai \u00e9let\u00e9ben t\u00f6bb v\u00e1ltoz\u00e1s is t\u00f6rt\u00e9nt. Az \u00e9v elej\u00e9n a szakmai munka eddigi ir\u00e1ny\u00edt\u00f3j\u00e1t, <strong>Jakab P\u00e9tert<\/strong> a feln\u0151tt csapat vezet\u0151s\u00e9ge kinevezte vezet\u0151edz\u0151nek m\u00e1sodik sz\u00e1m\u00fa csapat\u00e1hoz, ahol legfontosabb feladata, hogy az ut\u00e1np\u00f3tl\u00e1s j\u00e1t\u00e9kosok feln\u0151tt csapatba val\u00f3 \u00e1tmenet\u00e9t el\u0151seg\u00edtse. Munk\u00e1ja akad\u00e9mi\u00e1nk szempontj\u00e1b\u00f3l is fontos, hiszen sz\u00e1munkra kiemelt c\u00e9l a saj\u00e1t nevel\u00e9s\u0171 j\u00e1t\u00e9kosok felfel\u00e9 \u00e1ramoltat\u00e1sa a feln\u0151tt csapat ir\u00e1ny\u00e1ba. <strong>Csat\u00f3 S\u00e1ndor<\/strong> keret\u00e9ben jelenleg 52% a saj\u00e1t nevel\u00e9s\u0171 j\u00e1t\u00e9kosok ar\u00e1nya, akik 29% j\u00e1t\u00e9kpercet kaptak a szakvezet\u0151t\u0151l. A c\u00e9l term\u00e9szetesen, hogy mindk\u00e9t ar\u00e1ny n\u00f6vekedjen. <\/span><span data-ccp-props=\"{&quot;201341983&quot;:0,&quot;335559739&quot;:160,&quot;335559740&quot;:259}\">\u00a0<\/span><\/p>\n<p><span data-contrast=\"auto\">\u00c9v elej\u00e9n szakmai vezet\u0151nek az eddig is akad\u00e9mi\u00e1nkon dolgoz\u00f3 <strong>Szekeres Lajost<\/strong> k\u00e9rt\u00fck fel. Az \u00faj vezet\u0151 munk\u00e1ba \u00e1ll\u00e1s\u00e1val folytat\u00f3dik a szakmai munka fejleszt\u00e9se. Lajost\u00f3l azt v\u00e1rjuk, hogy egyr\u00e9szt menjen tov\u00e1bb az eddig megkezdett \u00faton, m\u00e1sr\u00e9szt, tov\u00e1bb er\u0151s\u00edtse, \u00e9p\u00edtse akad\u00e9mi\u00e1nkat.<\/span><span data-ccp-props=\"{&quot;201341983&quot;:0,&quot;335559739&quot;:160,&quot;335559740&quot;:259}\">\u00a0<\/span><\/p>\n<p><b><span data-contrast=\"auto\">\u00a0Az idei \u00e9vben az akad\u00e9mia \u00faj alapokra helyzete kommunik\u00e1ci\u00f3s- \u00e9s marketing tev\u00e9kenys\u00e9g\u00e9t.<\/span><\/b><span data-ccp-props=\"{&quot;201341983&quot;:0,&quot;335559739&quot;:160,&quot;335559740&quot;:259}\">\u00a0<\/span><\/p>\n<p><span data-contrast=\"auto\">\u2013 Igen, az akad\u00e9mia az idei \u00e9vben a kommunik\u00e1ci\u00f3s tev\u00e9kenys\u00e9g\u00e9n is v\u00e1ltoztatni szeretett volna, hiszen a megye legnagyobb ut\u00e1np\u00f3tl\u00e1snevel\u0151jek\u00e9nt fontos, hogy megfelel\u0151en integr\u00e1l\u00f3djunk \u00e9s jelenj\u00fcnk meg a helyi t\u00e1rsadalomban. Els\u0151 l\u00e9p\u00e9sben munkat\u00e1rsaim kidolgozt\u00e1k a klub t\u00e1rsadalmi cselekv\u00e9si terv\u00e9t, amely \u00fatt\u00f6r\u0151 jelleggel, p\u00e9ldamutat\u00f3an foglalja \u00f6ssze az egyes\u00fclet kommunik\u00e1ci\u00f3s feladatait. A cselekv\u00e9si terv h\u00e1rom pill\u00e9rre \u00e9p\u00fcl, amelyben fontos szerepet kap a prevenci\u00f3, a t\u00e1rsadalmi szerepv\u00e1llal\u00e1s \u00e9s a t\u00e1rsadalmi meg\u00edt\u00e9l\u00e9s is. A kommunik\u00e1ci\u00f3s feladataink a csapatok eredm\u00e9nyeinek \u00e9s \u00e9let\u00e9nek bemutat\u00e1s\u00e1n t\u00fal, az egyes vil\u00e1gnapokhoz k\u00f6thet\u0151 esem\u00e9nyek szervez\u00e9s\u00e9vel, bemutat\u00e1s\u00e1val eg\u00e9sz\u00fcltek ki. Annak \u00e9rdek\u00e9ben, hogy ezek t\u00e1rsadalmi ismerts\u00e9g\u00e9t, elfogadotts\u00e1g\u00e1t n\u00f6velj\u00fck. A feladatok min\u00e9l jobb megval\u00f3s\u00edt\u00e1s\u00e1hoz az akad\u00e9mia partnereket is keresett, \u00edgy sz\u00e1mos egy\u00fcttm\u0171k\u00f6d\u00e9si meg\u00e1llapod\u00e1st \u00edrtunk m\u00e1r al\u00e1, kiemelt partner\u00fcnk a B\u00e9k\u00e9scsabai Rend\u0151rkapit\u00e1nys\u00e1g. Az \u00e9v utols\u00f3 napjaiban pedig az a megtisztel\u0151 felk\u00e9r\u00e9s \u00e9rkezett hozz\u00e1nk, hogy az Akad\u00e9mia legyen az Egysz\u00fcl\u0151s K\u00f6zpont kar\u00e1csonyi j\u00f3t\u00e9konys\u00e1gi programj\u00e1nak szeretetnagyk\u00f6vete. E program keretein bel\u00fcl olyan egyes\u00fcletekhez tudtunk csatlakozni a t\u00e9rs\u00e9gben egyed\u00fcl\u00e1ll\u00f3 m\u00f3don, mint a Pick Szeged k\u00e9zilabda, a PVSK kos\u00e1rlabda vagy a DVSC labdar\u00fag\u00f3 egyes\u00fclete.<\/span><span data-ccp-props=\"{&quot;201341983&quot;:0,&quot;335559739&quot;:160,&quot;335559740&quot;:259}\">\u00a0<\/span><\/p>\n<p><b><span data-contrast=\"auto\">\u00a0A B\u00e9k\u00e9scsaba Labdar\u00fag\u00f3 Akad\u00e9mia ebben az \u00e9vben ism\u00e9t egy komoly vizsg\u00e1lat al\u00e1 esett, hiszen az MLSZ szab\u00e1lyos id\u0151k\u00f6z\u00f6nk\u00e9nt egy nemzetk\u00f6zi c\u00e9ggel audit\u00e1ltatja az egyes\u00fcleteket. <\/span><\/b><span data-ccp-props=\"{&quot;201341983&quot;:0,&quot;335559739&quot;:160,&quot;335559740&quot;:259}\">\u00a0<\/span><\/p>\n<p><span data-contrast=\"auto\">\u2013 Sz\u00e1munkra ez m\u00e1r a negyedik audit volt, amelyet a Double Pass nev\u0171 belga c\u00e9g v\u00e9gzett el. A vizsg\u00e1lati folyamat els\u0151 r\u00e9sz\u00e9ben a min\u0151s\u00e9gbiztos\u00edt\u00e1si c\u00e9g megnyitotta azt a fel\u00fcletet, amelyen kereszt\u00fcl a B\u00e9k\u00e9scsaba Labdar\u00fag\u00f3 Akad\u00e9mia szakemberei felt\u00f6lthett\u00e9k a t\u00f6bb pontb\u00f3l \u00e1ll\u00f3 \u00e9rt\u00e9kel\u00e9si rendszerhez tartoz\u00f3 iratokat \u00e9s dokumentumokat, amely v\u00e9g\u00fcl t\u00f6bb mint 400 dokumentumot jelentett. Az ellen\u0151rz\u0151 \u00e9s vizsg\u00e1lati munk\u00e1t v\u00e9gz\u0151 min\u0151s\u00e9gbiztos\u00edt\u00e1si c\u00e9g szakemberei k\u00e9s\u0151bb szem\u00e9lyesen is megtekintett\u00e9k az ut\u00e1np\u00f3tl\u00e1s centrumot, ahol a szakmai munk\u00e1t is g\u00f3rcs\u0151 al\u00e1 vett\u00e9k. Egyr\u00e9szt az Akad\u00e9mia szakembereivel, vezet\u0151ivel k\u00e9sz\u00edtettek szem\u00e9lyes interj\u00fat, illetve a gyakorlati munka ellen\u0151rz\u00e9se sor\u00e1n az U12-es \u00e9s U13-es egy\u00fcttesek edz\u00e9seit figyelt\u00e9k \u00e1rgus szemekkel.\u00a0 Az audit sor\u00e1n 15 f\u0151 (szakmai) szempont szerint vizsg\u00e1lj\u00e1k az egyes\u00fcleteket, tov\u00e1bb\u00e1 az akad\u00e9mia infrastruktur\u00e1lis, szervezeti, k\u00e9pz\u00e9si \u00e9s hum\u00e1n er\u0151forr\u00e1s felt\u00e9teleit is elemezt\u00e9k.<\/span><span data-ccp-props=\"{&quot;201341983&quot;:0,&quot;335559739&quot;:160,&quot;335559740&quot;:259}\">\u00a0<\/span><\/p>\n<p><b><span data-contrast=\"auto\">Az akad\u00e9mia sz\u00e1m\u00e1ra els\u0151 sz\u00e1m\u00fa c\u00e9l, hogy kiv\u00e1l\u00f3 labdar\u00fag\u00f3kat neveljen a magyar labdar\u00fag\u00e1s sz\u00e1m\u00e1ra. Az akad\u00e9mia ennek jegy\u00e9ben k\u00fcldi p\u00e1ly\u00e1ra csapatait, amelyek a legkisebb koroszt\u00e1lyokt\u00f3l kezdve h\u00e9tr\u0151l-h\u00e9tre a honi futball legjobbjaival tal\u00e1lkoznak. <\/span><\/b><span data-ccp-props=\"{&quot;201341983&quot;:0,&quot;335559739&quot;:160,&quot;335559740&quot;:259}\">\u00a0<\/span><\/p>\n<p><span data-contrast=\"auto\">\u2013 \u00cdgy van, pontosan. Akad\u00e9mi\u00e1nknak is fontos az eredm\u00e9nyess\u00e9g, hiszen az ut\u00e1np\u00f3tl\u00e1s nevel\u0151 egyes\u00fcleteket produktivit\u00e1suk alapj\u00e1n rangsorolja az MLSZ, \u00e9s ez alapj\u00e1n finansz\u00edrozza \u0151ket. A produktivit\u00e1s rendszer\u00e9ben mindig az el\u0151z\u0151 h\u00e1rom \u00e9v eredm\u00e9nyeit \u00e9rt\u00e9keli a sz\u00f6vets\u00e9g, m\u00e9gpedig azt vizsg\u00e1lj\u00e1k, hogy az egyes\u00fcletn\u00e9l 7-t\u0151l 14 \u00e9ves korig nevelked\u0151 gyerekek azt\u00e1n fiatalk\u00e9nt (U14-U19-es bajnoks\u00e1gokban) h\u00e1ny j\u00e1t\u00e9kpercet j\u00e1tszanak a k\u00fcl\u00f6nb\u00f6z\u0151 bajnoks\u00e1gokban. Ebben a rendszerben 952 egyes\u00fclet van (teh\u00e1t ennyi egyes\u00fclet foglalkozik ma labdar\u00fag\u00f3 ut\u00e1np\u00f3tl\u00e1s nevel\u00e9ssel Magyarorsz\u00e1gon), benne a kiemelt akad\u00e9mi\u00e1k is. Voltunk m\u00e1r m\u00e1sodikak is, jelenleg a 7. helyen \u00e1llunk, azaz ak\u00e1r a produktivit\u00e1s, ak\u00e1r a Double Pass \u00e9rt\u00e9kel\u00e9st n\u00e9zem, mindenk\u00e9pp top 10-15-\u00f6s Akad\u00e9mia vagyunk ma Magyarorsz\u00e1gon. Ez teh\u00e1t az er\u0151ss\u00e9g\u00fcnk, ezekben a koroszt\u00e1lyokban mind mennyis\u00e9gben, mind min\u0151s\u00e9gben j\u00f3l \u00e1llunk, sajnos, azonban m\u00e1r 13-14 \u00e9ves korban er\u0151sen cs\u00e1b\u00edtj\u00e1k legjobbjainkat. Ami egyfel\u0151l pozit\u00edv visszajelz\u00e9se az itt foly\u00f3 szakmai munk\u00e1nak, m\u00e1sr\u00e9szt azonban gyeng\u00edtik vele a fels\u0151bb koroszt\u00e1lyos csapatainkat. Mindazon\u00e1ltal most minden, bajnoki rendszerben j\u00e1tsz\u00f3 csapatunk NB I.-es (az U15-\u00f6s csapatot kiv\u00e9ve), a kisebb koroszt\u00e1lyok pedig hazai \u00e9s nemzetk\u00f6zi torn\u00e1kon, kup\u00e1kon szerepelnek, ahol rendszeresen a kiemelt akad\u00e9mi\u00e1kkal is megm\u00e9rk\u0151znek. <\/span><span data-ccp-props=\"{&quot;201341983&quot;:0,&quot;335559739&quot;:160,&quot;335559740&quot;:259}\">\u00a0<\/span><\/p>\n<p><b><span data-contrast=\"auto\">Az akad\u00e9mia sz\u00e1m\u00e1ra fontos, hogy nyomon k\u00f6vesse j\u00e1t\u00e9kosainak karrierj\u00e9t, de term\u00e9szetesen az els\u0151 sz\u00e1m\u00fa c\u00e9l, hogy az itt feln\u00f6v\u0151 gyerekek mind nagyobb sz\u00e1mban kapjanak lehet\u0151s\u00e9get az El\u0151re feln\u0151ttcsapat\u00e1ban. <\/span><\/b><span data-ccp-props=\"{&quot;201341983&quot;:0,&quot;335559739&quot;:160,&quot;335559740&quot;:259}\">\u00a0<\/span><\/p>\n<p><span data-contrast=\"auto\">\u2013 Igen, fiataljaink karrierj\u00e9t is nyomon k\u00f6vetj\u00fck. Megn\u00e9zt\u00fck, az elm\u00falt \u00e9vekben 74 f\u0151 kapott profi szerz\u0151d\u00e9s\u00e9t, amelyb\u0151l 22-en B\u00e9k\u00e9scsab\u00e1n, 22-en pedig m\u00e1s egyes\u00fcletn\u00e9l l\u00e9ptek a feln\u0151tt futballba (a t\u00f6bbieknek m\u00e9g nincs megfelel\u0151 j\u00e1t\u00e9kperc\u00fck). Azaz k\u00f6r\u00fclbel\u00fcl azonos es\u00e9lye van annak, hogy profi szerz\u0151d\u00e9st kapjon egy gyerek, ak\u00e1r elmegy fiatal kor\u00e1ban, ak\u00e1r nem. Illetve m\u00e9g egy nagyon fontos statisztik\u00e1t hadd emeljek ki; az innen fiatalon (13-14-\u00e9vesen) elker\u00fcl\u0151 gyerekek k\u00f6z\u00fcl minden negyedik kap csak profi szerz\u0151d\u00e9st, a t\u00f6bbiek nem. Szerintem ez egy nagyon fontos, elgondolkodtat\u00f3 adat minden sz\u00fcl\u0151 sz\u00e1m\u00e1ra, amikor ilyen felel\u0151ss\u00e9gteljes d\u00f6nt\u00e9st hoz gyermeke 13-14 \u00e9ves kor\u00e1ban. De term\u00e9szetesen, gyerekeink itt tart\u00e1sa szempontj\u00e1b\u00f3l fontos lenne, hogy az El\u0151re feln\u0151ttcsapata min\u00e9l hamarabb visszajusson legal\u00e1bb a m\u00e1sodoszt\u00e1lyban, innen, az akad\u00e9mi\u00e1b\u00f3l is nagyon szurkolunk nekik!<\/span><span data-ccp-props=\"{&quot;201341983&quot;:0,&quot;335559739&quot;:160,&quot;335559740&quot;:259}\">\u00a0<\/span><\/p>\n<p><b><span data-contrast=\"auto\">A tavalyi esztend\u0151 \u00e9rt\u00e9kel\u00e9se ut\u00e1n t\u00e9rj\u00fcnk r\u00e1 a j\u00f6v\u0151 \u00e9vi tervekre!<\/span><\/b><span data-ccp-props=\"{&quot;201341983&quot;:0,&quot;335559739&quot;:160,&quot;335559740&quot;:259}\">\u00a0<\/span><\/p>\n<p><span data-contrast=\"auto\">Az elm\u00falt \u00e9vekhez hasonl\u00f3an, tov\u00e1bb folytatjuk infrastrukt\u00far\u00e1nk fejleszt\u00e9s\u00e9t. \u00dagy n\u00e9z ki, hogy 2024-ben v\u00e9gre elkezdhetj\u00fck r\u00e9gi nagy \u00e1lmunk, a fedett csarnokunk \u00e9p\u00edt\u00e9s\u00e9t. A t\u00e9len-ny\u00e1ron haszn\u00e1lhat\u00f3 k\u00f6nny\u0171szerkezetes \u00e9p\u00fclet kiv\u00e1l\u00f3an illeszkedik majd az eddig megval\u00f3sult infrastrukt\u00fara-fejleszt\u00e9seink k\u00f6z\u00e9, amelyek k\u00f6z\u00f6tt a napelempark b\u0151v\u00edt\u00e9se, \u00faj f\u00fcves p\u00e1lya l\u00e9tes\u00edt\u00e9se \u00e9s a kont\u00e9neres \u00e9p\u00fcletek b\u0151v\u00edt\u00e9se is szerepelt a k\u00f6zelm\u00faltban. A 4-es Honv\u00e9d utcai b\u00e1zisunkon imm\u00e1ron 4 nagym\u00e9ret\u0171 f\u00fcves p\u00e1ly\u00e1n, 1 nagym\u00e9ret\u0171 \u00e9s egy kism\u00e9ret\u0171 m\u0171f\u00fcves p\u00e1ly\u00e1n, folyamatos fejleszt\u00e9seket v\u00e9grehajtva v\u00e1rjuk szeretettel labdar\u00fag\u00f3 pal\u00e1nt\u00e1inkat. <\/span><span data-ccp-props=\"{&quot;201341983&quot;:0,&quot;335559739&quot;:160,&quot;335559740&quot;:259}\">\u00a0<\/span><\/p>\n<p><span data-contrast=\"auto\">\u00a0<\/span><b><span data-contrast=\"auto\">V\u00e9gezet\u00fcl szeretn\u00e9nk Boldog \u00daj \u00c9vet k\u00edv\u00e1nni minden kedves koll\u00e9g\u00e1mnak, egyes\u00fclet\u00fcnkben sportol\u00f3 valamennyi fiatalnak, illetve sz\u00fcleiknek egyar\u00e1nt! A B\u00e9k\u00e9scsaba Labdar\u00fag\u00f3 Akad\u00e9mia 2024-ben is azon lesz, hogy folytassa azt a kiv\u00e1l\u00f3 szakmai munk\u00e1t, melynek k\u00f6sz\u00f6nhet\u0151en a t\u00e9rs\u00e9g kiemelked\u0151 ut\u00e1np\u00f3tl\u00e1sk\u00e9pz\u0151 k\u00f6zpontj\u00e1v\u00e1 v\u00e1lt.<\/span><\/b><span data-ccp-props=\"{&quot;201341983&quot;:0,&quot;335559739&quot;:160,&quot;335559740&quot;:259}\">\u00a0<\/span><\/p>\n","protected":false},"excerpt":{"rendered":"<p>A 2023-as \u00e9v v\u00e9g\u00e9n el\u00e9rkezett az \u00f6sszegz\u00e9s ideje. Dr. Kov\u00e1cs Mih\u00e1lyt, a B\u00e9k\u00e9scsaba Labdar\u00fag\u00f3 Akad\u00e9mia eln\u00f6k\u00e9t megk\u00e9rt\u00fck, \u00e9rt\u00e9kelje az elm\u00falt esztend\u0151t, emellett pedig ismertesse a j\u00f6v\u0151 \u00e9v terveit. \u00a0 Neh\u00e9z, kih\u00edv\u00e1sokkal teli, de egy \u00fajabb sikeres \u00e9v \u00e1ll az egyes\u00fclet m\u00f6g\u00f6tt \u2013 kezdte \u00e9rt\u00e9kel\u0151j\u00e9t Dr. Kov\u00e1cs Mih\u00e1ly.\u00a0 \u2013 Az akad\u00e9mia szakmai \u00e9let\u00e9ben t\u00f6bb v\u00e1ltoz\u00e1s is [&hellip;]<\/p>\n","protected":false},"author":1,"featured_media":12680,"comment_status":"closed","ping_status":"closed","sticky":false,"template":"","format":"standard","meta":{"footnotes":""},"categories":[1,177],"tags":[],"class_list":["post-12677","post","type-post","status-publish","format-standard","has-post-thumbnail","hentry","category-hirek","category-interjuk"],"publishpress_future_action":{"enabled":false,"date":"2026-05-10 18:18:06","action":"change-status","newStatus":"draft","terms":[],"taxonomy":"category","extraData":[]},"publishpress_future_workflow_manual_trigger":{"enabledWorkflows":[]},"_links":{"self":[{"href":"https:\/\/bcsla.hu\/site\/wp-json\/wp\/v2\/posts\/12677","targetHints":{"allow":["GET"]}}],"collection":[{"href":"https:\/\/bcsla.hu\/site\/wp-json\/wp\/v2\/posts"}],"about":[{"href":"https:\/\/bcsla.hu\/site\/wp-json\/wp\/v2\/types\/post"}],"author":[{"embeddable":true,"href":"https:\/\/bcsla.hu\/site\/wp-json\/wp\/v2\/users\/1"}],"replies":[{"embeddable":true,"href":"https:\/\/bcsla.hu\/site\/wp-json\/wp\/v2\/comments?post=12677"}],"version-history":[{"count":4,"href":"https:\/\/bcsla.hu\/site\/wp-json\/wp\/v2\/posts\/12677\/revisions"}],"predecessor-version":[{"id":12683,"href":"https:\/\/bcsla.hu\/site\/wp-json\/wp\/v2\/posts\/12677\/revisions\/12683"}],"wp:featuredmedia":[{"embeddable":true,"href":"https:\/\/bcsla.hu\/site\/wp-json\/wp\/v2\/media\/12680"}],"wp:attachment":[{"href":"https:\/\/bcsla.hu\/site\/wp-json\/wp\/v2\/media?parent=12677"}],"wp:term":[{"taxonomy":"category","embeddable":true,"href":"https:\/\/bcsla.hu\/site\/wp-json\/wp\/v2\/categories?post=12677"},{"taxonomy":"post_tag","embeddable":true,"href":"https:\/\/bcsla.hu\/site\/wp-json\/wp\/v2\/tags?post=12677"}],"curies":[{"name":"wp","href":"https:\/\/api.w.org\/{rel}","templated":true}]}}