{"id":2484,"date":"2017-12-21T17:36:14","date_gmt":"2017-12-21T16:36:14","guid":{"rendered":"https:\/\/bcsla.hu\/site\/?p=2484"},"modified":"2019-10-02T10:59:29","modified_gmt":"2019-10-02T08:59:29","slug":"evzaras-a-bekescsaba-labdarugo-akademian201712","status":"publish","type":"post","link":"https:\/\/bcsla.hu\/site\/evzaras-a-bekescsaba-labdarugo-akademian201712\/","title":{"rendered":"\u00c9vz\u00e1r\u00e1s a B\u00e9k\u00e9scsaba Labdar\u00fag\u00f3 Akad\u00e9mi\u00e1n"},"content":{"rendered":"<p style=\"text-align: justify;\"><strong>2017.december 19. (kedd) a B\u00e9k\u00e9scsaba Labdar\u00fag\u00f3 Akad\u00e9mia megtartotta \u00e9vz\u00e1r\u00f3 rendezv\u00e9ny\u00e9t. A rendezv\u00e9nyen az Akad\u00e9mia dolgoz\u00f3i, Szarvas P\u00e9ter B\u00e9k\u00e9scsaba Megyei Jog\u00fa V\u00e1ros Polg\u00e1rmestere, B\u00edr\u00f3 Csaba&nbsp;<\/strong><span class=\"st\"><strong> K\u00f6zm\u0171vel\u0151d\u00e9si, Ifj\u00fas\u00e1gi, Oktat\u00e1si \u00e9s Sportbizotts\u00e1g eln\u00f6ke, Ily\u00e9s Tam\u00e1s a B\u00e9k\u00e9s Dr\u00e9n kft. k\u00e9pvisel\u0151je, Igricz Mih\u00e1ly B\u00e9k\u00e9scsaba 1912 El\u0151re Zrt. klubigazgat\u00f3ja, Bo\u00e9r G\u00e1bor B\u00e9k\u00e9scsaba 1912 El\u0151re vezet\u0151edz\u0151je is r\u00e9szt vettek.<\/strong> <\/span><\/p>\n<p>&nbsp;<\/p>\n<p><img fetchpriority=\"high\" decoding=\"async\" class=\"alignnone size-full wp-image-2488\" src=\"https:\/\/bcsla.hu\/site\/wp-content\/uploads\/2017\/12\/Evzaro20171219.jpg\" alt=\"\" width=\"680\" height=\"510\" srcset=\"https:\/\/bcsla.hu\/site\/wp-content\/uploads\/2017\/12\/Evzaro20171219.jpg 680w, https:\/\/bcsla.hu\/site\/wp-content\/uploads\/2017\/12\/Evzaro20171219-300x225.jpg 300w, https:\/\/bcsla.hu\/site\/wp-content\/uploads\/2017\/12\/Evzaro20171219-100x75.jpg 100w, https:\/\/bcsla.hu\/site\/wp-content\/uploads\/2017\/12\/Evzaro20171219-50x38.jpg 50w, https:\/\/bcsla.hu\/site\/wp-content\/uploads\/2017\/12\/Evzaro20171219-25x19.jpg 25w, https:\/\/bcsla.hu\/site\/wp-content\/uploads\/2017\/12\/Evzaro20171219-90x68.jpg 90w, https:\/\/bcsla.hu\/site\/wp-content\/uploads\/2017\/12\/Evzaro20171219-225x169.jpg 225w\" sizes=\"(max-width: 680px) 100vw, 680px\" \/><\/p>\n<p style=\"text-align: justify;\">Fot\u00f3n: Belanka Csaba, Bo\u00e9r G\u00e1bor, Dr. Kov\u00e1cs Mih\u00e1ly, Szarvas P\u00e9ter, Igricz Mih\u00e1ly, Ily\u00e9s Tam\u00e1s, B\u00edr\u00f3 Csaba, Benk\u00f3n\u00e9 Dud\u00e1s Piroska<\/p>\n<p style=\"text-align: justify;\"><strong>Dr. Kov\u00e1cs Mih\u00e1ly a B\u00e9k\u00e9scsaba 1912 El\u0151re Se eln\u00f6ke<\/strong> k\u00f6sz\u00f6nt\u00f6tte a vend\u00e9geket, k\u00fcl\u00f6n k\u00f6sz\u00f6nt\u00f6tte Szarvas P\u00e9ter polg\u00e1rmester urat \u00e9s B\u00edr\u00f3 Csaba k\u00e9pvisel\u0151 urat. Besz\u00e9d\u00e9ben m\u00e9ltatta az elm\u00falt \u00e9v munk\u00e1j\u00e1t, elmondta hogy t\u00f6bb mint&nbsp; 7000 gyerek tartozik az Ut\u00e1np\u00f3tl\u00e1sk\u00e9pz\u0151 K\u00f6zponthoz, ami nagy felel\u0151ss\u00e9get jelent a szervezet \u00e9s a munkat\u00e1rsak sz\u00e1m\u00e1ra is. A B\u00e9k\u00e9scsaba Labdar\u00fag\u00f3 Akad\u00e9mi\u00e1ra 450 gyermek j\u00e1r futballozni nap mint nap \u00e9s igyekszik az Akad\u00e9mia mindent megtenni az\u00e9rt, hogy min\u00e9l jobb k\u00f6r\u00fclm\u00e9nyek k\u00f6z\u00f6tt futballozhassanak a gyerekek. Az elm\u00falt \u00e9vekben ennek \u00e9rdek\u00e9ben nagyon sok fejleszt\u00e9st hajtott v\u00e9gre az Akad\u00e9mia. J\u00fanius h\u00f3napban hivatalosan is \u00e1tad\u00e1sra ker\u00fclt a 4-es honv\u00e9d utc\u00e1ban tal\u00e1lhat\u00f3 Ut\u00e1np\u00f3tl\u00e1sk\u00e9pz\u0151 K\u00f6zpont.<\/p>\n<p style=\"text-align: justify;\"><strong>Szarvas P\u00e9ter B\u00e9k\u00e9scsaba Megyei Jog\u00fa V\u00e1ros polg\u00e1rmestere <\/strong>k\u00f6sz\u00f6nt\u00f6tte a jelenl\u00e9v\u0151ket \u00e9s kiemelte, hogy fontos B\u00e9k\u00e9scsab\u00e1nak a labdar\u00fag\u00e1s,&nbsp; nagy m\u00falttal rendelkezik. \u0150 maga is k\u00f6t\u0151dik&nbsp; a sport\u00e1ghoz, gyermekkora \u00f3ta focizik. Amikor ideje engedi igyekszik megn\u00e9zni a hazai m\u00e9rk\u0151z\u00e9seket. Kiemelte, hogy&nbsp; B\u00e9k\u00e9scsaba sportja nagy lend\u00fcletet vett \u00e9s a labdar\u00fag\u00e1sban is&nbsp; fejl\u0151d\u00e9s l\u00e1that\u00f3. Minden kezdem\u00e9nyez\u00e9snek \u00f6r\u00fcl, ami jobb\u00edtja a megyesz\u00e9khely h\u00edrnev\u00e9t. Gratul\u00e1lt az Akad\u00e9mia eredm\u00e9nyeihez, mindenkinek tov\u00e1bbi j\u00f3&nbsp; munk\u00e1t, kellemes \u00fcnnepeket \u00e9s sikerekben gazdag boldog \u00faj \u00e9vet k\u00edv\u00e1nt.<\/p>\n<p style=\"text-align: justify;\"><strong>Jakab P\u00e9ter B\u00e9k\u00e9scsaba Labdar\u00fag\u00f3 Akad\u00e9mia szakmai igazgat\u00f3ja<\/strong> az elm\u00falt \u00e9v munk\u00e1j\u00e1t \u00e9rt\u00e9kelte. Ismertette, hogy az&nbsp; Akad\u00e9mia&nbsp; 5 r\u00e9szlege milyen eredm\u00e9nyeket \u00e9rt el az elm\u00falt \u00e9vben \u00e9s lelkes\u00edtette a dolgoz\u00f3kat a tov\u00e1bbi&nbsp; eredm\u00e9nyes munk\u00e1ra. Fontosnak tartja, hogy&nbsp; mindenki a saj\u00e1t feladat\u00e1t marad\u00e9ktalanul ell\u00e1sa, mert ez viszi el\u0151r\u00e9bb az akad\u00e9mi\u00e1t \u00e9s a B\u00e9k\u00e9scsaba sportj\u00e1t. Kiemelte, hogy p\u00e9lda\u00e9rt\u00e9k\u0171 az orsz\u00e1gban labdar\u00fag\u00e1s ter\u00fclet\u00e9n&nbsp; a feln\u0151tt csapat \u00e9s az ut\u00e1np\u00f3tl\u00e1s kapcsolata. \u00c9rt\u00e9kel\u00e9s\u00e9t az al\u00e1bbi id\u00e9zettel z\u00e1rta:<\/p>\n<p style=\"text-align: center;\"><em>&#8222;Egy szeg miatt a patk\u00f3 elveszett<\/em><br \/>\n<em> A patk\u00f3 miatt a l\u00f3 elveszett<\/em><br \/>\n<em> A l\u00f3 miatt a csata elveszett<span class=\"text_exposed_show\"><br \/>\nA csata miatt az orsz\u00e1g elveszett<br \/>\nVerd be j\u00f3l azt a patk\u00f3szeget!&#8221;<\/span><\/em><\/p>\n<div class=\"text_exposed_show\">\n<p style=\"text-align: center;\">Angol gyermekvers<\/p>\n<\/div>\n<p style=\"text-align: justify;\"><strong>Bo\u00e9r G\u00e1bor B\u00e9k\u00e9scsaba 1912 El\u0151re vezet\u0151edz\u0151je <\/strong>megk\u00f6sz\u00f6nte, hogy itt lehet \u00e9s&nbsp; \u0151 is kiemelte a feln\u0151tt csapat \u00e9s az ut\u00e1np\u00f3tl\u00e1s kapcsolatot. K\u00fcl\u00f6n \u00f6r\u00f6m sz\u00e1m\u00e1ra, hogy D\u00e1vid Zolt\u00e1n, Pusztai Andr\u00e1s \u00e9s Uram J\u00e1nos&nbsp; &#8211; ut\u00e1np\u00f3tl\u00e1s kor\u00fa j\u00e1t\u00e9kosok &#8211; a feln\u0151tt csapattal edzenek \u00e9s lehet\u0151s\u00e9g szerint j\u00e1tszanak is. Tov\u00e1bbi j\u00f3 munk\u00e1t, kellemes \u00fcnnepeket \u00e9s boldog \u00faj \u00e9vet k\u00edv\u00e1nt mindenkinek.<\/p>\n<p style=\"text-align: justify;\"><strong>Dr. Kov\u00e1cs Mih\u00e1ly <\/strong>felk\u00f6sz\u00f6nt\u00f6tte Bo\u00e9r G\u00e1bor vezet\u0151edz\u0151t, akinek ezen a napon volt a sz\u00fclet\u00e9snapja \u00e9s \u00e1tny\u00fajtott egy B\u00e9k\u00e9scsaba 1912 El\u0151r\u00e9s c\u00edmerrel ell\u00e1tott tort\u00e1t. Megk\u00f6sz\u00f6nte mindenki munk\u00e1j\u00e1t,&nbsp;kellemes \u00fcnnepeket \u00e9s boldog \u00faj \u00e9vet k\u00edv\u00e1nt mindenkinek.<\/p>\n<p>&nbsp;<\/p>\n","protected":false},"excerpt":{"rendered":"<p>2017.december 19. (kedd) a B\u00e9k\u00e9scsaba Labdar\u00fag\u00f3 Akad\u00e9mia megtartotta \u00e9vz\u00e1r\u00f3 rendezv\u00e9ny\u00e9t. A rendezv\u00e9nyen az Akad\u00e9mia dolgoz\u00f3i, Szarvas P\u00e9ter B\u00e9k\u00e9scsaba Megyei Jog\u00fa V\u00e1ros Polg\u00e1rmestere, B\u00edr\u00f3 Csaba&nbsp; K\u00f6zm\u0171vel\u0151d\u00e9si, Ifj\u00fas\u00e1gi, Oktat\u00e1si \u00e9s Sportbizotts\u00e1g eln\u00f6ke, Ily\u00e9s Tam\u00e1s a B\u00e9k\u00e9s Dr\u00e9n kft. k\u00e9pvisel\u0151je, Igricz Mih\u00e1ly B\u00e9k\u00e9scsaba 1912 El\u0151re Zrt. klubigazgat\u00f3ja, Bo\u00e9r G\u00e1bor B\u00e9k\u00e9scsaba 1912 El\u0151re vezet\u0151edz\u0151je is r\u00e9szt vettek. &nbsp; Fot\u00f3n: [&hellip;]<\/p>\n","protected":false},"author":1,"featured_media":0,"comment_status":"closed","ping_status":"closed","sticky":false,"template":"","format":"standard","meta":{"footnotes":""},"categories":[8,9],"tags":[86,194,197,198,170],"class_list":["post-2484","post","type-post","status-publish","format-standard","hentry","category-archiv","category-archivum-2017","tag-jakab-peter","tag-evzaro","tag-dr-kovacs-mihaly","tag-szarvas-peter","tag-elore"],"publishpress_future_action":{"enabled":false,"date":"2026-05-06 13:05:06","action":"change-status","newStatus":"draft","terms":[],"taxonomy":"category","extraData":[]},"publishpress_future_workflow_manual_trigger":{"enabledWorkflows":[]},"_links":{"self":[{"href":"https:\/\/bcsla.hu\/site\/wp-json\/wp\/v2\/posts\/2484","targetHints":{"allow":["GET"]}}],"collection":[{"href":"https:\/\/bcsla.hu\/site\/wp-json\/wp\/v2\/posts"}],"about":[{"href":"https:\/\/bcsla.hu\/site\/wp-json\/wp\/v2\/types\/post"}],"author":[{"embeddable":true,"href":"https:\/\/bcsla.hu\/site\/wp-json\/wp\/v2\/users\/1"}],"replies":[{"embeddable":true,"href":"https:\/\/bcsla.hu\/site\/wp-json\/wp\/v2\/comments?post=2484"}],"version-history":[{"count":5,"href":"https:\/\/bcsla.hu\/site\/wp-json\/wp\/v2\/posts\/2484\/revisions"}],"predecessor-version":[{"id":2493,"href":"https:\/\/bcsla.hu\/site\/wp-json\/wp\/v2\/posts\/2484\/revisions\/2493"}],"wp:attachment":[{"href":"https:\/\/bcsla.hu\/site\/wp-json\/wp\/v2\/media?parent=2484"}],"wp:term":[{"taxonomy":"category","embeddable":true,"href":"https:\/\/bcsla.hu\/site\/wp-json\/wp\/v2\/categories?post=2484"},{"taxonomy":"post_tag","embeddable":true,"href":"https:\/\/bcsla.hu\/site\/wp-json\/wp\/v2\/tags?post=2484"}],"curies":[{"name":"wp","href":"https:\/\/api.w.org\/{rel}","templated":true}]}}