{"id":4009,"date":"2020-09-01T11:11:19","date_gmt":"2020-09-01T09:11:19","guid":{"rendered":"https:\/\/bcsla.hu\/site\/?p=4009"},"modified":"2020-09-06T10:08:45","modified_gmt":"2020-09-06T08:08:45","slug":"legyen-on-is-a-tamogatonk","status":"publish","type":"post","link":"https:\/\/bcsla.hu\/site\/legyen-on-is-a-tamogatonk\/","title":{"rendered":"Legyen \u00d6n is a t\u00e1mogat\u00f3nk!"},"content":{"rendered":"<p style=\"text-align: justify;\"><strong>A B\u00e9k\u00e9scsaba Labdar\u00fag\u00f3 Akad\u00e9mia kollekt\u00edv\u00e1j\u00e1nak egys\u00e9ges, tudatos \u00e9s tervszer\u0171 munk\u00e1j\u00e1nak eredm\u00e9nyek\u00e9ppen k\u00f6zel 500 gyermeket foglalkoztat\u00f3 ut\u00e1np\u00f3tl\u00e1s b\u00e1zis ker\u00fclt fel\u00e9p\u00edt\u00e9sre az elm\u00falt \u00e9vek sor\u00e1n.<\/strong><\/p>\n<p style=\"text-align: center;\"><img fetchpriority=\"high\" decoding=\"async\" class=\"alignnone size-full wp-image-99\" src=\"https:\/\/bcsla.hu\/site\/wp-content\/uploads\/2017\/03\/bcsla.png\" alt=\"\" width=\"250\" height=\"250\" srcset=\"https:\/\/bcsla.hu\/site\/wp-content\/uploads\/2017\/03\/bcsla.png 250w, https:\/\/bcsla.hu\/site\/wp-content\/uploads\/2017\/03\/bcsla-150x150.png 150w, https:\/\/bcsla.hu\/site\/wp-content\/uploads\/2017\/03\/bcsla-100x100.png 100w, https:\/\/bcsla.hu\/site\/wp-content\/uploads\/2017\/03\/bcsla-50x50.png 50w, https:\/\/bcsla.hu\/site\/wp-content\/uploads\/2017\/03\/bcsla-25x25.png 25w, https:\/\/bcsla.hu\/site\/wp-content\/uploads\/2017\/03\/bcsla-90x90.png 90w\" sizes=\"(max-width: 250px) 100vw, 250px\" \/><\/p>\n<p style=\"text-align: justify;\">B\u00fcszk\u00e9k vagyunk r\u00e1, hogy a serd\u00fcl\u0151 koroszt\u00e1ly\u00fa csapatainkat \u00fajra a legmagasabb bajnoki oszt\u00e1lyban tudjuk versenyeztetni, illetve a Magyar Labdar\u00fag\u00f3 Sz\u00f6vets\u00e9g \u00e1ltal l\u00e9trehozott \u00e9s bevezetett, az ut\u00e1np\u00f3tl\u00e1s-k\u00e9pz\u0151 m\u0171helyek \u00e9rt\u00e9kel\u00e9s\u00e9re szolg\u00e1l\u00f3 produktivit\u00e1si pontsz\u00e1m\u00edt\u00e1s szerint egye<span class=\"text_exposed_show\">s\u00fclet\u00fcnk orsz\u00e1gosan a 13. helyen \u00e1ll. Az \u00e9v folyam\u00e1n 6 akad\u00e9mist\u00e1nk kapott profi szerz\u0151d\u00e9st a feln\u0151tt csapatt\u00f3l, melynek eredm\u00e9nyek\u00e9ppen az els\u0151 csapat keret\u00e9hez tartoz\u00f3 labdar\u00fag\u00f3k 70 sz\u00e1zal\u00e9ka saj\u00e1t nevel\u00e9s\u0171 j\u00e1t\u00e9kosokb\u00f3l \u00e1ll. Kiemelten fontosnak tartjuk, hogy szakmai programunkkal kisz\u00e1m\u00edthat\u00f3 modellt \u00e9p\u00edtett\u00fcnk fel a labdar\u00fag\u00f3 szakm\u00e1ra hivat\u00e1sk\u00e9nt tekint\u0151 gyerekek \u00e9s sz\u00fcl\u0151k sz\u00e1m\u00e1ra. Hissz\u00fck, hogy tudatos munk\u00e1val, al\u00e1zattal \u00e9s szorgalommal el\u00e9rhet\u0151 az els\u0151 csapat kerete!<\/span><\/p>\n<p style=\"text-align: center;\"><img decoding=\"async\" class=\"alignnone wp-image-4165 size-full\" title=\"B\u00e9k\u00e9scsaba Labdar\u00fag\u00f3 Akad\u00e9mia\" src=\"https:\/\/bcsla.hu\/site\/wp-content\/uploads\/2018\/12\/bcsla_tao_promo.jpg\" alt=\"\" width=\"680\" height=\"475\" srcset=\"https:\/\/bcsla.hu\/site\/wp-content\/uploads\/2018\/12\/bcsla_tao_promo.jpg 680w, https:\/\/bcsla.hu\/site\/wp-content\/uploads\/2018\/12\/bcsla_tao_promo-300x210.jpg 300w, https:\/\/bcsla.hu\/site\/wp-content\/uploads\/2018\/12\/bcsla_tao_promo-100x70.jpg 100w, https:\/\/bcsla.hu\/site\/wp-content\/uploads\/2018\/12\/bcsla_tao_promo-50x35.jpg 50w, https:\/\/bcsla.hu\/site\/wp-content\/uploads\/2018\/12\/bcsla_tao_promo-25x17.jpg 25w, https:\/\/bcsla.hu\/site\/wp-content\/uploads\/2018\/12\/bcsla_tao_promo-90x63.jpg 90w, https:\/\/bcsla.hu\/site\/wp-content\/uploads\/2018\/12\/bcsla_tao_promo-225x157.jpg 225w\" sizes=\"(max-width: 680px) 100vw, 680px\" \/><\/p>\n<div class=\"text_exposed_show\">\n<p style=\"text-align: justify;\">A sport szakmai munk\u00e1j\u00e1nak fejleszt\u00e9se mellett, kiemelt figyelmet kell ford\u00edtanunk az infrastruktur\u00e1lis h\u00e1tter\u00fcnk jav\u00edt\u00e1s\u00e1ra \u00e9s a gyerekek felk\u00e9sz\u00fcl\u00e9si-versenyz\u00e9si k\u00f6r\u00fclm\u00e9nyeinek felz\u00e1rk\u00f3ztat\u00e1s\u00e1ra. Sikereinket \u00fagy tudtuk el\u00e9rni, hogy a legalacsonyabb k\u00f6lts\u00e9gvet\u00e9ssel gazd\u00e1lkodtunk, \u00e9s a fejleszt\u00e9sek ellen\u00e9re is a legsz\u0171k\u00f6sebb p\u00e1lya- \u00e9s kiszolg\u00e1l\u00f3 infrastrukt\u00fara kapacit\u00e1ssal rendelkez\u00fcnk. B\u00edzunk benne, hogy eddigi munk\u00e1nkkal \u00d6n is el\u00e9gedett \u00e9s eredm\u00e9nyeink meggy\u0151zt\u00e9k arr\u00f3l, hogy j\u00f3 \u00faton j\u00e1r a klub. A k\u00f6lts\u00e9gvet\u00e9s\u00fcnk legjelent\u0151sebb elem\u00e9t a t\u00e1rsas\u00e1gi ad\u00f3kedvezm\u00e9nyb\u0151l (TAO) sz\u00e1rmaz\u00f3 forr\u00e1sok alkotj\u00e1k. K\u00e9rj\u00fck, hogy amennyiben \u00d6nnek vagy k\u00f6rnyezet\u00e9ben \u00e9l\u0151 csal\u00e1dtagjainak, bar\u00e1tainak, ismer\u0151seinek m\u00f3dj\u00e1ban \u00e1ll a TAO sportt\u00e1mogat\u00e1si rendszer\u00e9n kereszt\u00fcl hozz\u00e1j\u00e1rulni az eddig el\u00e9rt eredm\u00e9nyek fenntart\u00e1s\u00e1ban, keress\u00e9k fel koll\u00e9g\u00e1nkat \u00e9s t\u00e1mogass\u00e1k a B\u00e9k\u00e9scsaba Labdar\u00fag\u00f3 Akad\u00e9mi\u00e1t!<\/p>\n<p style=\"text-align: justify;\"><strong>Seg\u00edt\u0151k\u00e9szs\u00e9g\u00e9t az Akad\u00e9mia vezet\u0151s\u00e9g\u00e9nek nev\u00e9ben el\u0151re is k\u00f6sz\u00f6nj\u00fck!<\/strong><\/p>\n<p><em>Pangert L\u00e1szl\u00f3, t\u00e1rsadalmi kapcsolatok\u00e9rt felel\u0151s munkat\u00e1rs<br \/>\n(Mobil: +36-70-615-7958, E-mail: pangert.laszlo66@gmail.com)<\/em><\/p>\n<p>&nbsp;<\/p>\n<\/div>\n","protected":false},"excerpt":{"rendered":"<p>A B\u00e9k\u00e9scsaba Labdar\u00fag\u00f3 Akad\u00e9mia kollekt\u00edv\u00e1j\u00e1nak egys\u00e9ges, tudatos \u00e9s tervszer\u0171 munk\u00e1j\u00e1nak eredm\u00e9nyek\u00e9ppen k\u00f6zel 500 gyermeket foglalkoztat\u00f3 ut\u00e1np\u00f3tl\u00e1s b\u00e1zis ker\u00fclt fel\u00e9p\u00edt\u00e9sre az elm\u00falt \u00e9vek sor\u00e1n. B\u00fcszk\u00e9k vagyunk r\u00e1, hogy a serd\u00fcl\u0151 koroszt\u00e1ly\u00fa csapatainkat \u00fajra a legmagasabb bajnoki oszt\u00e1lyban tudjuk versenyeztetni, illetve a Magyar Labdar\u00fag\u00f3 Sz\u00f6vets\u00e9g \u00e1ltal l\u00e9trehozott \u00e9s bevezetett, az ut\u00e1np\u00f3tl\u00e1s-k\u00e9pz\u0151 m\u0171helyek \u00e9rt\u00e9kel\u00e9s\u00e9re szolg\u00e1l\u00f3 produktivit\u00e1si pontsz\u00e1m\u00edt\u00e1s szerint [&hellip;]<\/p>\n","protected":false},"author":1,"featured_media":0,"comment_status":"closed","ping_status":"closed","sticky":false,"template":"","format":"standard","meta":{"footnotes":""},"categories":[1],"tags":[267,278,279],"class_list":["post-4009","post","type-post","status-publish","format-standard","hentry","category-hirek","tag-tao","tag-tamogatas","tag-szponzor"],"publishpress_future_action":{"enabled":false,"date":"2026-05-06 20:48:26","action":"change-status","newStatus":"draft","terms":[],"taxonomy":"category","extraData":[]},"publishpress_future_workflow_manual_trigger":{"enabledWorkflows":[]},"_links":{"self":[{"href":"https:\/\/bcsla.hu\/site\/wp-json\/wp\/v2\/posts\/4009","targetHints":{"allow":["GET"]}}],"collection":[{"href":"https:\/\/bcsla.hu\/site\/wp-json\/wp\/v2\/posts"}],"about":[{"href":"https:\/\/bcsla.hu\/site\/wp-json\/wp\/v2\/types\/post"}],"author":[{"embeddable":true,"href":"https:\/\/bcsla.hu\/site\/wp-json\/wp\/v2\/users\/1"}],"replies":[{"embeddable":true,"href":"https:\/\/bcsla.hu\/site\/wp-json\/wp\/v2\/comments?post=4009"}],"version-history":[{"count":3,"href":"https:\/\/bcsla.hu\/site\/wp-json\/wp\/v2\/posts\/4009\/revisions"}],"predecessor-version":[{"id":6412,"href":"https:\/\/bcsla.hu\/site\/wp-json\/wp\/v2\/posts\/4009\/revisions\/6412"}],"wp:attachment":[{"href":"https:\/\/bcsla.hu\/site\/wp-json\/wp\/v2\/media?parent=4009"}],"wp:term":[{"taxonomy":"category","embeddable":true,"href":"https:\/\/bcsla.hu\/site\/wp-json\/wp\/v2\/categories?post=4009"},{"taxonomy":"post_tag","embeddable":true,"href":"https:\/\/bcsla.hu\/site\/wp-json\/wp\/v2\/tags?post=4009"}],"curies":[{"name":"wp","href":"https:\/\/api.w.org\/{rel}","templated":true}]}}