{"id":4452,"date":"2019-08-27T14:29:20","date_gmt":"2019-08-27T12:29:20","guid":{"rendered":"https:\/\/bcsla.hu\/site\/?p=4452"},"modified":"2019-08-29T14:42:13","modified_gmt":"2019-08-29T12:42:13","slug":"bekescsaba-1912-elore-se-nyiregyhaza-spartacus-fc-20190824","status":"publish","type":"post","link":"https:\/\/bcsla.hu\/site\/bekescsaba-1912-elore-se-nyiregyhaza-spartacus-fc-20190824\/","title":{"rendered":"B\u00e9k\u00e9scsaba 1912 El\u0151re SE &#8211; Ny\u00edregyh\u00e1za Spartacus FC"},"content":{"rendered":"<p><strong>MLSZ U-19 II. oszt\u00e1ly 2019\/2020. 1. fordul\u00f3<\/strong><\/p>\n<h2>B\u00e9k\u00e9scsaba 1912 El\u0151re &#8211; Ny\u00edregyh\u00e1za Spartacus FC<\/h2>\n<h2>1-2 (1-0)<\/h2>\n<p><strong>Id\u0151pont:<\/strong> 2019. augusztus 24. (szombat) 12:00 \u00f3ra<\/p>\n<p><strong>Helysz\u00edn:<\/strong>&nbsp;K\u00f3rh\u00e1z utcai Stadion<\/p>\n<p><strong>G\u00f3lszerz\u0151k:<\/strong> Zelik Csaba (44. perc), Matyi Zolt\u00e1n (71. perc), T\u00f3th \u00c1kos (74. perc).<\/p>\n<p style=\"text-align: center;\"><img decoding=\"async\" class=\"alignnone size-full wp-image-34\" src=\"https:\/\/bcsla.hu\/site\/wp-content\/uploads\/2017\/03\/line_purple.png\" alt=\"\" width=\"680\" height=\"1\" srcset=\"https:\/\/bcsla.hu\/site\/wp-content\/uploads\/2017\/03\/line_purple.png 680w, https:\/\/bcsla.hu\/site\/wp-content\/uploads\/2017\/03\/line_purple-150x1.png 150w, https:\/\/bcsla.hu\/site\/wp-content\/uploads\/2017\/03\/line_purple-300x1.png 300w, https:\/\/bcsla.hu\/site\/wp-content\/uploads\/2017\/03\/line_purple-292x1.png 292w, https:\/\/bcsla.hu\/site\/wp-content\/uploads\/2017\/03\/line_purple-100x1.png 100w, https:\/\/bcsla.hu\/site\/wp-content\/uploads\/2017\/03\/line_purple-50x1.png 50w, https:\/\/bcsla.hu\/site\/wp-content\/uploads\/2017\/03\/line_purple-25x1.png 25w, https:\/\/bcsla.hu\/site\/wp-content\/uploads\/2017\/03\/line_purple-90x1.png 90w\" sizes=\"(max-width: 680px) 100vw, 680px\" \/><\/p>\n<p style=\"text-align: justify;\">Az els\u0151 f\u00e9lid\u0151ben f\u0151k\u00e9pp a mez\u0151nyben pattogott a labda, de a 44. percben a csabaiak szerezt\u00e9k meg a vezet\u00e9st Zelik Csaba j\u00f3volt\u00e1b\u00f3l. Fordul\u00e1s ut\u00e1n viszont&nbsp;megv\u00e1ltozott a m\u00e9rk\u0151z\u00e9s k\u00e9pe \u00e9s a&nbsp;71. percben a k\u00f6z\u00e9ps\u0151 harmadban, saj\u00e1t t\u00e9rf\u00e9len szerzett labd\u00e1b\u00f3l gyors ellent\u00e1mad\u00e1s alakult&nbsp;ki. T\u00f3th \u00c1kos az oldalvonal mell\u0151l, a tizenhatos vonallal egy magass\u00e1gban \u00e9lesen laposan adta be a labd\u00e1t, amelyre a t\u00e1mad\u00e1st v\u00e9gig k\u00eds\u00e9r\u0151 Matyi Zolt\u00e1n \u00e9rkezett \u00e9s laposan, higgadtan a bal sarokba l\u0151tt, 1-1. H\u00e1rom perccel k\u00e9s\u0151bb a hazai csapat t\u00e9rfel\u00e9n N\u00e9meth Csaba&nbsp;labdaszerz\u00e9se ut\u00e1n j\u00f3 \u00fctem\u0171 m\u00e9lys\u00e9gi \u00e1tad\u00e1ssal j\u00e1tszotta meg T\u00f3th \u00c1kost, aki a labda\u00e1tv\u00e9tel\u00e9vel beker\u00fclt a b\u00fcntet\u0151ter\u00fcleten bel\u00fcl \u00e9s 14 m\u00e9terr\u0151l nagy g\u00f3l l\u0151tt a bal fels\u0151 sarokba, ezzel megszerezve a m\u00e9rk\u0151z\u00e9s gy\u0151ztes tal\u00e1lat\u00e1t, 1-2.<\/p>\n<p>&nbsp;<\/p>\n<p style=\"text-align: center;\"><img decoding=\"async\" class=\"alignnone size-full wp-image-34\" src=\"https:\/\/bcsla.hu\/site\/wp-content\/uploads\/2017\/03\/line_purple.png\" alt=\"\" width=\"680\" height=\"1\" srcset=\"https:\/\/bcsla.hu\/site\/wp-content\/uploads\/2017\/03\/line_purple.png 680w, https:\/\/bcsla.hu\/site\/wp-content\/uploads\/2017\/03\/line_purple-150x1.png 150w, https:\/\/bcsla.hu\/site\/wp-content\/uploads\/2017\/03\/line_purple-300x1.png 300w, https:\/\/bcsla.hu\/site\/wp-content\/uploads\/2017\/03\/line_purple-292x1.png 292w, https:\/\/bcsla.hu\/site\/wp-content\/uploads\/2017\/03\/line_purple-100x1.png 100w, https:\/\/bcsla.hu\/site\/wp-content\/uploads\/2017\/03\/line_purple-50x1.png 50w, https:\/\/bcsla.hu\/site\/wp-content\/uploads\/2017\/03\/line_purple-25x1.png 25w, https:\/\/bcsla.hu\/site\/wp-content\/uploads\/2017\/03\/line_purple-90x1.png 90w\" sizes=\"(max-width: 680px) 100vw, 680px\" \/><\/p>\n<a class=\"metro-button mtr-small mtr-red mtr-square mtr-alignleft\" href=\"https:\/\/adatbank.mlsz.hu\/match\/52\/0\/20855\/1\/1477749.html\" title=\"\" target=\"_blank\"> Jegyz\u0151k\u00f6nyv <\/a>\n<p>&nbsp;<\/p>\n","protected":false},"excerpt":{"rendered":"<p>MLSZ U-19 II. oszt\u00e1ly 2019\/2020. 1. fordul\u00f3 B\u00e9k\u00e9scsaba 1912 El\u0151re &#8211; Ny\u00edregyh\u00e1za Spartacus FC 1-2 (1-0) Id\u0151pont: 2019. augusztus 24. (szombat) 12:00 \u00f3ra Helysz\u00edn:&nbsp;K\u00f3rh\u00e1z utcai Stadion G\u00f3lszerz\u0151k: Zelik Csaba (44. perc), Matyi Zolt\u00e1n (71. perc), T\u00f3th \u00c1kos (74. perc). Az els\u0151 f\u00e9lid\u0151ben f\u0151k\u00e9pp a mez\u0151nyben pattogott a labda, de a 44. percben a csabaiak szerezt\u00e9k [&hellip;]<\/p>\n","protected":false},"author":1,"featured_media":0,"comment_status":"closed","ping_status":"closed","sticky":false,"template":"","format":"standard","meta":{"footnotes":""},"categories":[6,271,301],"tags":[287,56,60,31],"class_list":["post-4452","post","type-post","status-publish","format-standard","hentry","category-eredmenyek","category-271","category-eredmenyek-u19-20192020","tag-287","tag-eredmeny","tag-u19","tag-merkozes"],"publishpress_future_action":{"enabled":false,"date":"2026-05-03 16:07:16","action":"change-status","newStatus":"draft","terms":[],"taxonomy":"category","extraData":[]},"publishpress_future_workflow_manual_trigger":{"enabledWorkflows":[]},"_links":{"self":[{"href":"https:\/\/bcsla.hu\/site\/wp-json\/wp\/v2\/posts\/4452","targetHints":{"allow":["GET"]}}],"collection":[{"href":"https:\/\/bcsla.hu\/site\/wp-json\/wp\/v2\/posts"}],"about":[{"href":"https:\/\/bcsla.hu\/site\/wp-json\/wp\/v2\/types\/post"}],"author":[{"embeddable":true,"href":"https:\/\/bcsla.hu\/site\/wp-json\/wp\/v2\/users\/1"}],"replies":[{"embeddable":true,"href":"https:\/\/bcsla.hu\/site\/wp-json\/wp\/v2\/comments?post=4452"}],"version-history":[{"count":5,"href":"https:\/\/bcsla.hu\/site\/wp-json\/wp\/v2\/posts\/4452\/revisions"}],"predecessor-version":[{"id":4475,"href":"https:\/\/bcsla.hu\/site\/wp-json\/wp\/v2\/posts\/4452\/revisions\/4475"}],"wp:attachment":[{"href":"https:\/\/bcsla.hu\/site\/wp-json\/wp\/v2\/media?parent=4452"}],"wp:term":[{"taxonomy":"category","embeddable":true,"href":"https:\/\/bcsla.hu\/site\/wp-json\/wp\/v2\/categories?post=4452"},{"taxonomy":"post_tag","embeddable":true,"href":"https:\/\/bcsla.hu\/site\/wp-json\/wp\/v2\/tags?post=4452"}],"curies":[{"name":"wp","href":"https:\/\/api.w.org\/{rel}","templated":true}]}}