{"id":4480,"date":"2019-08-31T21:19:18","date_gmt":"2019-08-31T19:19:18","guid":{"rendered":"https:\/\/bcsla.hu\/site\/?p=4480"},"modified":"2019-09-12T16:52:11","modified_gmt":"2019-09-12T14:52:11","slug":"bekescsaba-1912-elore-se-kaposvari-rakoczi-bfla-20190831-u16","status":"publish","type":"post","link":"https:\/\/bcsla.hu\/site\/bekescsaba-1912-elore-se-kaposvari-rakoczi-bfla-20190831-u16\/","title":{"rendered":"B\u00e9k\u00e9scsaba 1912 El\u0151re SE &#8211; Kaposv\u00e1ri R\u00e1k\u00f3czi BFLA"},"content":{"rendered":"<p><strong>MLSZ U-16 II. oszt\u00e1ly 2019\/2020. 2. fordul\u00f3<\/strong><\/p>\n<h2>B\u00e9k\u00e9scsaba 1912 El\u0151re SE &#8211;&nbsp;Kaposv\u00e1ri R\u00e1k\u00f3czi BFLA<\/h2>\n<h2>0-0 (0-0)<\/h2>\n<p><strong>Id\u0151pont:<\/strong> 2019. augusztus 31. (szombat) 10:00 \u00f3ra<\/p>\n<p><strong>Helysz\u00edn:<\/strong>&nbsp;B\u00e9k\u00e9scsaba Labdar\u00fag\u00f3 Akad\u00e9mia<\/p>\n<p><strong>S\u00e1rga lapok: <\/strong>Keszi Krist\u00f3f (58. perc), Horv\u00e1th Rik\u00e1rd\u00f3 (61. perc), Rubecz P\u00e9ter Bal\u00e1zs (75. perc).<\/p>\n<p style=\"text-align: center;\"><img decoding=\"async\" class=\"alignnone size-full wp-image-34\" src=\"https:\/\/bcsla.hu\/site\/wp-content\/uploads\/2017\/03\/line_purple.png\" alt=\"\" width=\"680\" height=\"1\" srcset=\"https:\/\/bcsla.hu\/site\/wp-content\/uploads\/2017\/03\/line_purple.png 680w, https:\/\/bcsla.hu\/site\/wp-content\/uploads\/2017\/03\/line_purple-150x1.png 150w, https:\/\/bcsla.hu\/site\/wp-content\/uploads\/2017\/03\/line_purple-300x1.png 300w, https:\/\/bcsla.hu\/site\/wp-content\/uploads\/2017\/03\/line_purple-292x1.png 292w, https:\/\/bcsla.hu\/site\/wp-content\/uploads\/2017\/03\/line_purple-100x1.png 100w, https:\/\/bcsla.hu\/site\/wp-content\/uploads\/2017\/03\/line_purple-50x1.png 50w, https:\/\/bcsla.hu\/site\/wp-content\/uploads\/2017\/03\/line_purple-25x1.png 25w, https:\/\/bcsla.hu\/site\/wp-content\/uploads\/2017\/03\/line_purple-90x1.png 90w\" sizes=\"(max-width: 680px) 100vw, 680px\" \/><\/p>\n<p style=\"text-align: justify;\"><strong>Marik L\u00e1szl\u00f3:<\/strong>&nbsp;<em>\u2212&nbsp;Hi\u00e1ba t\u00e1madtuk v\u00e9gig a m\u00e9rk\u0151z\u00e9st, hi\u00e1ba dolgoztunk ki sz\u00e1mtalan ziccert, hi\u00e1ba voltunk \u00f3ri\u00e1si mez\u0151nyf\u00f6l\u00e9nyben, ezen a napon nem tudtunk a kapuba tal\u00e1lni, \u00edgy meg kellett el\u00e9gedj\u00fcnk egy ponttal a 2. helyen \u00e1ll\u00f3 Kaposv\u00e1r ellen.<\/em><\/p>\n<p style=\"text-align: center;\"><img decoding=\"async\" class=\"alignnone size-full wp-image-34\" src=\"https:\/\/bcsla.hu\/site\/wp-content\/uploads\/2017\/03\/line_purple.png\" alt=\"\" width=\"680\" height=\"1\" srcset=\"https:\/\/bcsla.hu\/site\/wp-content\/uploads\/2017\/03\/line_purple.png 680w, https:\/\/bcsla.hu\/site\/wp-content\/uploads\/2017\/03\/line_purple-150x1.png 150w, https:\/\/bcsla.hu\/site\/wp-content\/uploads\/2017\/03\/line_purple-300x1.png 300w, https:\/\/bcsla.hu\/site\/wp-content\/uploads\/2017\/03\/line_purple-292x1.png 292w, https:\/\/bcsla.hu\/site\/wp-content\/uploads\/2017\/03\/line_purple-100x1.png 100w, https:\/\/bcsla.hu\/site\/wp-content\/uploads\/2017\/03\/line_purple-50x1.png 50w, https:\/\/bcsla.hu\/site\/wp-content\/uploads\/2017\/03\/line_purple-25x1.png 25w, https:\/\/bcsla.hu\/site\/wp-content\/uploads\/2017\/03\/line_purple-90x1.png 90w\" sizes=\"(max-width: 680px) 100vw, 680px\" \/><\/p>\n<a class=\"metro-button mtr-small mtr-red mtr-square mtr-alignleft\" href=\"https:\/\/adatbank.mlsz.hu\/match\/52\/0\/20857\/2\/1479018.html\" title=\"\" target=\"_blank\"> Jegyz\u0151k\u00f6nyv <\/a>\n<p>&nbsp;<\/p>\n","protected":false},"excerpt":{"rendered":"<p>MLSZ U-16 II. oszt\u00e1ly 2019\/2020. 2. fordul\u00f3 B\u00e9k\u00e9scsaba 1912 El\u0151re SE &#8211;&nbsp;Kaposv\u00e1ri R\u00e1k\u00f3czi BFLA 0-0 (0-0) Id\u0151pont: 2019. augusztus 31. (szombat) 10:00 \u00f3ra Helysz\u00edn:&nbsp;B\u00e9k\u00e9scsaba Labdar\u00fag\u00f3 Akad\u00e9mia S\u00e1rga lapok: Keszi Krist\u00f3f (58. perc), Horv\u00e1th Rik\u00e1rd\u00f3 (61. perc), Rubecz P\u00e9ter Bal\u00e1zs (75. perc). Marik L\u00e1szl\u00f3:&nbsp;\u2212&nbsp;Hi\u00e1ba t\u00e1madtuk v\u00e9gig a m\u00e9rk\u0151z\u00e9st, hi\u00e1ba dolgoztunk ki sz\u00e1mtalan ziccert, hi\u00e1ba voltunk \u00f3ri\u00e1si [&hellip;]<\/p>\n","protected":false},"author":1,"featured_media":0,"comment_status":"closed","ping_status":"closed","sticky":false,"template":"","format":"standard","meta":{"footnotes":""},"categories":[6,271,308],"tags":[287,56,58,31],"class_list":["post-4480","post","type-post","status-publish","format-standard","hentry","category-eredmenyek","category-271","category-eredmenyek-u16-20192020","tag-287","tag-eredmeny","tag-u16","tag-merkozes"],"publishpress_future_action":{"enabled":false,"date":"2026-05-03 16:05:54","action":"change-status","newStatus":"draft","terms":[],"taxonomy":"category","extraData":[]},"publishpress_future_workflow_manual_trigger":{"enabledWorkflows":[]},"_links":{"self":[{"href":"https:\/\/bcsla.hu\/site\/wp-json\/wp\/v2\/posts\/4480","targetHints":{"allow":["GET"]}}],"collection":[{"href":"https:\/\/bcsla.hu\/site\/wp-json\/wp\/v2\/posts"}],"about":[{"href":"https:\/\/bcsla.hu\/site\/wp-json\/wp\/v2\/types\/post"}],"author":[{"embeddable":true,"href":"https:\/\/bcsla.hu\/site\/wp-json\/wp\/v2\/users\/1"}],"replies":[{"embeddable":true,"href":"https:\/\/bcsla.hu\/site\/wp-json\/wp\/v2\/comments?post=4480"}],"version-history":[{"count":1,"href":"https:\/\/bcsla.hu\/site\/wp-json\/wp\/v2\/posts\/4480\/revisions"}],"predecessor-version":[{"id":4481,"href":"https:\/\/bcsla.hu\/site\/wp-json\/wp\/v2\/posts\/4480\/revisions\/4481"}],"wp:attachment":[{"href":"https:\/\/bcsla.hu\/site\/wp-json\/wp\/v2\/media?parent=4480"}],"wp:term":[{"taxonomy":"category","embeddable":true,"href":"https:\/\/bcsla.hu\/site\/wp-json\/wp\/v2\/categories?post=4480"},{"taxonomy":"post_tag","embeddable":true,"href":"https:\/\/bcsla.hu\/site\/wp-json\/wp\/v2\/tags?post=4480"}],"curies":[{"name":"wp","href":"https:\/\/api.w.org\/{rel}","templated":true}]}}