{"id":4502,"date":"2019-09-08T09:01:14","date_gmt":"2019-09-08T07:01:14","guid":{"rendered":"https:\/\/bcsla.hu\/site\/?p=4502"},"modified":"2019-09-12T16:51:20","modified_gmt":"2019-09-12T14:51:20","slug":"bekescsaba-1912-elore-se-vac-vlse-20190907-u19","status":"publish","type":"post","link":"https:\/\/bcsla.hu\/site\/bekescsaba-1912-elore-se-vac-vlse-20190907-u19\/","title":{"rendered":"B\u00e9k\u00e9scsaba 1912 El\u0151re SE &#8211; V\u00e1c VLSE"},"content":{"rendered":"<p style=\"text-align: justify;\"><strong>MLSZ U-19 II. oszt\u00e1ly 2019\/2020. 3. fordul\u00f3<\/strong><\/p>\n<h2 style=\"text-align: justify;\">B\u00e9k\u00e9scsaba 1912 El\u0151re SE &#8211; V\u00e1c VLSE<\/h2>\n<h2 style=\"text-align: justify;\">0-0 (0-0)<\/h2>\n<p style=\"text-align: justify;\"><strong>Id\u0151pont:<\/strong> 2019. szeptember 7. (szombat) 13:00 \u00f3ra<\/p>\n<p style=\"text-align: justify;\"><strong>Helysz\u00edn:<\/strong>&nbsp;B\u00e9k\u00e9scsaba, K\u00f3rh\u00e1z utcai Stadion&nbsp;<\/p>\n<p style=\"text-align: center;\"><img decoding=\"async\" class=\"alignnone size-full wp-image-34\" src=\"https:\/\/bcsla.hu\/site\/wp-content\/uploads\/2017\/03\/line_purple.png\" alt=\"\" width=\"680\" height=\"1\" srcset=\"https:\/\/bcsla.hu\/site\/wp-content\/uploads\/2017\/03\/line_purple.png 680w, https:\/\/bcsla.hu\/site\/wp-content\/uploads\/2017\/03\/line_purple-150x1.png 150w, https:\/\/bcsla.hu\/site\/wp-content\/uploads\/2017\/03\/line_purple-300x1.png 300w, https:\/\/bcsla.hu\/site\/wp-content\/uploads\/2017\/03\/line_purple-292x1.png 292w, https:\/\/bcsla.hu\/site\/wp-content\/uploads\/2017\/03\/line_purple-100x1.png 100w, https:\/\/bcsla.hu\/site\/wp-content\/uploads\/2017\/03\/line_purple-50x1.png 50w, https:\/\/bcsla.hu\/site\/wp-content\/uploads\/2017\/03\/line_purple-25x1.png 25w, https:\/\/bcsla.hu\/site\/wp-content\/uploads\/2017\/03\/line_purple-90x1.png 90w\" sizes=\"(max-width: 680px) 100vw, 680px\" \/><\/p>\n<p style=\"text-align: center;\"><img fetchpriority=\"high\" decoding=\"async\" class=\"alignnone size-full wp-image-4503\" src=\"https:\/\/bcsla.hu\/site\/wp-content\/uploads\/2019\/09\/20190907_u19.jpg\" alt=\"\" width=\"680\" height=\"323\" srcset=\"https:\/\/bcsla.hu\/site\/wp-content\/uploads\/2019\/09\/20190907_u19.jpg 680w, https:\/\/bcsla.hu\/site\/wp-content\/uploads\/2019\/09\/20190907_u19-300x143.jpg 300w, https:\/\/bcsla.hu\/site\/wp-content\/uploads\/2019\/09\/20190907_u19-100x48.jpg 100w, https:\/\/bcsla.hu\/site\/wp-content\/uploads\/2019\/09\/20190907_u19-50x24.jpg 50w, https:\/\/bcsla.hu\/site\/wp-content\/uploads\/2019\/09\/20190907_u19-25x12.jpg 25w, https:\/\/bcsla.hu\/site\/wp-content\/uploads\/2019\/09\/20190907_u19-90x43.jpg 90w, https:\/\/bcsla.hu\/site\/wp-content\/uploads\/2019\/09\/20190907_u19-225x107.jpg 225w\" sizes=\"(max-width: 680px) 100vw, 680px\" \/><\/p>\n<p style=\"text-align: center;\"><img decoding=\"async\" class=\"alignnone size-full wp-image-34\" src=\"https:\/\/bcsla.hu\/site\/wp-content\/uploads\/2017\/03\/line_purple.png\" alt=\"\" width=\"680\" height=\"1\" srcset=\"https:\/\/bcsla.hu\/site\/wp-content\/uploads\/2017\/03\/line_purple.png 680w, https:\/\/bcsla.hu\/site\/wp-content\/uploads\/2017\/03\/line_purple-150x1.png 150w, https:\/\/bcsla.hu\/site\/wp-content\/uploads\/2017\/03\/line_purple-300x1.png 300w, https:\/\/bcsla.hu\/site\/wp-content\/uploads\/2017\/03\/line_purple-292x1.png 292w, https:\/\/bcsla.hu\/site\/wp-content\/uploads\/2017\/03\/line_purple-100x1.png 100w, https:\/\/bcsla.hu\/site\/wp-content\/uploads\/2017\/03\/line_purple-50x1.png 50w, https:\/\/bcsla.hu\/site\/wp-content\/uploads\/2017\/03\/line_purple-25x1.png 25w, https:\/\/bcsla.hu\/site\/wp-content\/uploads\/2017\/03\/line_purple-90x1.png 90w\" sizes=\"(max-width: 680px) 100vw, 680px\" \/><\/p>\n<p style=\"text-align: justify;\"><strong>L\u00e1za J\u00e1nos:<\/strong>&nbsp;<em>\u2212 Az els\u0151 f\u00e9lid\u0151ben t\u00f6bbet birtokoltuk a labd\u00e1t, taktikai elk\u00e9pzel\u00e9s\u00fcnket pr\u00f3b\u00e1ltuk r\u00e1k\u00e9nyszer\u00edteni ellenfel\u00fcnkre. Ha \u00e1t\u00fct\u0151er\u0151 nem is volt j\u00e1t\u00e9kunkban, B\u00e1nfi r\u00e9v\u00e9n k\u00e9tszer is megszerezhett\u00fck volna az el\u0151nyt a stabilan v\u00e9dekez\u0151 v\u00e1ciak ellen. A m\u00e1sodik j\u00e1t\u00e9kr\u00e9sz k\u00f6zep\u00e9n nagyobb sebess\u00e9gre kapcsoltak a vend\u00e9gek, \u00edgy sokkal mozgalmasabb lett a tal\u00e1lkoz\u00f3&nbsp;\u00e9s mindk\u00e9t csapatnak ad\u00f3dtak helyzetei, de a d\u00f6nt\u0151 tal\u00e1latot egyik f\u00e9lnek sem siker\u00fclt bevinnie.<\/em><\/p>\n<p style=\"text-align: center;\"><img decoding=\"async\" class=\"alignnone size-full wp-image-34\" src=\"https:\/\/bcsla.hu\/site\/wp-content\/uploads\/2017\/03\/line_purple.png\" alt=\"\" width=\"680\" height=\"1\" srcset=\"https:\/\/bcsla.hu\/site\/wp-content\/uploads\/2017\/03\/line_purple.png 680w, https:\/\/bcsla.hu\/site\/wp-content\/uploads\/2017\/03\/line_purple-150x1.png 150w, https:\/\/bcsla.hu\/site\/wp-content\/uploads\/2017\/03\/line_purple-300x1.png 300w, https:\/\/bcsla.hu\/site\/wp-content\/uploads\/2017\/03\/line_purple-292x1.png 292w, https:\/\/bcsla.hu\/site\/wp-content\/uploads\/2017\/03\/line_purple-100x1.png 100w, https:\/\/bcsla.hu\/site\/wp-content\/uploads\/2017\/03\/line_purple-50x1.png 50w, https:\/\/bcsla.hu\/site\/wp-content\/uploads\/2017\/03\/line_purple-25x1.png 25w, https:\/\/bcsla.hu\/site\/wp-content\/uploads\/2017\/03\/line_purple-90x1.png 90w\" sizes=\"(max-width: 680px) 100vw, 680px\" \/><\/p>\n<a class=\"metro-button mtr-small mtr-red mtr-square mtr-alignleft\" href=\"https:\/\/adatbank.mlsz.hu\/match\/52\/0\/20855\/3\/1477765.html\" title=\"\" target=\"_blank\"> Jegyz\u0151k\u00f6nyv <\/a>\n<p>&nbsp;<\/p>\n","protected":false},"excerpt":{"rendered":"<p>MLSZ U-19 II. oszt\u00e1ly 2019\/2020. 3. fordul\u00f3 B\u00e9k\u00e9scsaba 1912 El\u0151re SE &#8211; V\u00e1c VLSE 0-0 (0-0) Id\u0151pont: 2019. szeptember 7. (szombat) 13:00 \u00f3ra Helysz\u00edn:&nbsp;B\u00e9k\u00e9scsaba, K\u00f3rh\u00e1z utcai Stadion&nbsp; L\u00e1za J\u00e1nos:&nbsp;\u2212 Az els\u0151 f\u00e9lid\u0151ben t\u00f6bbet birtokoltuk a labd\u00e1t, taktikai elk\u00e9pzel\u00e9s\u00fcnket pr\u00f3b\u00e1ltuk r\u00e1k\u00e9nyszer\u00edteni ellenfel\u00fcnkre. Ha \u00e1t\u00fct\u0151er\u0151 nem is volt j\u00e1t\u00e9kunkban, B\u00e1nfi r\u00e9v\u00e9n k\u00e9tszer is megszerezhett\u00fck volna az el\u0151nyt [&hellip;]<\/p>\n","protected":false},"author":1,"featured_media":0,"comment_status":"closed","ping_status":"closed","sticky":false,"template":"","format":"standard","meta":{"footnotes":""},"categories":[6,271,301],"tags":[287,56,60,31],"class_list":["post-4502","post","type-post","status-publish","format-standard","hentry","category-eredmenyek","category-271","category-eredmenyek-u19-20192020","tag-287","tag-eredmeny","tag-u19","tag-merkozes"],"publishpress_future_action":{"enabled":false,"date":"2026-05-03 13:02:45","action":"change-status","newStatus":"draft","terms":[],"taxonomy":"category","extraData":[]},"publishpress_future_workflow_manual_trigger":{"enabledWorkflows":[]},"_links":{"self":[{"href":"https:\/\/bcsla.hu\/site\/wp-json\/wp\/v2\/posts\/4502","targetHints":{"allow":["GET"]}}],"collection":[{"href":"https:\/\/bcsla.hu\/site\/wp-json\/wp\/v2\/posts"}],"about":[{"href":"https:\/\/bcsla.hu\/site\/wp-json\/wp\/v2\/types\/post"}],"author":[{"embeddable":true,"href":"https:\/\/bcsla.hu\/site\/wp-json\/wp\/v2\/users\/1"}],"replies":[{"embeddable":true,"href":"https:\/\/bcsla.hu\/site\/wp-json\/wp\/v2\/comments?post=4502"}],"version-history":[{"count":2,"href":"https:\/\/bcsla.hu\/site\/wp-json\/wp\/v2\/posts\/4502\/revisions"}],"predecessor-version":[{"id":4508,"href":"https:\/\/bcsla.hu\/site\/wp-json\/wp\/v2\/posts\/4502\/revisions\/4508"}],"wp:attachment":[{"href":"https:\/\/bcsla.hu\/site\/wp-json\/wp\/v2\/media?parent=4502"}],"wp:term":[{"taxonomy":"category","embeddable":true,"href":"https:\/\/bcsla.hu\/site\/wp-json\/wp\/v2\/categories?post=4502"},{"taxonomy":"post_tag","embeddable":true,"href":"https:\/\/bcsla.hu\/site\/wp-json\/wp\/v2\/tags?post=4502"}],"curies":[{"name":"wp","href":"https:\/\/api.w.org\/{rel}","templated":true}]}}