{"id":4505,"date":"2019-09-08T09:09:26","date_gmt":"2019-09-08T07:09:26","guid":{"rendered":"https:\/\/bcsla.hu\/site\/?p=4505"},"modified":"2019-09-12T16:51:41","modified_gmt":"2019-09-12T14:51:41","slug":"vac-blse-bekescsaba-1912-elore-se-20190907-u16","status":"publish","type":"post","link":"https:\/\/bcsla.hu\/site\/vac-blse-bekescsaba-1912-elore-se-20190907-u16\/","title":{"rendered":"V\u00e1c BLSE &#8211; B\u00e9k\u00e9scsaba 1912 El\u0151re SE"},"content":{"rendered":"<p><strong>MLSZ U-16 II. oszt\u00e1ly 2019\/2020. 3. fordul\u00f3<\/strong><\/p>\n<h2>V\u00e1c BLSE &#8211; B\u00e9k\u00e9scsaba 1912 El\u0151re SE<\/h2>\n<h2>0-1 (0-1)<\/h2>\n<p><strong>Id\u0151pont:<\/strong> 2019. szeptember 7. (szombat) 12:00 \u00f3ra<\/p>\n<p><strong>Helysz\u00edn:<\/strong>&nbsp;V\u00e1c V\u00e1rosi Stadion tartal\u00e9kp\u00e1lya<\/p>\n<p><strong>S\u00e1rga lap: <\/strong>M\u00e1gocsi Bence (68. perc).<\/p>\n<p><img decoding=\"async\" class=\"alignnone size-full wp-image-34 aligncenter\" src=\"https:\/\/bcsla.hu\/site\/wp-content\/uploads\/2017\/03\/line_purple.png\" alt=\"\" width=\"680\" height=\"1\" srcset=\"https:\/\/bcsla.hu\/site\/wp-content\/uploads\/2017\/03\/line_purple.png 680w, https:\/\/bcsla.hu\/site\/wp-content\/uploads\/2017\/03\/line_purple-150x1.png 150w, https:\/\/bcsla.hu\/site\/wp-content\/uploads\/2017\/03\/line_purple-300x1.png 300w, https:\/\/bcsla.hu\/site\/wp-content\/uploads\/2017\/03\/line_purple-292x1.png 292w, https:\/\/bcsla.hu\/site\/wp-content\/uploads\/2017\/03\/line_purple-100x1.png 100w, https:\/\/bcsla.hu\/site\/wp-content\/uploads\/2017\/03\/line_purple-50x1.png 50w, https:\/\/bcsla.hu\/site\/wp-content\/uploads\/2017\/03\/line_purple-25x1.png 25w, https:\/\/bcsla.hu\/site\/wp-content\/uploads\/2017\/03\/line_purple-90x1.png 90w\" sizes=\"(max-width: 680px) 100vw, 680px\" \/><\/p>\n<p style=\"text-align: center;\"><img fetchpriority=\"high\" decoding=\"async\" class=\"alignnone size-full wp-image-4506\" src=\"https:\/\/bcsla.hu\/site\/wp-content\/uploads\/2019\/09\/20190907_u16.jpg\" alt=\"\" width=\"680\" height=\"320\" srcset=\"https:\/\/bcsla.hu\/site\/wp-content\/uploads\/2019\/09\/20190907_u16.jpg 680w, https:\/\/bcsla.hu\/site\/wp-content\/uploads\/2019\/09\/20190907_u16-300x141.jpg 300w, https:\/\/bcsla.hu\/site\/wp-content\/uploads\/2019\/09\/20190907_u16-100x47.jpg 100w, https:\/\/bcsla.hu\/site\/wp-content\/uploads\/2019\/09\/20190907_u16-50x24.jpg 50w, https:\/\/bcsla.hu\/site\/wp-content\/uploads\/2019\/09\/20190907_u16-25x12.jpg 25w, https:\/\/bcsla.hu\/site\/wp-content\/uploads\/2019\/09\/20190907_u16-90x42.jpg 90w, https:\/\/bcsla.hu\/site\/wp-content\/uploads\/2019\/09\/20190907_u16-225x106.jpg 225w\" sizes=\"(max-width: 680px) 100vw, 680px\" \/><\/p>\n<p style=\"text-align: center;\"><img decoding=\"async\" class=\"alignnone size-full wp-image-34\" src=\"https:\/\/bcsla.hu\/site\/wp-content\/uploads\/2017\/03\/line_purple.png\" alt=\"\" width=\"680\" height=\"1\" srcset=\"https:\/\/bcsla.hu\/site\/wp-content\/uploads\/2017\/03\/line_purple.png 680w, https:\/\/bcsla.hu\/site\/wp-content\/uploads\/2017\/03\/line_purple-150x1.png 150w, https:\/\/bcsla.hu\/site\/wp-content\/uploads\/2017\/03\/line_purple-300x1.png 300w, https:\/\/bcsla.hu\/site\/wp-content\/uploads\/2017\/03\/line_purple-292x1.png 292w, https:\/\/bcsla.hu\/site\/wp-content\/uploads\/2017\/03\/line_purple-100x1.png 100w, https:\/\/bcsla.hu\/site\/wp-content\/uploads\/2017\/03\/line_purple-50x1.png 50w, https:\/\/bcsla.hu\/site\/wp-content\/uploads\/2017\/03\/line_purple-25x1.png 25w, https:\/\/bcsla.hu\/site\/wp-content\/uploads\/2017\/03\/line_purple-90x1.png 90w\" sizes=\"(max-width: 680px) 100vw, 680px\" \/><\/p>\n<p style=\"text-align: justify;\"><strong>Marik L\u00e1szl\u00f3:<\/strong>&nbsp;<em>\u2212&nbsp;A k\u00f6r\u00fclm\u00e9nyeket nem tudjuk m\u00e9ltatni, hiszen a p\u00e1lya \u00e1llapota is hagyott k\u00edv\u00e1nnival\u00f3t maga m\u00f6g\u00f6tt, r\u00e1ad\u00e1sul az id\u0151j\u00e1r\u00e1s sem volt kegyes, hiszen szakad\u00f3 es\u0151ben kellett lej\u00e1tszanunk a m\u00e9rk\u0151z\u00e9st. J\u00e1t\u00e9kosaim nagyot k\u00fczd\u00f6ttek, id\u0151nk\u00e9nt j\u00f3l is j\u00e1tszottak, de ezen a napon is rengeteg ziccert hagytak ki, ami szerencs\u00e9re nem bosszulta meg mag\u00e1t, mert Pavl\u00f3 Bence kiv\u00e9dte a v\u00e1ciak ziccer\u00e9t a 88. percben. Az \u00f6sszk\u00e9p alapj\u00e1n teljesen meg\u00e9rdemelt a gy\u0151zelm\u00fcnk, de tov\u00e1bb kell jav\u00edtanunk a helyzetkihaszn\u00e1l\u00e1sunkon.<\/em><\/p>\n<p style=\"text-align: center;\"><img loading=\"lazy\" decoding=\"async\" class=\"alignnone size-full wp-image-34\" src=\"https:\/\/bcsla.hu\/site\/wp-content\/uploads\/2017\/03\/line_purple.png\" alt=\"\" width=\"680\" height=\"1\" srcset=\"https:\/\/bcsla.hu\/site\/wp-content\/uploads\/2017\/03\/line_purple.png 680w, https:\/\/bcsla.hu\/site\/wp-content\/uploads\/2017\/03\/line_purple-150x1.png 150w, https:\/\/bcsla.hu\/site\/wp-content\/uploads\/2017\/03\/line_purple-300x1.png 300w, https:\/\/bcsla.hu\/site\/wp-content\/uploads\/2017\/03\/line_purple-292x1.png 292w, https:\/\/bcsla.hu\/site\/wp-content\/uploads\/2017\/03\/line_purple-100x1.png 100w, https:\/\/bcsla.hu\/site\/wp-content\/uploads\/2017\/03\/line_purple-50x1.png 50w, https:\/\/bcsla.hu\/site\/wp-content\/uploads\/2017\/03\/line_purple-25x1.png 25w, https:\/\/bcsla.hu\/site\/wp-content\/uploads\/2017\/03\/line_purple-90x1.png 90w\" sizes=\"(max-width: 680px) 100vw, 680px\" \/><\/p>\n<a class=\"metro-button mtr-small mtr-red mtr-square mtr-alignleft\" href=\"https:\/\/adatbank.mlsz.hu\/match\/52\/0\/20857\/3\/1479027.html\" title=\"\" target=\"_blank\"> Jegyz\u0151k\u00f6nyv <\/a>\n<p>&nbsp;<\/p>\n","protected":false},"excerpt":{"rendered":"<p>MLSZ U-16 II. oszt\u00e1ly 2019\/2020. 3. fordul\u00f3 V\u00e1c BLSE &#8211; B\u00e9k\u00e9scsaba 1912 El\u0151re SE 0-1 (0-1) Id\u0151pont: 2019. szeptember 7. (szombat) 12:00 \u00f3ra Helysz\u00edn:&nbsp;V\u00e1c V\u00e1rosi Stadion tartal\u00e9kp\u00e1lya S\u00e1rga lap: M\u00e1gocsi Bence (68. perc). Marik L\u00e1szl\u00f3:&nbsp;\u2212&nbsp;A k\u00f6r\u00fclm\u00e9nyeket nem tudjuk m\u00e9ltatni, hiszen a p\u00e1lya \u00e1llapota is hagyott k\u00edv\u00e1nnival\u00f3t maga m\u00f6g\u00f6tt, r\u00e1ad\u00e1sul az id\u0151j\u00e1r\u00e1s sem volt kegyes, hiszen [&hellip;]<\/p>\n","protected":false},"author":1,"featured_media":0,"comment_status":"closed","ping_status":"closed","sticky":false,"template":"","format":"standard","meta":{"footnotes":""},"categories":[6,271,308],"tags":[287,56,58,31],"class_list":["post-4505","post","type-post","status-publish","format-standard","hentry","category-eredmenyek","category-271","category-eredmenyek-u16-20192020","tag-287","tag-eredmeny","tag-u16","tag-merkozes"],"publishpress_future_action":{"enabled":false,"date":"2026-05-03 13:09:57","action":"change-status","newStatus":"draft","terms":[],"taxonomy":"category","extraData":[]},"publishpress_future_workflow_manual_trigger":{"enabledWorkflows":[]},"_links":{"self":[{"href":"https:\/\/bcsla.hu\/site\/wp-json\/wp\/v2\/posts\/4505","targetHints":{"allow":["GET"]}}],"collection":[{"href":"https:\/\/bcsla.hu\/site\/wp-json\/wp\/v2\/posts"}],"about":[{"href":"https:\/\/bcsla.hu\/site\/wp-json\/wp\/v2\/types\/post"}],"author":[{"embeddable":true,"href":"https:\/\/bcsla.hu\/site\/wp-json\/wp\/v2\/users\/1"}],"replies":[{"embeddable":true,"href":"https:\/\/bcsla.hu\/site\/wp-json\/wp\/v2\/comments?post=4505"}],"version-history":[{"count":1,"href":"https:\/\/bcsla.hu\/site\/wp-json\/wp\/v2\/posts\/4505\/revisions"}],"predecessor-version":[{"id":4507,"href":"https:\/\/bcsla.hu\/site\/wp-json\/wp\/v2\/posts\/4505\/revisions\/4507"}],"wp:attachment":[{"href":"https:\/\/bcsla.hu\/site\/wp-json\/wp\/v2\/media?parent=4505"}],"wp:term":[{"taxonomy":"category","embeddable":true,"href":"https:\/\/bcsla.hu\/site\/wp-json\/wp\/v2\/categories?post=4505"},{"taxonomy":"post_tag","embeddable":true,"href":"https:\/\/bcsla.hu\/site\/wp-json\/wp\/v2\/tags?post=4505"}],"curies":[{"name":"wp","href":"https:\/\/api.w.org\/{rel}","templated":true}]}}