{"id":4530,"date":"2019-09-14T07:14:18","date_gmt":"2019-09-14T05:14:18","guid":{"rendered":"https:\/\/bcsla.hu\/site\/?p=4530"},"modified":"2019-09-14T09:39:57","modified_gmt":"2019-09-14T07:39:57","slug":"bekescsaba-1912-elore-se-szeged-csanad-grosics-akademia-20190904-u13","status":"publish","type":"post","link":"https:\/\/bcsla.hu\/site\/bekescsaba-1912-elore-se-szeged-csanad-grosics-akademia-20190904-u13\/","title":{"rendered":"B\u00e9k\u00e9scsaba 1912 El\u0151re SE \u2013 Szeged-Csan\u00e1d Grosics Akad\u00e9mia"},"content":{"rendered":"<p><strong>MLSZ U-13 I. oszt\u00e1ly D\u00e9l-Kelet 1. fordul\u00f3<\/strong><\/p>\n<h2>B\u00e9k\u00e9scsaba 1912 El\u0151re SE \u2013&nbsp;Szeged-Csan\u00e1d Grosics Akad\u00e9mia<\/h2>\n<h2>3-1 (1-1)<\/h2>\n<p><strong>Id\u0151pont:<\/strong>&nbsp;2019. szeptember 4. (szerda) 15:00 \u00f3ra<\/p>\n<p><strong>Helysz\u00edn:<\/strong>&nbsp;B\u00e9k\u00e9scsaba Labdar\u00fag\u00f3 Akad\u00e9mia<\/p>\n<p style=\"text-align: justify;\"><strong>G\u00f3lszerz\u0151k:<\/strong>&nbsp;Barna D\u00e1niel (22. perc), Csik\u00f3s M\u00e1rk (28. perc), T\u00f3th Patrik (56. perc), V\u00f6r\u00f6s Barnab\u00e1s (59. perc).<\/p>\n<p style=\"text-align: justify;\"><strong>S\u00e1rga lapok:<\/strong>&nbsp;Csik\u00f3s M\u00e1rk (13. perc), Csik\u00f3s D\u00e1vid (31. perc).<\/p>\n<p style=\"text-align: center;\"><img decoding=\"async\" class=\"alignnone size-full wp-image-34\" src=\"https:\/\/bcsla.hu\/site\/wp-content\/uploads\/2017\/03\/line_purple.png\" alt=\"\" width=\"680\" height=\"1\" srcset=\"https:\/\/bcsla.hu\/site\/wp-content\/uploads\/2017\/03\/line_purple.png 680w, https:\/\/bcsla.hu\/site\/wp-content\/uploads\/2017\/03\/line_purple-150x1.png 150w, https:\/\/bcsla.hu\/site\/wp-content\/uploads\/2017\/03\/line_purple-300x1.png 300w, https:\/\/bcsla.hu\/site\/wp-content\/uploads\/2017\/03\/line_purple-292x1.png 292w, https:\/\/bcsla.hu\/site\/wp-content\/uploads\/2017\/03\/line_purple-100x1.png 100w, https:\/\/bcsla.hu\/site\/wp-content\/uploads\/2017\/03\/line_purple-50x1.png 50w, https:\/\/bcsla.hu\/site\/wp-content\/uploads\/2017\/03\/line_purple-25x1.png 25w, https:\/\/bcsla.hu\/site\/wp-content\/uploads\/2017\/03\/line_purple-90x1.png 90w\" sizes=\"(max-width: 680px) 100vw, 680px\" \/><\/p>\n<p style=\"text-align: justify;\"><strong>Balog Zsolt:<\/strong>&nbsp;<em>\u2013&nbsp;Sajnos nem \u00fagy kezdt\u00fck a bajnoks\u00e1got, ahogy szerett\u00fck volna. Nem az eredm\u00e9nnyel, ink\u00e1bb a mutatott j\u00e1t\u00e9kkal voltam el\u00e9gedetlen. B\u00e1r j\u00f3l kezdt\u00fck a m\u00e9rk\u0151z\u00e9st, helyzeteket alak\u00edtottunk ki, de sajnos ezeket nem tudtuk \u00e9rt\u00e9kes\u00edteni. Majd a Szegedet egy sz\u00f6glet ut\u00e1n vezet\u00e9shez seg\u00edtett\u00fck, mert rosszul \u00e9rt\u00fcnk a bead\u00e1sba, mely ut\u00e1n a kapunkba ker\u00fclt a labda. B\u00e1r gyorsan tudtunk egyenl\u00edteni, nagyon sok technikai hib\u00e1val \u00e9s kapkodva j\u00e1tszottunk.&nbsp;T\u00fal gyorsan akartuk befejezni a t\u00e1mad\u00e1sainkat \u00e9s hi\u00e1nyoztak a t\u00e1mad\u00f3j\u00e1t\u00e9kunkb\u00f3l azok a labda n\u00e9lk\u00fcli elmozg\u00e1sok \u00e9s oldalford\u00edt\u00e1sok,&nbsp;melyeket gyakoroltunk &#8211; igaz, a Szeged m\u00e9g \u00edgy sem tudott helyzetet kialak\u00edtani ellen\u00fcnk. Csak az utols\u00f3 t\u00edz percben&nbsp;siker\u00fclt&nbsp;azt a j\u00e1t\u00e9kot ny\u00fajtani, amit tudunk. Ennek meg is lett az eredm\u00e9nye, mert egy sz\u00e9p t\u00e1mad\u00e1s v\u00e9g\u00e9n megszerezt\u00fck a vezet\u00e9st, \u00e9s egy szabadr\u00fag\u00e1s ut\u00e1ni fejessel be is biztos\u00edtottuk a gy\u0151zelm\u00fcnket. Az eredm\u00e9nyhez gratul\u00e1lok, de tudunk enn\u00e9l sokkal jobban is j\u00e1tszani &#8211; hisz j\u00f3csk\u00e1n volt m\u00e1r r\u00e1 p\u00e9lda!<\/em><\/p>\n<p style=\"text-align: justify;\"><strong>Nagy Attila:<\/strong> &#8211;&nbsp;<em>Sokkal b\u00e1trabban j\u00e1tszottunk, mint tavaly, viszont kimaradtak a helyzeteink, ellenfel\u00fcnk szinte minden lehet\u0151s\u00e9g\u00e9t kihaszn\u00e1lta. \u00dagy gondolom, nincs ekkora k\u00fcl\u00f6nbs\u00e9g a k\u00e9t csapat k\u00f6z\u00f6tt, de egy fokkal jobb volt n\u00e1lunk a B\u00e9k\u00e9scsaba.<\/em><\/p>\n<p style=\"text-align: center;\"><img decoding=\"async\" class=\"alignnone size-full wp-image-34\" src=\"https:\/\/bcsla.hu\/site\/wp-content\/uploads\/2017\/03\/line_purple.png\" alt=\"\" width=\"680\" height=\"1\" srcset=\"https:\/\/bcsla.hu\/site\/wp-content\/uploads\/2017\/03\/line_purple.png 680w, https:\/\/bcsla.hu\/site\/wp-content\/uploads\/2017\/03\/line_purple-150x1.png 150w, https:\/\/bcsla.hu\/site\/wp-content\/uploads\/2017\/03\/line_purple-300x1.png 300w, https:\/\/bcsla.hu\/site\/wp-content\/uploads\/2017\/03\/line_purple-292x1.png 292w, https:\/\/bcsla.hu\/site\/wp-content\/uploads\/2017\/03\/line_purple-100x1.png 100w, https:\/\/bcsla.hu\/site\/wp-content\/uploads\/2017\/03\/line_purple-50x1.png 50w, https:\/\/bcsla.hu\/site\/wp-content\/uploads\/2017\/03\/line_purple-25x1.png 25w, https:\/\/bcsla.hu\/site\/wp-content\/uploads\/2017\/03\/line_purple-90x1.png 90w\" sizes=\"(max-width: 680px) 100vw, 680px\" \/><\/p>\n<p style=\"text-align: justify;\"><a class=\"metro-button mtr-small mtr-red mtr-square mtr-alignleft\" href=\"https:\/\/adatbank.mlsz.hu\/match\/52\/0\/21246\/1\/1492617.html\" title=\"\" target=\"_blank\"> Jegyz\u0151k\u00f6nyv <\/a><\/p>\n<p style=\"text-align: center;\"><img decoding=\"async\" class=\"alignnone size-full wp-image-34\" src=\"https:\/\/bcsla.hu\/site\/wp-content\/uploads\/2017\/03\/line_purple.png\" alt=\"\" width=\"680\" height=\"1\" srcset=\"https:\/\/bcsla.hu\/site\/wp-content\/uploads\/2017\/03\/line_purple.png 680w, https:\/\/bcsla.hu\/site\/wp-content\/uploads\/2017\/03\/line_purple-150x1.png 150w, https:\/\/bcsla.hu\/site\/wp-content\/uploads\/2017\/03\/line_purple-300x1.png 300w, https:\/\/bcsla.hu\/site\/wp-content\/uploads\/2017\/03\/line_purple-292x1.png 292w, https:\/\/bcsla.hu\/site\/wp-content\/uploads\/2017\/03\/line_purple-100x1.png 100w, https:\/\/bcsla.hu\/site\/wp-content\/uploads\/2017\/03\/line_purple-50x1.png 50w, https:\/\/bcsla.hu\/site\/wp-content\/uploads\/2017\/03\/line_purple-25x1.png 25w, https:\/\/bcsla.hu\/site\/wp-content\/uploads\/2017\/03\/line_purple-90x1.png 90w\" sizes=\"(max-width: 680px) 100vw, 680px\" \/><\/p>\n<p style=\"text-align: justify;\"><strong>Kapcsol\u00f3d\u00f3 hivatkoz\u00e1s:<\/strong><\/p>\n<p><a href=\"https:\/\/www.szeged-grosicsakademia.hu\/hir\/1121\/elkezdte-az-u12-es-az-u13-is\" target=\"_blank\" rel=\"noopener noreferrer\">https:\/\/www.szeged-grosicsakademia.hu\/hir\/1121\/elkezdte-az-u12-es-az-u13-is<\/a><\/p>\n","protected":false},"excerpt":{"rendered":"<p>MLSZ U-13 I. oszt\u00e1ly D\u00e9l-Kelet 1. fordul\u00f3 B\u00e9k\u00e9scsaba 1912 El\u0151re SE \u2013&nbsp;Szeged-Csan\u00e1d Grosics Akad\u00e9mia 3-1 (1-1) Id\u0151pont:&nbsp;2019. szeptember 4. (szerda) 15:00 \u00f3ra Helysz\u00edn:&nbsp;B\u00e9k\u00e9scsaba Labdar\u00fag\u00f3 Akad\u00e9mia G\u00f3lszerz\u0151k:&nbsp;Barna D\u00e1niel (22. perc), Csik\u00f3s M\u00e1rk (28. perc), T\u00f3th Patrik (56. perc), V\u00f6r\u00f6s Barnab\u00e1s (59. perc). S\u00e1rga lapok:&nbsp;Csik\u00f3s M\u00e1rk (13. perc), Csik\u00f3s D\u00e1vid (31. perc). Balog Zsolt:&nbsp;\u2013&nbsp;Sajnos nem \u00fagy kezdt\u00fck [&hellip;]<\/p>\n","protected":false},"author":1,"featured_media":0,"comment_status":"closed","ping_status":"closed","sticky":false,"template":"","format":"standard","meta":{"footnotes":""},"categories":[6,271,316],"tags":[287,56,313,102,31],"class_list":["post-4530","post","type-post","status-publish","format-standard","hentry","category-eredmenyek","category-271","category-eredmenyek-u13-20192020","tag-287","tag-eredmeny","tag-szeged-csanad-grosics-akademia","tag-u13","tag-merkozes"],"publishpress_future_action":{"enabled":false,"date":"2026-05-03 14:26:35","action":"change-status","newStatus":"draft","terms":[],"taxonomy":"category","extraData":[]},"publishpress_future_workflow_manual_trigger":{"enabledWorkflows":[]},"_links":{"self":[{"href":"https:\/\/bcsla.hu\/site\/wp-json\/wp\/v2\/posts\/4530","targetHints":{"allow":["GET"]}}],"collection":[{"href":"https:\/\/bcsla.hu\/site\/wp-json\/wp\/v2\/posts"}],"about":[{"href":"https:\/\/bcsla.hu\/site\/wp-json\/wp\/v2\/types\/post"}],"author":[{"embeddable":true,"href":"https:\/\/bcsla.hu\/site\/wp-json\/wp\/v2\/users\/1"}],"replies":[{"embeddable":true,"href":"https:\/\/bcsla.hu\/site\/wp-json\/wp\/v2\/comments?post=4530"}],"version-history":[{"count":3,"href":"https:\/\/bcsla.hu\/site\/wp-json\/wp\/v2\/posts\/4530\/revisions"}],"predecessor-version":[{"id":4555,"href":"https:\/\/bcsla.hu\/site\/wp-json\/wp\/v2\/posts\/4530\/revisions\/4555"}],"wp:attachment":[{"href":"https:\/\/bcsla.hu\/site\/wp-json\/wp\/v2\/media?parent=4530"}],"wp:term":[{"taxonomy":"category","embeddable":true,"href":"https:\/\/bcsla.hu\/site\/wp-json\/wp\/v2\/categories?post=4530"},{"taxonomy":"post_tag","embeddable":true,"href":"https:\/\/bcsla.hu\/site\/wp-json\/wp\/v2\/tags?post=4530"}],"curies":[{"name":"wp","href":"https:\/\/api.w.org\/{rel}","templated":true}]}}