{"id":4567,"date":"2019-09-15T07:15:57","date_gmt":"2019-09-15T05:15:57","guid":{"rendered":"https:\/\/bcsla.hu\/site\/?p=4567"},"modified":"2019-09-15T07:15:57","modified_gmt":"2019-09-15T05:15:57","slug":"gyirmot-se-gyor-bekescsaba-1912-elore-se-20190914-u16","status":"publish","type":"post","link":"https:\/\/bcsla.hu\/site\/gyirmot-se-gyor-bekescsaba-1912-elore-se-20190914-u16\/","title":{"rendered":"Gyirm\u00f3t SE Gy\u0151r &#8211; B\u00e9k\u00e9scsaba 1912 El\u0151re SE"},"content":{"rendered":"<p><strong>MLSZ U-16 II. oszt\u00e1ly 2019\/2020. 4. fordul\u00f3<\/strong><\/p>\n<h2>Gyirm\u00f3t SE Gy\u0151r &#8211; B\u00e9k\u00e9scsaba 1912 El\u0151re SE<\/h2>\n<h2>4-1 (2-0)<\/h2>\n<p><strong>Id\u0151pont:<\/strong> 2019. szeptember 14. (szombat) 14:00 \u00f3ra<\/p>\n<p><strong>Helysz\u00edn:<\/strong>&nbsp;Gyirm\u00f3t, Alcufer Stadion<\/p>\n<p><strong>G\u00f3lszerz\u0151k: <\/strong>Bessenyei Dominik (19. perc), Rimai \u00c1kos Mikl\u00f3s (34., 64. \u00e9s 78. perc), Marik Soma (85. perc).<\/p>\n<p>&nbsp;<\/p>\n<p style=\"text-align: center;\"><img decoding=\"async\" class=\"alignnone size-full wp-image-34\" src=\"https:\/\/bcsla.hu\/site\/wp-content\/uploads\/2017\/03\/line_purple.png\" alt=\"\" width=\"680\" height=\"1\" srcset=\"https:\/\/bcsla.hu\/site\/wp-content\/uploads\/2017\/03\/line_purple.png 680w, https:\/\/bcsla.hu\/site\/wp-content\/uploads\/2017\/03\/line_purple-150x1.png 150w, https:\/\/bcsla.hu\/site\/wp-content\/uploads\/2017\/03\/line_purple-300x1.png 300w, https:\/\/bcsla.hu\/site\/wp-content\/uploads\/2017\/03\/line_purple-292x1.png 292w, https:\/\/bcsla.hu\/site\/wp-content\/uploads\/2017\/03\/line_purple-100x1.png 100w, https:\/\/bcsla.hu\/site\/wp-content\/uploads\/2017\/03\/line_purple-50x1.png 50w, https:\/\/bcsla.hu\/site\/wp-content\/uploads\/2017\/03\/line_purple-25x1.png 25w, https:\/\/bcsla.hu\/site\/wp-content\/uploads\/2017\/03\/line_purple-90x1.png 90w\" sizes=\"(max-width: 680px) 100vw, 680px\" \/><\/p>\n<p style=\"text-align: justify;\"><strong>Marik L\u00e1szl\u00f3:<\/strong>&nbsp;<em>\u2212 J\u00f3l kezdt\u00fck a m\u00e9rk\u0151z\u00e9st \u00e9s uraltuk a j\u00e1t\u00e9kot, de kihagytuk a helyzeteinket, m\u00edg a hazaiak a 20. percben az els\u0151 kapura l\u00f6v\u00e9s\u00fckb\u0151l megszerezt\u00e9k a vezet\u00e9st. Ezut\u00e1n k\u00e9t nagy ziccert is kihagytunk \u00e9s ez megbosszulta mag\u00e1t, mert a gyirm\u00f3tiak m\u00e1sodik l\u00f6v\u00e9se is g\u00f3l lett. A m\u00e1sodik f\u00e9lid\u0151ben \u00f3ri\u00e1si f\u00f6l\u00e9nyben j\u00e1tszottunk, de sorra hagytuk ki a helyzeteinket,&nbsp;vend\u00e9gl\u00e1t\u00f3nk pedig sorra kihaszn\u00e1lta a v\u00e9delmi hib\u00e1inkat, \u00edgy az eredm\u00e9ny alapj\u00e1n sima veres\u00e9get szenvedt\u00fcnk egy nyerhet\u0151 m\u00e9rk\u0151z\u00e9sen.<\/em><\/p>\n<p style=\"text-align: center;\"><img decoding=\"async\" class=\"alignnone size-full wp-image-34\" src=\"https:\/\/bcsla.hu\/site\/wp-content\/uploads\/2017\/03\/line_purple.png\" alt=\"\" width=\"680\" height=\"1\" srcset=\"https:\/\/bcsla.hu\/site\/wp-content\/uploads\/2017\/03\/line_purple.png 680w, https:\/\/bcsla.hu\/site\/wp-content\/uploads\/2017\/03\/line_purple-150x1.png 150w, https:\/\/bcsla.hu\/site\/wp-content\/uploads\/2017\/03\/line_purple-300x1.png 300w, https:\/\/bcsla.hu\/site\/wp-content\/uploads\/2017\/03\/line_purple-292x1.png 292w, https:\/\/bcsla.hu\/site\/wp-content\/uploads\/2017\/03\/line_purple-100x1.png 100w, https:\/\/bcsla.hu\/site\/wp-content\/uploads\/2017\/03\/line_purple-50x1.png 50w, https:\/\/bcsla.hu\/site\/wp-content\/uploads\/2017\/03\/line_purple-25x1.png 25w, https:\/\/bcsla.hu\/site\/wp-content\/uploads\/2017\/03\/line_purple-90x1.png 90w\" sizes=\"(max-width: 680px) 100vw, 680px\" \/><\/p>\n<a class=\"metro-button mtr-small mtr-red mtr-square mtr-alignleft\" href=\"https:\/\/adatbank.mlsz.hu\/match\/52\/0\/20857\/4\/1479035.html\" title=\"\" target=\"_blank\"> Jegyz\u0151k\u00f6nyv <\/a>\n<p>&nbsp;<\/p>\n","protected":false},"excerpt":{"rendered":"<p>MLSZ U-16 II. oszt\u00e1ly 2019\/2020. 4. fordul\u00f3 Gyirm\u00f3t SE Gy\u0151r &#8211; B\u00e9k\u00e9scsaba 1912 El\u0151re SE 4-1 (2-0) Id\u0151pont: 2019. szeptember 14. (szombat) 14:00 \u00f3ra Helysz\u00edn:&nbsp;Gyirm\u00f3t, Alcufer Stadion G\u00f3lszerz\u0151k: Bessenyei Dominik (19. perc), Rimai \u00c1kos Mikl\u00f3s (34., 64. \u00e9s 78. perc), Marik Soma (85. perc). &nbsp; Marik L\u00e1szl\u00f3:&nbsp;\u2212 J\u00f3l kezdt\u00fck a m\u00e9rk\u0151z\u00e9st \u00e9s uraltuk a j\u00e1t\u00e9kot, [&hellip;]<\/p>\n","protected":false},"author":1,"featured_media":0,"comment_status":"closed","ping_status":"closed","sticky":false,"template":"","format":"standard","meta":{"footnotes":""},"categories":[6,271,308],"tags":[326,287,56,58,31],"class_list":["post-4567","post","type-post","status-publish","format-standard","hentry","category-eredmenyek","category-271","category-eredmenyek-u16-20192020","tag-gyirmot-se-gyor","tag-287","tag-eredmeny","tag-u16","tag-merkozes"],"publishpress_future_action":{"enabled":false,"date":"2026-05-03 16:32:42","action":"change-status","newStatus":"draft","terms":[],"taxonomy":"category","extraData":[]},"publishpress_future_workflow_manual_trigger":{"enabledWorkflows":[]},"_links":{"self":[{"href":"https:\/\/bcsla.hu\/site\/wp-json\/wp\/v2\/posts\/4567","targetHints":{"allow":["GET"]}}],"collection":[{"href":"https:\/\/bcsla.hu\/site\/wp-json\/wp\/v2\/posts"}],"about":[{"href":"https:\/\/bcsla.hu\/site\/wp-json\/wp\/v2\/types\/post"}],"author":[{"embeddable":true,"href":"https:\/\/bcsla.hu\/site\/wp-json\/wp\/v2\/users\/1"}],"replies":[{"embeddable":true,"href":"https:\/\/bcsla.hu\/site\/wp-json\/wp\/v2\/comments?post=4567"}],"version-history":[{"count":1,"href":"https:\/\/bcsla.hu\/site\/wp-json\/wp\/v2\/posts\/4567\/revisions"}],"predecessor-version":[{"id":4568,"href":"https:\/\/bcsla.hu\/site\/wp-json\/wp\/v2\/posts\/4567\/revisions\/4568"}],"wp:attachment":[{"href":"https:\/\/bcsla.hu\/site\/wp-json\/wp\/v2\/media?parent=4567"}],"wp:term":[{"taxonomy":"category","embeddable":true,"href":"https:\/\/bcsla.hu\/site\/wp-json\/wp\/v2\/categories?post=4567"},{"taxonomy":"post_tag","embeddable":true,"href":"https:\/\/bcsla.hu\/site\/wp-json\/wp\/v2\/tags?post=4567"}],"curies":[{"name":"wp","href":"https:\/\/api.w.org\/{rel}","templated":true}]}}