{"id":4569,"date":"2019-09-19T09:57:43","date_gmt":"2019-09-19T07:57:43","guid":{"rendered":"https:\/\/bcsla.hu\/site\/?p=4569"},"modified":"2019-09-19T10:16:51","modified_gmt":"2019-09-19T08:16:51","slug":"bekescsaba-1912-elore-se-szolnoki-mav-up-fc-20190915-u13","status":"publish","type":"post","link":"https:\/\/bcsla.hu\/site\/bekescsaba-1912-elore-se-szolnoki-mav-up-fc-20190915-u13\/","title":{"rendered":"B\u00e9k\u00e9scsaba 1912 El\u0151re SE \u2013 Szolnoki M\u00c1V UP. FC"},"content":{"rendered":"<p><strong>MLSZ U-13 I. oszt\u00e1ly D\u00e9l-Kelet 2. fordul\u00f3<\/strong><\/p>\n<h2>B\u00e9k\u00e9scsaba 1912 El\u0151re SE \u2013&nbsp;Szolnoki M\u00c1V UP. FC<\/h2>\n<h2>11-0 (7-0)<\/h2>\n<p><strong>Id\u0151pont:<\/strong>&nbsp;2019. szeptember 15. (vas\u00e1rnap) 11:30 \u00f3ra<\/p>\n<p><strong>Helysz\u00edn:<\/strong>&nbsp;B\u00e9k\u00e9scsaba, K\u00f3rh\u00e1z utcai Stadion<\/p>\n<p style=\"text-align: justify;\"><strong>G\u00f3lszerz\u0151k:<\/strong>&nbsp;Igricz Mih\u00e1ly (5., 9., 10. \u00e9s 43. perc), Purzsa Xav\u00e9r (12. perc), D\u00e1vid Kende (25. \u00e9s 27. perc), V\u00f6r\u00f6s Barnab\u00e1s (29. \u00e9s 47. perc), Anda Szil\u00e1rd (34. perc), Csik\u00f3s M\u00e1rk (44. perc).<\/p>\n<p style=\"text-align: center;\"><img decoding=\"async\" class=\"alignnone size-full wp-image-34\" src=\"https:\/\/bcsla.hu\/site\/wp-content\/uploads\/2017\/03\/line_purple.png\" alt=\"\" width=\"680\" height=\"1\" srcset=\"https:\/\/bcsla.hu\/site\/wp-content\/uploads\/2017\/03\/line_purple.png 680w, https:\/\/bcsla.hu\/site\/wp-content\/uploads\/2017\/03\/line_purple-150x1.png 150w, https:\/\/bcsla.hu\/site\/wp-content\/uploads\/2017\/03\/line_purple-300x1.png 300w, https:\/\/bcsla.hu\/site\/wp-content\/uploads\/2017\/03\/line_purple-292x1.png 292w, https:\/\/bcsla.hu\/site\/wp-content\/uploads\/2017\/03\/line_purple-100x1.png 100w, https:\/\/bcsla.hu\/site\/wp-content\/uploads\/2017\/03\/line_purple-50x1.png 50w, https:\/\/bcsla.hu\/site\/wp-content\/uploads\/2017\/03\/line_purple-25x1.png 25w, https:\/\/bcsla.hu\/site\/wp-content\/uploads\/2017\/03\/line_purple-90x1.png 90w\" sizes=\"(max-width: 680px) 100vw, 680px\" \/><\/p>\n<p style=\"text-align: center;\"><img fetchpriority=\"high\" decoding=\"async\" class=\"alignnone size-full wp-image-4573\" src=\"https:\/\/bcsla.hu\/site\/wp-content\/uploads\/2019\/09\/20190915_u13.jpg\" alt=\"\" width=\"640\" height=\"173\" srcset=\"https:\/\/bcsla.hu\/site\/wp-content\/uploads\/2019\/09\/20190915_u13.jpg 640w, https:\/\/bcsla.hu\/site\/wp-content\/uploads\/2019\/09\/20190915_u13-300x81.jpg 300w, https:\/\/bcsla.hu\/site\/wp-content\/uploads\/2019\/09\/20190915_u13-100x27.jpg 100w, https:\/\/bcsla.hu\/site\/wp-content\/uploads\/2019\/09\/20190915_u13-50x14.jpg 50w, https:\/\/bcsla.hu\/site\/wp-content\/uploads\/2019\/09\/20190915_u13-25x7.jpg 25w, https:\/\/bcsla.hu\/site\/wp-content\/uploads\/2019\/09\/20190915_u13-90x24.jpg 90w, https:\/\/bcsla.hu\/site\/wp-content\/uploads\/2019\/09\/20190915_u13-225x61.jpg 225w\" sizes=\"(max-width: 640px) 100vw, 640px\" \/><\/p>\n<p style=\"text-align: center;\"><img decoding=\"async\" class=\"alignnone size-full wp-image-34\" src=\"https:\/\/bcsla.hu\/site\/wp-content\/uploads\/2017\/03\/line_purple.png\" alt=\"\" width=\"680\" height=\"1\" srcset=\"https:\/\/bcsla.hu\/site\/wp-content\/uploads\/2017\/03\/line_purple.png 680w, https:\/\/bcsla.hu\/site\/wp-content\/uploads\/2017\/03\/line_purple-150x1.png 150w, https:\/\/bcsla.hu\/site\/wp-content\/uploads\/2017\/03\/line_purple-300x1.png 300w, https:\/\/bcsla.hu\/site\/wp-content\/uploads\/2017\/03\/line_purple-292x1.png 292w, https:\/\/bcsla.hu\/site\/wp-content\/uploads\/2017\/03\/line_purple-100x1.png 100w, https:\/\/bcsla.hu\/site\/wp-content\/uploads\/2017\/03\/line_purple-50x1.png 50w, https:\/\/bcsla.hu\/site\/wp-content\/uploads\/2017\/03\/line_purple-25x1.png 25w, https:\/\/bcsla.hu\/site\/wp-content\/uploads\/2017\/03\/line_purple-90x1.png 90w\" sizes=\"(max-width: 680px) 100vw, 680px\" \/><\/p>\n<p style=\"text-align: justify;\"><strong>Balog Zsolt:<\/strong>&nbsp;<em>\u2013 A bajnoks\u00e1g m\u00e1sodik fordul\u00f3j\u00e1ban azt a Szolnokot l\u00e1ttuk vend\u00e9g\u00fcl, amely tavaly egyed\u00fclik\u00e9nt pontot tudott szerezni ellen\u00fcnk a bajnoks\u00e1gban. Nagyon j\u00f3l kezdt\u00fck a m\u00e9rk\u0151z\u00e9st \u00e9s tizenkett\u0151 perc alatt n\u00e9gyg\u00f3los el\u0151nyre tett\u00fcnk szert, ezzel gyakorlatilag el is d\u00f6nt\u00f6tt\u00fck a tal\u00e1lkoz\u00f3t. V\u00e9gig magabiztosan j\u00e1tszottunk \u00e9s sz\u00e9p g\u00f3lokat szerezt\u00fcnk. Mivel az eg\u00e9sz m\u00e9rk\u0151z\u00e9st uraltuk, ez\u00e9rt a m\u00e1sodik f\u00e9lid\u0151t k\u00eds\u00e9rletez\u00e9sre haszn\u00e1ltam \u00e9s m\u00e1sik k\u00e9t 4:4:2, 3:5:2 t\u00edpus\u00fa fel\u00e1ll\u00e1sban is kipr\u00f3b\u00e1ltam a csapatot. Mivel kimondottan nem gyakoroltuk ezen hadrendek mozg\u00e1sait, \u00edgy kicsit idegenebb\u00fcl is mozogtak a j\u00e1t\u00e9kosok, b\u00e1r voltak olyan csapatr\u00e9szek, amelyek \u00edgy is tetszettek \u00e9s k\u00e9s\u0151bb is fogjuk alkalmazni. K\u00fcl\u00f6n \u00f6r\u00f6m, hogy a k\u00e9t \u00fajonnan igazolt orosh\u00e1zi j\u00e1t\u00e9kosunk g\u00f3llal tudott bemutatkozni a bajnoki m\u00e9rk\u0151z\u00e9sen. Gratul\u00e1lok a csapatnak a hozz\u00e1\u00e1ll\u00e1s\u00e1hoz \u00e9s a mutatott j\u00e1t\u00e9khoz.<\/em><\/p>\n<p style=\"text-align: center;\"><img decoding=\"async\" class=\"alignnone size-full wp-image-34\" src=\"https:\/\/bcsla.hu\/site\/wp-content\/uploads\/2017\/03\/line_purple.png\" alt=\"\" width=\"680\" height=\"1\" srcset=\"https:\/\/bcsla.hu\/site\/wp-content\/uploads\/2017\/03\/line_purple.png 680w, https:\/\/bcsla.hu\/site\/wp-content\/uploads\/2017\/03\/line_purple-150x1.png 150w, https:\/\/bcsla.hu\/site\/wp-content\/uploads\/2017\/03\/line_purple-300x1.png 300w, https:\/\/bcsla.hu\/site\/wp-content\/uploads\/2017\/03\/line_purple-292x1.png 292w, https:\/\/bcsla.hu\/site\/wp-content\/uploads\/2017\/03\/line_purple-100x1.png 100w, https:\/\/bcsla.hu\/site\/wp-content\/uploads\/2017\/03\/line_purple-50x1.png 50w, https:\/\/bcsla.hu\/site\/wp-content\/uploads\/2017\/03\/line_purple-25x1.png 25w, https:\/\/bcsla.hu\/site\/wp-content\/uploads\/2017\/03\/line_purple-90x1.png 90w\" sizes=\"(max-width: 680px) 100vw, 680px\" \/><\/p>\n<p style=\"text-align: justify;\"><a class=\"metro-button mtr-small mtr-red mtr-square mtr-alignleft\" href=\"https:\/\/adatbank.mlsz.hu\/match\/52\/0\/21246\/2\/1492624.html\" title=\"\" target=\"_blank\"> Jegyz\u0151k\u00f6nyv <\/a><\/p>\n","protected":false},"excerpt":{"rendered":"<p>MLSZ U-13 I. oszt\u00e1ly D\u00e9l-Kelet 2. fordul\u00f3 B\u00e9k\u00e9scsaba 1912 El\u0151re SE \u2013&nbsp;Szolnoki M\u00c1V UP. FC 11-0 (7-0) Id\u0151pont:&nbsp;2019. szeptember 15. (vas\u00e1rnap) 11:30 \u00f3ra Helysz\u00edn:&nbsp;B\u00e9k\u00e9scsaba, K\u00f3rh\u00e1z utcai Stadion G\u00f3lszerz\u0151k:&nbsp;Igricz Mih\u00e1ly (5., 9., 10. \u00e9s 43. perc), Purzsa Xav\u00e9r (12. perc), D\u00e1vid Kende (25. \u00e9s 27. perc), V\u00f6r\u00f6s Barnab\u00e1s (29. \u00e9s 47. perc), Anda Szil\u00e1rd (34. perc), [&hellip;]<\/p>\n","protected":false},"author":1,"featured_media":0,"comment_status":"closed","ping_status":"closed","sticky":false,"template":"","format":"standard","meta":{"footnotes":""},"categories":[6,271,316],"tags":[287,56,315,102,31],"class_list":["post-4569","post","type-post","status-publish","format-standard","hentry","category-eredmenyek","category-271","category-eredmenyek-u13-20192020","tag-287","tag-eredmeny","tag-szolnok","tag-u13","tag-merkozes"],"publishpress_future_action":{"enabled":false,"date":"2026-05-03 16:10:18","action":"change-status","newStatus":"draft","terms":[],"taxonomy":"category","extraData":[]},"publishpress_future_workflow_manual_trigger":{"enabledWorkflows":[]},"_links":{"self":[{"href":"https:\/\/bcsla.hu\/site\/wp-json\/wp\/v2\/posts\/4569","targetHints":{"allow":["GET"]}}],"collection":[{"href":"https:\/\/bcsla.hu\/site\/wp-json\/wp\/v2\/posts"}],"about":[{"href":"https:\/\/bcsla.hu\/site\/wp-json\/wp\/v2\/types\/post"}],"author":[{"embeddable":true,"href":"https:\/\/bcsla.hu\/site\/wp-json\/wp\/v2\/users\/1"}],"replies":[{"embeddable":true,"href":"https:\/\/bcsla.hu\/site\/wp-json\/wp\/v2\/comments?post=4569"}],"version-history":[{"count":5,"href":"https:\/\/bcsla.hu\/site\/wp-json\/wp\/v2\/posts\/4569\/revisions"}],"predecessor-version":[{"id":4575,"href":"https:\/\/bcsla.hu\/site\/wp-json\/wp\/v2\/posts\/4569\/revisions\/4575"}],"wp:attachment":[{"href":"https:\/\/bcsla.hu\/site\/wp-json\/wp\/v2\/media?parent=4569"}],"wp:term":[{"taxonomy":"category","embeddable":true,"href":"https:\/\/bcsla.hu\/site\/wp-json\/wp\/v2\/categories?post=4569"},{"taxonomy":"post_tag","embeddable":true,"href":"https:\/\/bcsla.hu\/site\/wp-json\/wp\/v2\/tags?post=4569"}],"curies":[{"name":"wp","href":"https:\/\/api.w.org\/{rel}","templated":true}]}}