{"id":4580,"date":"2019-09-22T06:44:14","date_gmt":"2019-09-22T04:44:14","guid":{"rendered":"https:\/\/bcsla.hu\/site\/?p=4580"},"modified":"2019-09-22T06:44:14","modified_gmt":"2019-09-22T04:44:14","slug":"bekescsaba-1912-elore-se-ute-20190921_u16","status":"publish","type":"post","link":"https:\/\/bcsla.hu\/site\/bekescsaba-1912-elore-se-ute-20190921_u16\/","title":{"rendered":"B\u00e9k\u00e9scsaba 1912 El\u0151re SE &#8211; UTE"},"content":{"rendered":"<p><strong>MLSZ U-16 II. oszt\u00e1ly 2019\/2020. 5. fordul\u00f3<\/strong><\/p>\n<h2>B\u00e9k\u00e9scsaba 1912 El\u0151re SE &#8211; UTE<\/h2>\n<h2>3-1 (2-1)<\/h2>\n<p><strong>Id\u0151pont:<\/strong> 2019. szeptember 21. (szombat) 12:00 \u00f3ra<\/p>\n<p><strong>Helysz\u00edn:<\/strong>&nbsp;B\u00e9k\u00e9scsaba, K\u00f3rh\u00e1z utcai Stadion<\/p>\n<p><strong>G\u00f3lszerz\u0151k:<\/strong> Zahor\u00e1n \u00c1ron (10. perc), Kor\u00f3gyi Szabolcs (16. perc), Marik Soma (21. perc), Borb\u00e9ly Bence Boldizs\u00e1r (70. perc).<\/p>\n<p><strong>S\u00e1rga lapok: <\/strong>Regd\u00e1nszki M\u00e1t\u00e9 (31. perc), Kov\u00e1cs M\u00e1t\u00e9 (65. perc).<\/p>\n<p style=\"text-align: center;\"><img decoding=\"async\" class=\"alignnone size-full wp-image-34\" src=\"https:\/\/bcsla.hu\/site\/wp-content\/uploads\/2017\/03\/line_purple.png\" alt=\"\" width=\"680\" height=\"1\" srcset=\"https:\/\/bcsla.hu\/site\/wp-content\/uploads\/2017\/03\/line_purple.png 680w, https:\/\/bcsla.hu\/site\/wp-content\/uploads\/2017\/03\/line_purple-150x1.png 150w, https:\/\/bcsla.hu\/site\/wp-content\/uploads\/2017\/03\/line_purple-300x1.png 300w, https:\/\/bcsla.hu\/site\/wp-content\/uploads\/2017\/03\/line_purple-292x1.png 292w, https:\/\/bcsla.hu\/site\/wp-content\/uploads\/2017\/03\/line_purple-100x1.png 100w, https:\/\/bcsla.hu\/site\/wp-content\/uploads\/2017\/03\/line_purple-50x1.png 50w, https:\/\/bcsla.hu\/site\/wp-content\/uploads\/2017\/03\/line_purple-25x1.png 25w, https:\/\/bcsla.hu\/site\/wp-content\/uploads\/2017\/03\/line_purple-90x1.png 90w\" sizes=\"(max-width: 680px) 100vw, 680px\" \/><\/p>\n<p style=\"text-align: justify;\"><strong>Marik L\u00e1szl\u00f3:<\/strong>&nbsp;<em>\u2212 Nagy iram\u00fa, sz\u00ednvonalas m\u00e9rk\u0151z\u00e9st siker\u00fclt megnyern\u00fcnk. Nagy nyom\u00e1st helyezt\u00fcnk az \u00dajpestre, a let\u00e1mad\u00e1sainkb\u00f3l sok labd\u00e1t szerezt\u00fcnk \u00e9s ha pontosabbak vagyunk a kapu el\u0151tt, akkor m\u00e1r az els\u0151 f\u00e9lid\u0151ben eld\u00f6nthett\u00fck volna a m\u00e9rk\u0151z\u00e9st. A m\u00e1sodik&nbsp;j\u00e1t\u00e9kr\u00e9szben&nbsp;a&nbsp;f\u0151v\u00e1rosiak kock\u00e1ztattak \u00e9s h\u00fasz&nbsp;percen \u00e1t uralt\u00e1k a j\u00e1t\u00e9kot &#8211; f\u0151leg az\u00e9rt, mert pontatlanul j\u00e1tszottunk el\u0151re. A cser\u00e9k ut\u00e1n \u00fajra f\u00f6l\u00e9nybe ker\u00fclt\u00fcnk \u00e9s n\u00f6velni tudtuk el\u0151ny\u00fcnket, s\u0151t t\u00f6bb nagy ziccert is kihagytunk. Gy\u0151zelm\u00fcnk teljesen meg\u00e9rdemelt a j\u00f3 k\u00e9pess\u00e9g\u0171 \u00dajpestiek ellen.<\/em><\/p>\n<p style=\"text-align: center;\"><img decoding=\"async\" class=\"alignnone size-full wp-image-34\" src=\"https:\/\/bcsla.hu\/site\/wp-content\/uploads\/2017\/03\/line_purple.png\" alt=\"\" width=\"680\" height=\"1\" srcset=\"https:\/\/bcsla.hu\/site\/wp-content\/uploads\/2017\/03\/line_purple.png 680w, https:\/\/bcsla.hu\/site\/wp-content\/uploads\/2017\/03\/line_purple-150x1.png 150w, https:\/\/bcsla.hu\/site\/wp-content\/uploads\/2017\/03\/line_purple-300x1.png 300w, https:\/\/bcsla.hu\/site\/wp-content\/uploads\/2017\/03\/line_purple-292x1.png 292w, https:\/\/bcsla.hu\/site\/wp-content\/uploads\/2017\/03\/line_purple-100x1.png 100w, https:\/\/bcsla.hu\/site\/wp-content\/uploads\/2017\/03\/line_purple-50x1.png 50w, https:\/\/bcsla.hu\/site\/wp-content\/uploads\/2017\/03\/line_purple-25x1.png 25w, https:\/\/bcsla.hu\/site\/wp-content\/uploads\/2017\/03\/line_purple-90x1.png 90w\" sizes=\"(max-width: 680px) 100vw, 680px\" \/><\/p>\n<a class=\"metro-button mtr-small mtr-red mtr-square mtr-alignleft\" href=\"https:\/\/adatbank.mlsz.hu\/match\/52\/0\/20857\/5\/1479042.html\" title=\"\" target=\"_blank\"> Jegyz\u0151k\u00f6nyv <\/a>\n<p>&nbsp;<\/p>\n","protected":false},"excerpt":{"rendered":"<p>MLSZ U-16 II. oszt\u00e1ly 2019\/2020. 5. fordul\u00f3 B\u00e9k\u00e9scsaba 1912 El\u0151re SE &#8211; UTE 3-1 (2-1) Id\u0151pont: 2019. szeptember 21. (szombat) 12:00 \u00f3ra Helysz\u00edn:&nbsp;B\u00e9k\u00e9scsaba, K\u00f3rh\u00e1z utcai Stadion G\u00f3lszerz\u0151k: Zahor\u00e1n \u00c1ron (10. perc), Kor\u00f3gyi Szabolcs (16. perc), Marik Soma (21. perc), Borb\u00e9ly Bence Boldizs\u00e1r (70. perc). S\u00e1rga lapok: Regd\u00e1nszki M\u00e1t\u00e9 (31. perc), Kov\u00e1cs M\u00e1t\u00e9 (65. perc). Marik [&hellip;]<\/p>\n","protected":false},"author":1,"featured_media":0,"comment_status":"closed","ping_status":"closed","sticky":false,"template":"","format":"standard","meta":{"footnotes":""},"categories":[6,271,308],"tags":[327,287,56,58,31],"class_list":["post-4580","post","type-post","status-publish","format-standard","hentry","category-eredmenyek","category-271","category-eredmenyek-u16-20192020","tag-ute","tag-287","tag-eredmeny","tag-u16","tag-merkozes"],"publishpress_future_action":{"enabled":false,"date":"2026-05-03 16:06:30","action":"change-status","newStatus":"draft","terms":[],"taxonomy":"category","extraData":[]},"publishpress_future_workflow_manual_trigger":{"enabledWorkflows":[]},"_links":{"self":[{"href":"https:\/\/bcsla.hu\/site\/wp-json\/wp\/v2\/posts\/4580","targetHints":{"allow":["GET"]}}],"collection":[{"href":"https:\/\/bcsla.hu\/site\/wp-json\/wp\/v2\/posts"}],"about":[{"href":"https:\/\/bcsla.hu\/site\/wp-json\/wp\/v2\/types\/post"}],"author":[{"embeddable":true,"href":"https:\/\/bcsla.hu\/site\/wp-json\/wp\/v2\/users\/1"}],"replies":[{"embeddable":true,"href":"https:\/\/bcsla.hu\/site\/wp-json\/wp\/v2\/comments?post=4580"}],"version-history":[{"count":1,"href":"https:\/\/bcsla.hu\/site\/wp-json\/wp\/v2\/posts\/4580\/revisions"}],"predecessor-version":[{"id":4581,"href":"https:\/\/bcsla.hu\/site\/wp-json\/wp\/v2\/posts\/4580\/revisions\/4581"}],"wp:attachment":[{"href":"https:\/\/bcsla.hu\/site\/wp-json\/wp\/v2\/media?parent=4580"}],"wp:term":[{"taxonomy":"category","embeddable":true,"href":"https:\/\/bcsla.hu\/site\/wp-json\/wp\/v2\/categories?post=4580"},{"taxonomy":"post_tag","embeddable":true,"href":"https:\/\/bcsla.hu\/site\/wp-json\/wp\/v2\/tags?post=4580"}],"curies":[{"name":"wp","href":"https:\/\/api.w.org\/{rel}","templated":true}]}}