{"id":4585,"date":"2019-09-22T08:18:24","date_gmt":"2019-09-22T06:18:24","guid":{"rendered":"https:\/\/bcsla.hu\/site\/?p=4585"},"modified":"2019-09-22T08:54:57","modified_gmt":"2019-09-22T06:54:57","slug":"bekescsaba-1912-elore-se-bekescsaba-ufc-20190911-u15","status":"publish","type":"post","link":"https:\/\/bcsla.hu\/site\/bekescsaba-1912-elore-se-bekescsaba-ufc-20190911-u15\/","title":{"rendered":"B\u00e9k\u00e9scsaba 1912 El\u0151re SE \u2013 B\u00e9k\u00e9scsaba UFC"},"content":{"rendered":"<p><strong>MLSZ U15 II. oszt\u00e1ly D\u00e9l-Keleti csoport 3. fordul\u00f3<\/strong><\/p>\n<h2>B\u00e9k\u00e9scsaba 1912 El\u0151re SE \u2013&nbsp;B\u00e9k\u00e9scsaba UFC<\/h2>\n<h2>6-0 (2-0)<\/h2>\n<p><strong>Id\u0151pont:<\/strong>&nbsp;2019. szeptember 11. (szerda) 16:00 \u00f3ra<\/p>\n<p><strong>Helysz\u00edn:<\/strong>&nbsp;B\u00e9k\u00e9scsaba Labdar\u00fag\u00f3 Akad\u00e9mia<\/p>\n<p style=\"text-align: justify;\"><strong>G\u00f3lszerz\u0151k:<\/strong>&nbsp;Papp Zsombor (25. perc), Rajsli Tam\u00e1s (37. \u00e9s 59. perc), P\u00e1lfi M\u00e1t\u00e9 (66. perc), Borb\u00e1s Martin (68. \u00e9s 71. perc).&nbsp;<\/p>\n<p style=\"text-align: justify;\"><strong>S\u00e1rga lapok:<\/strong>&nbsp;Kom\u00e1romi Csongor (45. perc), Szab\u00f3 Csan\u00e1d (53. perc), Szincs\u00e1k Viktor Demeter (60. perc).<\/p>\n<p style=\"text-align: center;\"><img decoding=\"async\" class=\"alignnone size-full wp-image-34\" src=\"https:\/\/bcsla.hu\/site\/wp-content\/uploads\/2017\/03\/line_purple.png\" alt=\"\" width=\"680\" height=\"1\" srcset=\"https:\/\/bcsla.hu\/site\/wp-content\/uploads\/2017\/03\/line_purple.png 680w, https:\/\/bcsla.hu\/site\/wp-content\/uploads\/2017\/03\/line_purple-150x1.png 150w, https:\/\/bcsla.hu\/site\/wp-content\/uploads\/2017\/03\/line_purple-300x1.png 300w, https:\/\/bcsla.hu\/site\/wp-content\/uploads\/2017\/03\/line_purple-292x1.png 292w, https:\/\/bcsla.hu\/site\/wp-content\/uploads\/2017\/03\/line_purple-100x1.png 100w, https:\/\/bcsla.hu\/site\/wp-content\/uploads\/2017\/03\/line_purple-50x1.png 50w, https:\/\/bcsla.hu\/site\/wp-content\/uploads\/2017\/03\/line_purple-25x1.png 25w, https:\/\/bcsla.hu\/site\/wp-content\/uploads\/2017\/03\/line_purple-90x1.png 90w\" sizes=\"(max-width: 680px) 100vw, 680px\" \/><\/p>\n<p style=\"text-align: justify;\"><strong>K\u00e9ri Roland:<\/strong> <em>\u2013 A m\u00e9rk\u0151z\u00e9s eg\u00e9sz\u00e9ben ir\u00e1ny\u00edtottuk a j\u00e1t\u00e9kot \u00e9s meg\u00e9rdemelt volt a gy\u0151zelm\u00fcnk. Az els\u0151 f\u00e9lid\u0151ben akadozott a j\u00e1t\u00e9kunk \u00e9s kev\u00e9s g\u00f3lhelyzetet alak\u00edtottunk ki,&nbsp;mert nem megfelel\u0151 ritmusban fociztunk. A m\u00e1sodik&nbsp;j\u00e1t\u00e9kr\u00e9szben volt h\u00fasz perc, amikor mintaszer\u0171en j\u00e1tszottunk &#8211;&nbsp;ilyen j\u00e1t\u00e9kra&nbsp;lenne sz\u00fcks\u00e9g a meccsek eg\u00e9sz id\u0151tartama alatt. Gratul\u00e1lok a sr\u00e1coknak!<\/em><\/p>\n<p style=\"text-align: center;\"><img decoding=\"async\" class=\"alignnone size-full wp-image-34\" src=\"https:\/\/bcsla.hu\/site\/wp-content\/uploads\/2017\/03\/line_purple.png\" alt=\"\" width=\"680\" height=\"1\" srcset=\"https:\/\/bcsla.hu\/site\/wp-content\/uploads\/2017\/03\/line_purple.png 680w, https:\/\/bcsla.hu\/site\/wp-content\/uploads\/2017\/03\/line_purple-150x1.png 150w, https:\/\/bcsla.hu\/site\/wp-content\/uploads\/2017\/03\/line_purple-300x1.png 300w, https:\/\/bcsla.hu\/site\/wp-content\/uploads\/2017\/03\/line_purple-292x1.png 292w, https:\/\/bcsla.hu\/site\/wp-content\/uploads\/2017\/03\/line_purple-100x1.png 100w, https:\/\/bcsla.hu\/site\/wp-content\/uploads\/2017\/03\/line_purple-50x1.png 50w, https:\/\/bcsla.hu\/site\/wp-content\/uploads\/2017\/03\/line_purple-25x1.png 25w, https:\/\/bcsla.hu\/site\/wp-content\/uploads\/2017\/03\/line_purple-90x1.png 90w\" sizes=\"(max-width: 680px) 100vw, 680px\" \/><\/p>\n<p style=\"text-align: justify;\"><a class=\"metro-button mtr-small mtr-red mtr-square mtr-alignleft\" href=\"https:\/\/adatbank.mlsz.hu\/match\/52\/6\/21220\/3\/1487550.html\" title=\"\" target=\"_blank\"> Jegyz\u0151k\u00f6nyv <\/a><\/p>\n<p style=\"text-align: justify;\">&nbsp;<\/p>\n","protected":false},"excerpt":{"rendered":"<p>MLSZ U15 II. oszt\u00e1ly D\u00e9l-Keleti csoport 3. fordul\u00f3 B\u00e9k\u00e9scsaba 1912 El\u0151re SE \u2013&nbsp;B\u00e9k\u00e9scsaba UFC 6-0 (2-0) Id\u0151pont:&nbsp;2019. szeptember 11. (szerda) 16:00 \u00f3ra Helysz\u00edn:&nbsp;B\u00e9k\u00e9scsaba Labdar\u00fag\u00f3 Akad\u00e9mia G\u00f3lszerz\u0151k:&nbsp;Papp Zsombor (25. perc), Rajsli Tam\u00e1s (37. \u00e9s 59. perc), P\u00e1lfi M\u00e1t\u00e9 (66. perc), Borb\u00e1s Martin (68. \u00e9s 71. perc).&nbsp; S\u00e1rga lapok:&nbsp;Kom\u00e1romi Csongor (45. perc), Szab\u00f3 Csan\u00e1d (53. perc), Szincs\u00e1k [&hellip;]<\/p>\n","protected":false},"author":1,"featured_media":0,"comment_status":"closed","ping_status":"closed","sticky":false,"template":"","format":"standard","meta":{"footnotes":""},"categories":[6,312,271],"tags":[287,37,56,101,31],"class_list":["post-4585","post","type-post","status-publish","format-standard","hentry","category-eredmenyek","category-eredmenyek-u15-20192020","category-271","tag-287","tag-ufc","tag-eredmeny","tag-u15","tag-merkozes"],"publishpress_future_action":{"enabled":false,"date":"2026-05-03 16:10:18","action":"change-status","newStatus":"draft","terms":[],"taxonomy":"category","extraData":[]},"publishpress_future_workflow_manual_trigger":{"enabledWorkflows":[]},"_links":{"self":[{"href":"https:\/\/bcsla.hu\/site\/wp-json\/wp\/v2\/posts\/4585","targetHints":{"allow":["GET"]}}],"collection":[{"href":"https:\/\/bcsla.hu\/site\/wp-json\/wp\/v2\/posts"}],"about":[{"href":"https:\/\/bcsla.hu\/site\/wp-json\/wp\/v2\/types\/post"}],"author":[{"embeddable":true,"href":"https:\/\/bcsla.hu\/site\/wp-json\/wp\/v2\/users\/1"}],"replies":[{"embeddable":true,"href":"https:\/\/bcsla.hu\/site\/wp-json\/wp\/v2\/comments?post=4585"}],"version-history":[{"count":3,"href":"https:\/\/bcsla.hu\/site\/wp-json\/wp\/v2\/posts\/4585\/revisions"}],"predecessor-version":[{"id":4664,"href":"https:\/\/bcsla.hu\/site\/wp-json\/wp\/v2\/posts\/4585\/revisions\/4664"}],"wp:attachment":[{"href":"https:\/\/bcsla.hu\/site\/wp-json\/wp\/v2\/media?parent=4585"}],"wp:term":[{"taxonomy":"category","embeddable":true,"href":"https:\/\/bcsla.hu\/site\/wp-json\/wp\/v2\/categories?post=4585"},{"taxonomy":"post_tag","embeddable":true,"href":"https:\/\/bcsla.hu\/site\/wp-json\/wp\/v2\/tags?post=4585"}],"curies":[{"name":"wp","href":"https:\/\/api.w.org\/{rel}","templated":true}]}}