{"id":4597,"date":"2019-09-22T15:48:51","date_gmt":"2019-09-22T13:48:51","guid":{"rendered":"https:\/\/bcsla.hu\/site\/?p=4597"},"modified":"2019-09-22T15:49:40","modified_gmt":"2019-09-22T13:49:40","slug":"gyirmot-se-gyor-bekescsaba-1912-elore-se-20190921-u19","status":"publish","type":"post","link":"https:\/\/bcsla.hu\/site\/gyirmot-se-gyor-bekescsaba-1912-elore-se-20190921-u19\/","title":{"rendered":"Gyirm\u00f3t SE Gy\u0151r &#8211; B\u00e9k\u00e9scsaba 1912 El\u0151re SE"},"content":{"rendered":"<p style=\"text-align: justify;\"><strong>MLSZ U-19 II. oszt\u00e1ly 2019\/2020. 5. fordul\u00f3<\/strong><\/p>\n<h2 style=\"text-align: justify;\">Gyirm\u00f3t SE Gy\u0151r &#8211; B\u00e9k\u00e9scsaba 1912 El\u0151re SE<\/h2>\n<h2 style=\"text-align: justify;\">2-4 (0-0)<\/h2>\n<p style=\"text-align: justify;\"><strong>Id\u0151pont:<\/strong> 2019. szeptember 21. (szombat) 14:00 \u00f3ra<\/p>\n<p style=\"text-align: justify;\"><strong>Helysz\u00edn:<\/strong>&nbsp;Gy\u0151r, Alcufer Stadion<\/p>\n<p style=\"text-align: justify;\"><strong>G\u00f3lszerz\u0151k:<\/strong>&nbsp;Pap Szabolcs (63. perc), B\u00f3nus Marcell (68. perc), Kov\u00e1cs Ott\u00f3 Benjamin (77. perc), Babyigit Mil\u00e1n (86. perc), Kasik \u00c1kos (92. perc), Pap Szabolcs (93. perc).<\/p>\n<p style=\"text-align: justify;\"><strong>S\u00e1rga lapok:&nbsp;<\/strong>Zelik Csaba (62. perc), Kors\u00f3s Dominik (70. perc), Sipaki Patrik Martin (71. perc).<\/p>\n<p style=\"text-align: center;\"><img decoding=\"async\" class=\"alignnone size-full wp-image-34\" src=\"https:\/\/bcsla.hu\/site\/wp-content\/uploads\/2017\/03\/line_purple.png\" alt=\"\" width=\"680\" height=\"1\" srcset=\"https:\/\/bcsla.hu\/site\/wp-content\/uploads\/2017\/03\/line_purple.png 680w, https:\/\/bcsla.hu\/site\/wp-content\/uploads\/2017\/03\/line_purple-150x1.png 150w, https:\/\/bcsla.hu\/site\/wp-content\/uploads\/2017\/03\/line_purple-300x1.png 300w, https:\/\/bcsla.hu\/site\/wp-content\/uploads\/2017\/03\/line_purple-292x1.png 292w, https:\/\/bcsla.hu\/site\/wp-content\/uploads\/2017\/03\/line_purple-100x1.png 100w, https:\/\/bcsla.hu\/site\/wp-content\/uploads\/2017\/03\/line_purple-50x1.png 50w, https:\/\/bcsla.hu\/site\/wp-content\/uploads\/2017\/03\/line_purple-25x1.png 25w, https:\/\/bcsla.hu\/site\/wp-content\/uploads\/2017\/03\/line_purple-90x1.png 90w\" sizes=\"(max-width: 680px) 100vw, 680px\" \/><\/p>\n<p style=\"text-align: center;\"><img fetchpriority=\"high\" decoding=\"async\" class=\"alignnone size-full wp-image-4598\" src=\"https:\/\/bcsla.hu\/site\/wp-content\/uploads\/2019\/09\/20190921_u19.jpg\" alt=\"\" width=\"680\" height=\"271\" srcset=\"https:\/\/bcsla.hu\/site\/wp-content\/uploads\/2019\/09\/20190921_u19.jpg 680w, https:\/\/bcsla.hu\/site\/wp-content\/uploads\/2019\/09\/20190921_u19-300x120.jpg 300w, https:\/\/bcsla.hu\/site\/wp-content\/uploads\/2019\/09\/20190921_u19-100x40.jpg 100w, https:\/\/bcsla.hu\/site\/wp-content\/uploads\/2019\/09\/20190921_u19-50x20.jpg 50w, https:\/\/bcsla.hu\/site\/wp-content\/uploads\/2019\/09\/20190921_u19-25x10.jpg 25w, https:\/\/bcsla.hu\/site\/wp-content\/uploads\/2019\/09\/20190921_u19-90x36.jpg 90w, https:\/\/bcsla.hu\/site\/wp-content\/uploads\/2019\/09\/20190921_u19-225x90.jpg 225w\" sizes=\"(max-width: 680px) 100vw, 680px\" \/><\/p>\n<p style=\"text-align: center;\"><img decoding=\"async\" class=\"alignnone size-full wp-image-34\" src=\"https:\/\/bcsla.hu\/site\/wp-content\/uploads\/2017\/03\/line_purple.png\" alt=\"\" width=\"680\" height=\"1\" srcset=\"https:\/\/bcsla.hu\/site\/wp-content\/uploads\/2017\/03\/line_purple.png 680w, https:\/\/bcsla.hu\/site\/wp-content\/uploads\/2017\/03\/line_purple-150x1.png 150w, https:\/\/bcsla.hu\/site\/wp-content\/uploads\/2017\/03\/line_purple-300x1.png 300w, https:\/\/bcsla.hu\/site\/wp-content\/uploads\/2017\/03\/line_purple-292x1.png 292w, https:\/\/bcsla.hu\/site\/wp-content\/uploads\/2017\/03\/line_purple-100x1.png 100w, https:\/\/bcsla.hu\/site\/wp-content\/uploads\/2017\/03\/line_purple-50x1.png 50w, https:\/\/bcsla.hu\/site\/wp-content\/uploads\/2017\/03\/line_purple-25x1.png 25w, https:\/\/bcsla.hu\/site\/wp-content\/uploads\/2017\/03\/line_purple-90x1.png 90w\" sizes=\"(max-width: 680px) 100vw, 680px\" \/><\/p>\n<p style=\"text-align: justify;\"><strong>L\u00e1za J\u00e1nos:<\/strong>&nbsp;<em>\u2212&nbsp;Az els\u0151 f\u00e9lid\u0151 kiegyenl\u00edtett j\u00e1t\u00e9kot hozott, t\u00e1mad\u00e1saink fel\u00e9p\u00edt\u00e9s\u00e9t sok technikai hiba jellemezte, m\u00edg a hazaiak gyors t\u00e1mad\u00e1saiban folyamatosan benne volt a g\u00f3lszerz\u00e9s vesz\u00e9lye. A m\u00e1sodik j\u00e1t\u00e9kr\u00e9szben a m\u00e9rk\u0151z\u00e9s ir\u00e1ny\u00edt\u00e1sa meghozta k\u00e9tg\u00f3los vezet\u00e9s\u00fcnket \u00e9s k\u00f6zel \u00e1lltunk a harmadikhoz is, amikor ellenfel\u00fcnk tal\u00e1lata \u00fajra ny\u00edltt\u00e1 tette a tal\u00e1lkoz\u00f3t. A m\u00e9rk\u0151z\u00e9s eg\u00e9sz\u00e9t tekintve nem j\u00e1tszottunk j\u00f3l, de az utols\u00f3 t\u00edz perc igazi foci\u00e9lm\u00e9nyt hozott, hiszen a hazai egyenl\u00edt\u00e9s ut\u00e1n, a hosszabb\u00edt\u00e1sban meg tudtuk nyerni a gy\u0151ri m\u00e9rk\u0151z\u00e9st. Gratul\u00e1lok a fi\u00faknak, hiszen egy neh\u00e9z meccsen, neh\u00e9z helyzetb\u0151l tudt\u00e1k megszerezni a gy\u0151zelmet!<\/em><\/p>\n<p style=\"text-align: center;\"><img decoding=\"async\" class=\"alignnone size-full wp-image-34\" src=\"https:\/\/bcsla.hu\/site\/wp-content\/uploads\/2017\/03\/line_purple.png\" alt=\"\" width=\"680\" height=\"1\" srcset=\"https:\/\/bcsla.hu\/site\/wp-content\/uploads\/2017\/03\/line_purple.png 680w, https:\/\/bcsla.hu\/site\/wp-content\/uploads\/2017\/03\/line_purple-150x1.png 150w, https:\/\/bcsla.hu\/site\/wp-content\/uploads\/2017\/03\/line_purple-300x1.png 300w, https:\/\/bcsla.hu\/site\/wp-content\/uploads\/2017\/03\/line_purple-292x1.png 292w, https:\/\/bcsla.hu\/site\/wp-content\/uploads\/2017\/03\/line_purple-100x1.png 100w, https:\/\/bcsla.hu\/site\/wp-content\/uploads\/2017\/03\/line_purple-50x1.png 50w, https:\/\/bcsla.hu\/site\/wp-content\/uploads\/2017\/03\/line_purple-25x1.png 25w, https:\/\/bcsla.hu\/site\/wp-content\/uploads\/2017\/03\/line_purple-90x1.png 90w\" sizes=\"(max-width: 680px) 100vw, 680px\" \/><\/p>\n<a class=\"metro-button mtr-small mtr-red mtr-square mtr-alignleft\" href=\"https:\/\/adatbank.mlsz.hu\/match\/52\/0\/20855\/5\/1477780.html\" title=\"\" target=\"_blank\"> Jegyz\u0151k\u00f6nyv <\/a>\n<p>&nbsp;<\/p>\n","protected":false},"excerpt":{"rendered":"<p>MLSZ U-19 II. oszt\u00e1ly 2019\/2020. 5. fordul\u00f3 Gyirm\u00f3t SE Gy\u0151r &#8211; B\u00e9k\u00e9scsaba 1912 El\u0151re SE 2-4 (0-0) Id\u0151pont: 2019. szeptember 21. (szombat) 14:00 \u00f3ra Helysz\u00edn:&nbsp;Gy\u0151r, Alcufer Stadion G\u00f3lszerz\u0151k:&nbsp;Pap Szabolcs (63. perc), B\u00f3nus Marcell (68. perc), Kov\u00e1cs Ott\u00f3 Benjamin (77. perc), Babyigit Mil\u00e1n (86. perc), Kasik \u00c1kos (92. perc), Pap Szabolcs (93. perc). S\u00e1rga lapok:&nbsp;Zelik Csaba [&hellip;]<\/p>\n","protected":false},"author":1,"featured_media":0,"comment_status":"closed","ping_status":"closed","sticky":false,"template":"","format":"standard","meta":{"footnotes":""},"categories":[6,271,301],"tags":[326,287,56,60,31],"class_list":["post-4597","post","type-post","status-publish","format-standard","hentry","category-eredmenyek","category-271","category-eredmenyek-u19-20192020","tag-gyirmot-se-gyor","tag-287","tag-eredmeny","tag-u19","tag-merkozes"],"publishpress_future_action":{"enabled":false,"date":"2026-05-03 18:02:00","action":"change-status","newStatus":"draft","terms":[],"taxonomy":"category","extraData":[]},"publishpress_future_workflow_manual_trigger":{"enabledWorkflows":[]},"_links":{"self":[{"href":"https:\/\/bcsla.hu\/site\/wp-json\/wp\/v2\/posts\/4597","targetHints":{"allow":["GET"]}}],"collection":[{"href":"https:\/\/bcsla.hu\/site\/wp-json\/wp\/v2\/posts"}],"about":[{"href":"https:\/\/bcsla.hu\/site\/wp-json\/wp\/v2\/types\/post"}],"author":[{"embeddable":true,"href":"https:\/\/bcsla.hu\/site\/wp-json\/wp\/v2\/users\/1"}],"replies":[{"embeddable":true,"href":"https:\/\/bcsla.hu\/site\/wp-json\/wp\/v2\/comments?post=4597"}],"version-history":[{"count":2,"href":"https:\/\/bcsla.hu\/site\/wp-json\/wp\/v2\/posts\/4597\/revisions"}],"predecessor-version":[{"id":4600,"href":"https:\/\/bcsla.hu\/site\/wp-json\/wp\/v2\/posts\/4597\/revisions\/4600"}],"wp:attachment":[{"href":"https:\/\/bcsla.hu\/site\/wp-json\/wp\/v2\/media?parent=4597"}],"wp:term":[{"taxonomy":"category","embeddable":true,"href":"https:\/\/bcsla.hu\/site\/wp-json\/wp\/v2\/categories?post=4597"},{"taxonomy":"post_tag","embeddable":true,"href":"https:\/\/bcsla.hu\/site\/wp-json\/wp\/v2\/tags?post=4597"}],"curies":[{"name":"wp","href":"https:\/\/api.w.org\/{rel}","templated":true}]}}