{"id":4607,"date":"2019-09-23T14:26:52","date_gmt":"2019-09-23T12:26:52","guid":{"rendered":"https:\/\/bcsla.hu\/site\/?p=4607"},"modified":"2019-09-23T14:26:52","modified_gmt":"2019-09-23T12:26:52","slug":"bekescsaba-1912-elore-se-puskas-akademia-fc-20190922-u19-leany","status":"publish","type":"post","link":"https:\/\/bcsla.hu\/site\/bekescsaba-1912-elore-se-puskas-akademia-fc-20190922-u19-leany\/","title":{"rendered":"B\u00e9k\u00e9scsaba 1912 El\u0151re SE &#8211; Pusk\u00e1s Akad\u00e9mia FC"},"content":{"rendered":"<p><strong>Le\u00e1ny U-19 Kiemelt csoport 3. fordul\u00f3<\/strong><\/p>\n<h2>B\u00e9k\u00e9scsaba 1912 El\u0151re SE &#8211; Pusk\u00e1s Akad\u00e9mia FC<\/h2>\n<h2>0-10 (0-6)<\/h2>\n<p style=\"text-align: justify;\"><strong>Id\u0151pont:<\/strong>&nbsp;2019. szeptember 22. (vas\u00e1rnap) 13:00 \u00f3ra<\/p>\n<p style=\"text-align: justify;\"><strong>Helysz\u00edn:<\/strong>&nbsp;B\u00e9k\u00e9scsaba, K\u00f3rh\u00e1z utcai Stadion<\/p>\n<p style=\"text-align: justify;\"><strong>G\u00f3lszerz\u0151k:<\/strong>&nbsp;Lov\u00e1sz Emma (6. \u00e9s 76. perc), Janos\u00fctz Evelin (18. \u00e9s 32. perc), Tam\u00f3k Rebeka (24. perc), Palakovics Laura (28., 74. \u00e9s 87. perc), Kaj\u00e1ri Gabriella Napsug\u00e1r (34. perc), Csapl\u00e1r Daniella (59. perc).<\/p>\n<p style=\"text-align: center;\"><img decoding=\"async\" class=\"alignnone size-full wp-image-34\" src=\"https:\/\/bcsla.hu\/site\/wp-content\/uploads\/2017\/03\/line_purple.png\" alt=\"\" width=\"680\" height=\"1\" srcset=\"https:\/\/bcsla.hu\/site\/wp-content\/uploads\/2017\/03\/line_purple.png 680w, https:\/\/bcsla.hu\/site\/wp-content\/uploads\/2017\/03\/line_purple-150x1.png 150w, https:\/\/bcsla.hu\/site\/wp-content\/uploads\/2017\/03\/line_purple-300x1.png 300w, https:\/\/bcsla.hu\/site\/wp-content\/uploads\/2017\/03\/line_purple-292x1.png 292w, https:\/\/bcsla.hu\/site\/wp-content\/uploads\/2017\/03\/line_purple-100x1.png 100w, https:\/\/bcsla.hu\/site\/wp-content\/uploads\/2017\/03\/line_purple-50x1.png 50w, https:\/\/bcsla.hu\/site\/wp-content\/uploads\/2017\/03\/line_purple-25x1.png 25w, https:\/\/bcsla.hu\/site\/wp-content\/uploads\/2017\/03\/line_purple-90x1.png 90w\" sizes=\"(max-width: 680px) 100vw, 680px\" \/><\/p>\n<p style=\"text-align: justify;\"><a class=\"metro-button mtr-small mtr-red mtr-square mtr-alignleft\" href=\"https:\/\/adatbank.mlsz.hu\/match\/52\/0\/20925\/3\/1502891.html\" title=\"\" target=\"_blank\"> Jegyz\u0151k\u00f6nyv <\/a><\/p>\n","protected":false},"excerpt":{"rendered":"<p>Le\u00e1ny U-19 Kiemelt csoport 3. fordul\u00f3 B\u00e9k\u00e9scsaba 1912 El\u0151re SE &#8211; Pusk\u00e1s Akad\u00e9mia FC 0-10 (0-6) Id\u0151pont:&nbsp;2019. szeptember 22. (vas\u00e1rnap) 13:00 \u00f3ra Helysz\u00edn:&nbsp;B\u00e9k\u00e9scsaba, K\u00f3rh\u00e1z utcai Stadion G\u00f3lszerz\u0151k:&nbsp;Lov\u00e1sz Emma (6. \u00e9s 76. perc), Janos\u00fctz Evelin (18. \u00e9s 32. perc), Tam\u00f3k Rebeka (24. perc), Palakovics Laura (28., 74. \u00e9s 87. perc), Kaj\u00e1ri Gabriella Napsug\u00e1r (34. perc), Csapl\u00e1r [&hellip;]<\/p>\n","protected":false},"author":1,"featured_media":0,"comment_status":"closed","ping_status":"closed","sticky":false,"template":"","format":"standard","meta":{"footnotes":""},"categories":[6,271,321],"tags":[332,169,287,56,60,31],"class_list":["post-4607","post","type-post","status-publish","format-standard","hentry","category-eredmenyek","category-271","category-eredmenyek-u19-leany-20192020","tag-puskas-akademia","tag-leany","tag-287","tag-eredmeny","tag-u19","tag-merkozes"],"publishpress_future_action":{"enabled":false,"date":"2026-05-03 18:00:32","action":"change-status","newStatus":"draft","terms":[],"taxonomy":"category","extraData":[]},"publishpress_future_workflow_manual_trigger":{"enabledWorkflows":[]},"_links":{"self":[{"href":"https:\/\/bcsla.hu\/site\/wp-json\/wp\/v2\/posts\/4607","targetHints":{"allow":["GET"]}}],"collection":[{"href":"https:\/\/bcsla.hu\/site\/wp-json\/wp\/v2\/posts"}],"about":[{"href":"https:\/\/bcsla.hu\/site\/wp-json\/wp\/v2\/types\/post"}],"author":[{"embeddable":true,"href":"https:\/\/bcsla.hu\/site\/wp-json\/wp\/v2\/users\/1"}],"replies":[{"embeddable":true,"href":"https:\/\/bcsla.hu\/site\/wp-json\/wp\/v2\/comments?post=4607"}],"version-history":[{"count":1,"href":"https:\/\/bcsla.hu\/site\/wp-json\/wp\/v2\/posts\/4607\/revisions"}],"predecessor-version":[{"id":4608,"href":"https:\/\/bcsla.hu\/site\/wp-json\/wp\/v2\/posts\/4607\/revisions\/4608"}],"wp:attachment":[{"href":"https:\/\/bcsla.hu\/site\/wp-json\/wp\/v2\/media?parent=4607"}],"wp:term":[{"taxonomy":"category","embeddable":true,"href":"https:\/\/bcsla.hu\/site\/wp-json\/wp\/v2\/categories?post=4607"},{"taxonomy":"post_tag","embeddable":true,"href":"https:\/\/bcsla.hu\/site\/wp-json\/wp\/v2\/tags?post=4607"}],"curies":[{"name":"wp","href":"https:\/\/api.w.org\/{rel}","templated":true}]}}