{"id":4627,"date":"2019-09-26T15:43:30","date_gmt":"2019-09-26T13:43:30","guid":{"rendered":"https:\/\/bcsla.hu\/site\/?p=4627"},"modified":"2019-10-01T06:15:24","modified_gmt":"2019-10-01T04:15:24","slug":"bekescsaba-1912-elore-se-cegledi-vse-20190925-u13","status":"publish","type":"post","link":"https:\/\/bcsla.hu\/site\/bekescsaba-1912-elore-se-cegledi-vse-20190925-u13\/","title":{"rendered":"B\u00e9k\u00e9scsaba 1912 El\u0151re SE \u2013 Cegl\u00e9di VSE"},"content":{"rendered":"<p><strong>MLSZ U-13 I. oszt\u00e1ly D\u00e9l-Kelet 4. fordul\u00f3<\/strong><\/p>\n<h2>B\u00e9k\u00e9scsaba 1912 El\u0151re SE \u2013 Cegl\u00e9di VSE<\/h2>\n<h2>6-0 (2-0)<\/h2>\n<p><strong>Id\u0151pont:<\/strong>&nbsp;2019. szeptember 25. (szerda) 15:30 \u00f3ra<\/p>\n<p><strong>Helysz\u00edn:<\/strong>&nbsp;B\u00e9k\u00e9scsaba, K\u00f3rh\u00e1z utcai Stadion<\/p>\n<p style=\"text-align: justify;\"><strong>G\u00f3lszerz\u0151k:<\/strong>&nbsp;Igricz Mih\u00e1ly (17., 21. \u00e9s 53. perc), D\u00e1vid Kende (40. perc), T\u00f3th Patrik (46. perc), Zahor\u00e1n D\u00e1vid (56. perc).<\/p>\n<p style=\"text-align: center;\"><img decoding=\"async\" class=\"alignnone size-full wp-image-34\" src=\"https:\/\/bcsla.hu\/site\/wp-content\/uploads\/2017\/03\/line_purple.png\" alt=\"\" width=\"680\" height=\"1\" srcset=\"https:\/\/bcsla.hu\/site\/wp-content\/uploads\/2017\/03\/line_purple.png 680w, https:\/\/bcsla.hu\/site\/wp-content\/uploads\/2017\/03\/line_purple-150x1.png 150w, https:\/\/bcsla.hu\/site\/wp-content\/uploads\/2017\/03\/line_purple-300x1.png 300w, https:\/\/bcsla.hu\/site\/wp-content\/uploads\/2017\/03\/line_purple-292x1.png 292w, https:\/\/bcsla.hu\/site\/wp-content\/uploads\/2017\/03\/line_purple-100x1.png 100w, https:\/\/bcsla.hu\/site\/wp-content\/uploads\/2017\/03\/line_purple-50x1.png 50w, https:\/\/bcsla.hu\/site\/wp-content\/uploads\/2017\/03\/line_purple-25x1.png 25w, https:\/\/bcsla.hu\/site\/wp-content\/uploads\/2017\/03\/line_purple-90x1.png 90w\" sizes=\"(max-width: 680px) 100vw, 680px\" \/><\/p>\n<p style=\"text-align: center;\"><img fetchpriority=\"high\" decoding=\"async\" class=\"alignnone size-full wp-image-4715\" src=\"https:\/\/bcsla.hu\/site\/wp-content\/uploads\/2019\/09\/20190925_u13.jpg\" alt=\"\" width=\"640\" height=\"326\" srcset=\"https:\/\/bcsla.hu\/site\/wp-content\/uploads\/2019\/09\/20190925_u13.jpg 640w, https:\/\/bcsla.hu\/site\/wp-content\/uploads\/2019\/09\/20190925_u13-300x153.jpg 300w, https:\/\/bcsla.hu\/site\/wp-content\/uploads\/2019\/09\/20190925_u13-100x51.jpg 100w, https:\/\/bcsla.hu\/site\/wp-content\/uploads\/2019\/09\/20190925_u13-50x25.jpg 50w, https:\/\/bcsla.hu\/site\/wp-content\/uploads\/2019\/09\/20190925_u13-25x13.jpg 25w, https:\/\/bcsla.hu\/site\/wp-content\/uploads\/2019\/09\/20190925_u13-90x46.jpg 90w, https:\/\/bcsla.hu\/site\/wp-content\/uploads\/2019\/09\/20190925_u13-225x115.jpg 225w\" sizes=\"(max-width: 640px) 100vw, 640px\" \/><\/p>\n<p style=\"text-align: center;\"><img decoding=\"async\" class=\"alignnone size-full wp-image-34\" src=\"https:\/\/bcsla.hu\/site\/wp-content\/uploads\/2017\/03\/line_purple.png\" alt=\"\" width=\"680\" height=\"1\" srcset=\"https:\/\/bcsla.hu\/site\/wp-content\/uploads\/2017\/03\/line_purple.png 680w, https:\/\/bcsla.hu\/site\/wp-content\/uploads\/2017\/03\/line_purple-150x1.png 150w, https:\/\/bcsla.hu\/site\/wp-content\/uploads\/2017\/03\/line_purple-300x1.png 300w, https:\/\/bcsla.hu\/site\/wp-content\/uploads\/2017\/03\/line_purple-292x1.png 292w, https:\/\/bcsla.hu\/site\/wp-content\/uploads\/2017\/03\/line_purple-100x1.png 100w, https:\/\/bcsla.hu\/site\/wp-content\/uploads\/2017\/03\/line_purple-50x1.png 50w, https:\/\/bcsla.hu\/site\/wp-content\/uploads\/2017\/03\/line_purple-25x1.png 25w, https:\/\/bcsla.hu\/site\/wp-content\/uploads\/2017\/03\/line_purple-90x1.png 90w\" sizes=\"(max-width: 680px) 100vw, 680px\" \/><\/p>\n<p style=\"text-align: justify;\"><strong>Balog Zsolt:<\/strong>&nbsp;<em>\u2013&nbsp;A bajnoks\u00e1gban eddig m\u00e9g hib\u00e1tlan Cegl\u00e9det fogattuk a h\u00e9tk\u00f6zi fordul\u00f3ban. Kijelenthet\u0151, hogy a mez\u0151ny tal\u00e1n leger\u0151sebb ellenfel\u00e9vel tal\u00e1lkozhattunk szerd\u00e1n. Nem&nbsp;t\u00fal j\u00f3 el\u0151jelekkel k\u00e9sz\u00fclt\u00fcnk a tal\u00e1lkoz\u00f3ra,&nbsp;hiszen a h\u00e9ten t\u00f6bben is betegs\u00e9ggel, s\u00e9r\u00fcl\u00e9ssel k\u00fczd\u00f6ttek. Annak viszont nagyon \u00f6r\u00fcltem, hogy j\u00e1t\u00e9kosaim lelkesed\u00e9se, hozz\u00e1\u00e1ll\u00e1sa tov\u00e1bbra is rendben volt.&nbsp;M\u00e1r&nbsp;az els\u0151 perct\u0151l kezdve meg akart\u00e1k mutatni, hogy joggal vezetj\u00fck a tabell\u00e1t, \u00edgy v\u00e9gig uralni tudtuk a m\u00e9rk\u0151z\u00e9s menet\u00e9t. L\u00e1ttam a csillog\u00e1st a szemekben, hogy nem akartak p\u00e1rharcot vesz\u00edteni vagy \u00e9ppen nem engedt\u00e9k, hogy elvigy\u00e9k mellett\u00fck a labd\u00e1t, ez\u00e9rt sprintben k\u00f6zlekedtek. Felv\u00e1llaltuk a labda n\u00e9lk\u00fcli \u00fcres ter\u00fcletbe indul\u00e1sokat&nbsp;is, \u00edgy sz\u00e9p g\u00f3lokat szerezve, magabiztos j\u00e1t\u00e9kkal szerezt\u00fck meg a gy\u0151zelmet. Gratul\u00e1lok a csapatnak!<\/em><\/p>\n<p style=\"text-align: center;\"><img decoding=\"async\" class=\"alignnone size-full wp-image-34\" src=\"https:\/\/bcsla.hu\/site\/wp-content\/uploads\/2017\/03\/line_purple.png\" alt=\"\" width=\"680\" height=\"1\" srcset=\"https:\/\/bcsla.hu\/site\/wp-content\/uploads\/2017\/03\/line_purple.png 680w, https:\/\/bcsla.hu\/site\/wp-content\/uploads\/2017\/03\/line_purple-150x1.png 150w, https:\/\/bcsla.hu\/site\/wp-content\/uploads\/2017\/03\/line_purple-300x1.png 300w, https:\/\/bcsla.hu\/site\/wp-content\/uploads\/2017\/03\/line_purple-292x1.png 292w, https:\/\/bcsla.hu\/site\/wp-content\/uploads\/2017\/03\/line_purple-100x1.png 100w, https:\/\/bcsla.hu\/site\/wp-content\/uploads\/2017\/03\/line_purple-50x1.png 50w, https:\/\/bcsla.hu\/site\/wp-content\/uploads\/2017\/03\/line_purple-25x1.png 25w, https:\/\/bcsla.hu\/site\/wp-content\/uploads\/2017\/03\/line_purple-90x1.png 90w\" sizes=\"(max-width: 680px) 100vw, 680px\" \/><\/p>\n<p style=\"text-align: justify;\"><a class=\"metro-button mtr-small mtr-red mtr-square mtr-alignleft\" href=\"http:\/\/ada1bank.mlsz.hu\/match?itemId=1492640&#038;evad=52&#038;szervezet=0&#038;verseny=21246&#038;fordulo=4\" title=\"\" target=\"_blank\"> Jegyz\u0151k\u00f6nyv <\/a><\/p>\n","protected":false},"excerpt":{"rendered":"<p>MLSZ U-13 I. oszt\u00e1ly D\u00e9l-Kelet 4. fordul\u00f3 B\u00e9k\u00e9scsaba 1912 El\u0151re SE \u2013 Cegl\u00e9di VSE 6-0 (2-0) Id\u0151pont:&nbsp;2019. szeptember 25. (szerda) 15:30 \u00f3ra Helysz\u00edn:&nbsp;B\u00e9k\u00e9scsaba, K\u00f3rh\u00e1z utcai Stadion G\u00f3lszerz\u0151k:&nbsp;Igricz Mih\u00e1ly (17., 21. \u00e9s 53. perc), D\u00e1vid Kende (40. perc), T\u00f3th Patrik (46. perc), Zahor\u00e1n D\u00e1vid (56. perc). Balog Zsolt:&nbsp;\u2013&nbsp;A bajnoks\u00e1gban eddig m\u00e9g hib\u00e1tlan Cegl\u00e9det fogattuk a h\u00e9tk\u00f6zi [&hellip;]<\/p>\n","protected":false},"author":1,"featured_media":0,"comment_status":"closed","ping_status":"closed","sticky":false,"template":"","format":"standard","meta":{"footnotes":""},"categories":[6,271,316],"tags":[287,56,341,102,31],"class_list":["post-4627","post","type-post","status-publish","format-standard","hentry","category-eredmenyek","category-271","category-eredmenyek-u13-20192020","tag-287","tag-eredmeny","tag-cegled","tag-u13","tag-merkozes"],"publishpress_future_action":{"enabled":false,"date":"2026-05-03 18:00:37","action":"change-status","newStatus":"draft","terms":[],"taxonomy":"category","extraData":[]},"publishpress_future_workflow_manual_trigger":{"enabledWorkflows":[]},"_links":{"self":[{"href":"https:\/\/bcsla.hu\/site\/wp-json\/wp\/v2\/posts\/4627","targetHints":{"allow":["GET"]}}],"collection":[{"href":"https:\/\/bcsla.hu\/site\/wp-json\/wp\/v2\/posts"}],"about":[{"href":"https:\/\/bcsla.hu\/site\/wp-json\/wp\/v2\/types\/post"}],"author":[{"embeddable":true,"href":"https:\/\/bcsla.hu\/site\/wp-json\/wp\/v2\/users\/1"}],"replies":[{"embeddable":true,"href":"https:\/\/bcsla.hu\/site\/wp-json\/wp\/v2\/comments?post=4627"}],"version-history":[{"count":3,"href":"https:\/\/bcsla.hu\/site\/wp-json\/wp\/v2\/posts\/4627\/revisions"}],"predecessor-version":[{"id":4716,"href":"https:\/\/bcsla.hu\/site\/wp-json\/wp\/v2\/posts\/4627\/revisions\/4716"}],"wp:attachment":[{"href":"https:\/\/bcsla.hu\/site\/wp-json\/wp\/v2\/media?parent=4627"}],"wp:term":[{"taxonomy":"category","embeddable":true,"href":"https:\/\/bcsla.hu\/site\/wp-json\/wp\/v2\/categories?post=4627"},{"taxonomy":"post_tag","embeddable":true,"href":"https:\/\/bcsla.hu\/site\/wp-json\/wp\/v2\/tags?post=4627"}],"curies":[{"name":"wp","href":"https:\/\/api.w.org\/{rel}","templated":true}]}}