{"id":4660,"date":"2019-09-28T09:32:08","date_gmt":"2019-09-28T07:32:08","guid":{"rendered":"https:\/\/bcsla.hu\/site\/?p=4660"},"modified":"2019-10-01T06:47:04","modified_gmt":"2019-10-01T04:47:04","slug":"bekescsaba-1912-elore-se-gyulasport-nonprofit-kft-20190927-u15","status":"publish","type":"post","link":"https:\/\/bcsla.hu\/site\/bekescsaba-1912-elore-se-gyulasport-nonprofit-kft-20190927-u15\/","title":{"rendered":"B\u00e9k\u00e9scsaba 1912 El\u0151re SE &#8211; Gyulasport Nonprofit Kft."},"content":{"rendered":"<p><strong>MLSZ U15 II. oszt\u00e1ly D\u00e9l-Keleti csoport 5. fordul\u00f3<\/strong><\/p>\n<h2>B\u00e9k\u00e9scsaba 1912 El\u0151re SE &#8211; Gyulasport Nonprofit Kft.<\/h2>\n<h2>4-0 (1-0)<\/h2>\n<p style=\"text-align: justify;\"><strong>Id\u0151pont:<\/strong>&nbsp;2019. szeptember 27. (p\u00e9ntek) 16:30 \u00f3ra<\/p>\n<p style=\"text-align: justify;\"><strong>Helysz\u00edn:<\/strong>&nbsp;B\u00e9k\u00e9scsaba Labdar\u00fag\u00f3 Akad\u00e9mia<\/p>\n<p style=\"text-align: justify;\"><strong>G\u00f3lszerz\u0151k:<\/strong>&nbsp;Rajsli Tam\u00e1s (40. perc), Barna \u00c1d\u00e1m (60. perc), Orvos Levente (63. perc), Werle Zal\u00e1n (64. perc).<\/p>\n<p style=\"text-align: center;\"><img decoding=\"async\" class=\"alignnone size-full wp-image-34\" src=\"https:\/\/bcsla.hu\/site\/wp-content\/uploads\/2017\/03\/line_purple.png\" alt=\"\" width=\"680\" height=\"1\" srcset=\"https:\/\/bcsla.hu\/site\/wp-content\/uploads\/2017\/03\/line_purple.png 680w, https:\/\/bcsla.hu\/site\/wp-content\/uploads\/2017\/03\/line_purple-150x1.png 150w, https:\/\/bcsla.hu\/site\/wp-content\/uploads\/2017\/03\/line_purple-300x1.png 300w, https:\/\/bcsla.hu\/site\/wp-content\/uploads\/2017\/03\/line_purple-292x1.png 292w, https:\/\/bcsla.hu\/site\/wp-content\/uploads\/2017\/03\/line_purple-100x1.png 100w, https:\/\/bcsla.hu\/site\/wp-content\/uploads\/2017\/03\/line_purple-50x1.png 50w, https:\/\/bcsla.hu\/site\/wp-content\/uploads\/2017\/03\/line_purple-25x1.png 25w, https:\/\/bcsla.hu\/site\/wp-content\/uploads\/2017\/03\/line_purple-90x1.png 90w\" sizes=\"(max-width: 680px) 100vw, 680px\" \/><\/p>\n<p style=\"text-align: center;\"><img fetchpriority=\"high\" decoding=\"async\" class=\"alignnone size-full wp-image-4721\" src=\"https:\/\/bcsla.hu\/site\/wp-content\/uploads\/2019\/09\/20190927_u15.jpg\" alt=\"\" width=\"640\" height=\"332\" srcset=\"https:\/\/bcsla.hu\/site\/wp-content\/uploads\/2019\/09\/20190927_u15.jpg 640w, https:\/\/bcsla.hu\/site\/wp-content\/uploads\/2019\/09\/20190927_u15-300x156.jpg 300w, https:\/\/bcsla.hu\/site\/wp-content\/uploads\/2019\/09\/20190927_u15-100x52.jpg 100w, https:\/\/bcsla.hu\/site\/wp-content\/uploads\/2019\/09\/20190927_u15-50x26.jpg 50w, https:\/\/bcsla.hu\/site\/wp-content\/uploads\/2019\/09\/20190927_u15-25x13.jpg 25w, https:\/\/bcsla.hu\/site\/wp-content\/uploads\/2019\/09\/20190927_u15-90x47.jpg 90w, https:\/\/bcsla.hu\/site\/wp-content\/uploads\/2019\/09\/20190927_u15-225x117.jpg 225w\" sizes=\"(max-width: 640px) 100vw, 640px\" \/><\/p>\n<p style=\"text-align: center;\"><img decoding=\"async\" class=\"alignnone size-full wp-image-34\" src=\"https:\/\/bcsla.hu\/site\/wp-content\/uploads\/2017\/03\/line_purple.png\" alt=\"\" width=\"680\" height=\"1\" srcset=\"https:\/\/bcsla.hu\/site\/wp-content\/uploads\/2017\/03\/line_purple.png 680w, https:\/\/bcsla.hu\/site\/wp-content\/uploads\/2017\/03\/line_purple-150x1.png 150w, https:\/\/bcsla.hu\/site\/wp-content\/uploads\/2017\/03\/line_purple-300x1.png 300w, https:\/\/bcsla.hu\/site\/wp-content\/uploads\/2017\/03\/line_purple-292x1.png 292w, https:\/\/bcsla.hu\/site\/wp-content\/uploads\/2017\/03\/line_purple-100x1.png 100w, https:\/\/bcsla.hu\/site\/wp-content\/uploads\/2017\/03\/line_purple-50x1.png 50w, https:\/\/bcsla.hu\/site\/wp-content\/uploads\/2017\/03\/line_purple-25x1.png 25w, https:\/\/bcsla.hu\/site\/wp-content\/uploads\/2017\/03\/line_purple-90x1.png 90w\" sizes=\"(max-width: 680px) 100vw, 680px\" \/><\/p>\n<p style=\"text-align: justify;\"><strong>K\u00e9ri Roland:<\/strong>&nbsp;<em>\u2013&nbsp;Arr\u00f3l a m\u00e9rk\u0151z\u00e9sr\u0151l neh\u00e9z nyilatkozni, amelyen a csapat n\u00e9gy g\u00f3llal nyer, de megk\u00f6zel\u00edt\u0151leg h\u00fasz igaz\u00e1n nagy g\u00f3lhelyzetet dolgoz ki. \u00d6r\u00f6mteli a kidolgozott helyzetek sz\u00e1ma, de az azok kihaszn\u00e1l\u00e1sa m\u00e1r nem annyira. Tov\u00e1bb kell gyakorolnunk a befejez\u00e9seket, hogy a lehet\u0151s\u00e9geket min\u00e9l jobb ar\u00e1nyban tudjuk g\u00f3lokra v\u00e1ltani.<\/em><\/p>\n<p style=\"text-align: center;\"><img decoding=\"async\" class=\"alignnone size-full wp-image-34\" src=\"https:\/\/bcsla.hu\/site\/wp-content\/uploads\/2017\/03\/line_purple.png\" alt=\"\" width=\"680\" height=\"1\" srcset=\"https:\/\/bcsla.hu\/site\/wp-content\/uploads\/2017\/03\/line_purple.png 680w, https:\/\/bcsla.hu\/site\/wp-content\/uploads\/2017\/03\/line_purple-150x1.png 150w, https:\/\/bcsla.hu\/site\/wp-content\/uploads\/2017\/03\/line_purple-300x1.png 300w, https:\/\/bcsla.hu\/site\/wp-content\/uploads\/2017\/03\/line_purple-292x1.png 292w, https:\/\/bcsla.hu\/site\/wp-content\/uploads\/2017\/03\/line_purple-100x1.png 100w, https:\/\/bcsla.hu\/site\/wp-content\/uploads\/2017\/03\/line_purple-50x1.png 50w, https:\/\/bcsla.hu\/site\/wp-content\/uploads\/2017\/03\/line_purple-25x1.png 25w, https:\/\/bcsla.hu\/site\/wp-content\/uploads\/2017\/03\/line_purple-90x1.png 90w\" sizes=\"(max-width: 680px) 100vw, 680px\" \/><\/p>\n<p style=\"text-align: justify;\"><a class=\"metro-button mtr-small mtr-red mtr-square mtr-alignleft\" href=\"https:\/\/adatbank.mlsz.hu\/match\/52\/6\/21220\/5\/1487564.html\" title=\"\" target=\"_blank\"> Jegyz\u0151k\u00f6nyv <\/a><\/p>\n","protected":false},"excerpt":{"rendered":"<p>MLSZ U15 II. oszt\u00e1ly D\u00e9l-Keleti csoport 5. fordul\u00f3 B\u00e9k\u00e9scsaba 1912 El\u0151re SE &#8211; Gyulasport Nonprofit Kft. 4-0 (1-0) Id\u0151pont:&nbsp;2019. szeptember 27. (p\u00e9ntek) 16:30 \u00f3ra Helysz\u00edn:&nbsp;B\u00e9k\u00e9scsaba Labdar\u00fag\u00f3 Akad\u00e9mia G\u00f3lszerz\u0151k:&nbsp;Rajsli Tam\u00e1s (40. perc), Barna \u00c1d\u00e1m (60. perc), Orvos Levente (63. perc), Werle Zal\u00e1n (64. perc). K\u00e9ri Roland:&nbsp;\u2013&nbsp;Arr\u00f3l a m\u00e9rk\u0151z\u00e9sr\u0151l neh\u00e9z nyilatkozni, amelyen a csapat n\u00e9gy g\u00f3llal nyer, [&hellip;]<\/p>\n","protected":false},"author":1,"featured_media":0,"comment_status":"closed","ping_status":"closed","sticky":false,"template":"","format":"standard","meta":{"footnotes":""},"categories":[6,312,271],"tags":[287,56,101,31,355],"class_list":["post-4660","post","type-post","status-publish","format-standard","hentry","category-eredmenyek","category-eredmenyek-u15-20192020","category-271","tag-287","tag-eredmeny","tag-u15","tag-merkozes","tag-gyula"],"publishpress_future_action":{"enabled":false,"date":"2026-05-03 17:41:09","action":"change-status","newStatus":"draft","terms":[],"taxonomy":"category","extraData":[]},"publishpress_future_workflow_manual_trigger":{"enabledWorkflows":[]},"_links":{"self":[{"href":"https:\/\/bcsla.hu\/site\/wp-json\/wp\/v2\/posts\/4660","targetHints":{"allow":["GET"]}}],"collection":[{"href":"https:\/\/bcsla.hu\/site\/wp-json\/wp\/v2\/posts"}],"about":[{"href":"https:\/\/bcsla.hu\/site\/wp-json\/wp\/v2\/types\/post"}],"author":[{"embeddable":true,"href":"https:\/\/bcsla.hu\/site\/wp-json\/wp\/v2\/users\/1"}],"replies":[{"embeddable":true,"href":"https:\/\/bcsla.hu\/site\/wp-json\/wp\/v2\/comments?post=4660"}],"version-history":[{"count":3,"href":"https:\/\/bcsla.hu\/site\/wp-json\/wp\/v2\/posts\/4660\/revisions"}],"predecessor-version":[{"id":4722,"href":"https:\/\/bcsla.hu\/site\/wp-json\/wp\/v2\/posts\/4660\/revisions\/4722"}],"wp:attachment":[{"href":"https:\/\/bcsla.hu\/site\/wp-json\/wp\/v2\/media?parent=4660"}],"wp:term":[{"taxonomy":"category","embeddable":true,"href":"https:\/\/bcsla.hu\/site\/wp-json\/wp\/v2\/categories?post=4660"},{"taxonomy":"post_tag","embeddable":true,"href":"https:\/\/bcsla.hu\/site\/wp-json\/wp\/v2\/tags?post=4660"}],"curies":[{"name":"wp","href":"https:\/\/api.w.org\/{rel}","templated":true}]}}