{"id":4665,"date":"2019-09-28T10:20:34","date_gmt":"2019-09-28T08:20:34","guid":{"rendered":"https:\/\/bcsla.hu\/site\/?p=4665"},"modified":"2019-09-28T10:20:34","modified_gmt":"2019-09-28T08:20:34","slug":"torokszentmiklosi-fc-bekescsaba-1912-elore-se-20190922-u15","status":"publish","type":"post","link":"https:\/\/bcsla.hu\/site\/torokszentmiklosi-fc-bekescsaba-1912-elore-se-20190922-u15\/","title":{"rendered":"T\u00f6r\u00f6kszentmikl\u00f3si FC &#8211; B\u00e9k\u00e9scsaba 1912 El\u0151re SE"},"content":{"rendered":"<p><strong>MLSZ U15 II. oszt\u00e1ly D\u00e9l-Keleti csoport 4. fordul\u00f3<\/strong><\/p>\n<h2>T\u00f6r\u00f6kszentmikl\u00f3si FC &#8211; B\u00e9k\u00e9scsaba 1912 El\u0151re SE<\/h2>\n<h2>0-7 (0-1)<\/h2>\n<p><strong>Id\u0151pont:<\/strong>&nbsp;2019. szeptember 22. (vas\u00e1rnap) 12:00 \u00f3ra<\/p>\n<p><strong>Helysz\u00edn:<\/strong>&nbsp;T\u00f6r\u00f6kszentmikl\u00f3s<\/p>\n<p style=\"text-align: justify;\"><strong>G\u00f3lszerz\u0151k:<\/strong>&nbsp;Szab\u00f3 Csan\u00e1d (8. perc), Papp Zsombor (45. perc), Werle Zal\u00e1n (54. perc), Rajsli Tam\u00e1s (57. perc), Orvos Levente (65. perc), Barna \u00c1d\u00e1m (67. perc), Borb\u00e1s Martin (80. perc).&nbsp;<\/p>\n<p style=\"text-align: justify;\"><strong>S\u00e1rga lapok:<\/strong>&nbsp;T\u00f3th Andr\u00e1s (52. perc), Moln\u00e1r Tibor (61. perc).<\/p>\n<p style=\"text-align: center;\"><img decoding=\"async\" class=\"alignnone size-full wp-image-34\" src=\"https:\/\/bcsla.hu\/site\/wp-content\/uploads\/2017\/03\/line_purple.png\" alt=\"\" width=\"680\" height=\"1\" srcset=\"https:\/\/bcsla.hu\/site\/wp-content\/uploads\/2017\/03\/line_purple.png 680w, https:\/\/bcsla.hu\/site\/wp-content\/uploads\/2017\/03\/line_purple-150x1.png 150w, https:\/\/bcsla.hu\/site\/wp-content\/uploads\/2017\/03\/line_purple-300x1.png 300w, https:\/\/bcsla.hu\/site\/wp-content\/uploads\/2017\/03\/line_purple-292x1.png 292w, https:\/\/bcsla.hu\/site\/wp-content\/uploads\/2017\/03\/line_purple-100x1.png 100w, https:\/\/bcsla.hu\/site\/wp-content\/uploads\/2017\/03\/line_purple-50x1.png 50w, https:\/\/bcsla.hu\/site\/wp-content\/uploads\/2017\/03\/line_purple-25x1.png 25w, https:\/\/bcsla.hu\/site\/wp-content\/uploads\/2017\/03\/line_purple-90x1.png 90w\" sizes=\"(max-width: 680px) 100vw, 680px\" \/><\/p>\n<p style=\"text-align: center;\"><img fetchpriority=\"high\" decoding=\"async\" class=\"alignnone size-full wp-image-4666\" src=\"https:\/\/bcsla.hu\/site\/wp-content\/uploads\/2019\/09\/20190922_u15.jpg\" alt=\"\" width=\"680\" height=\"322\" srcset=\"https:\/\/bcsla.hu\/site\/wp-content\/uploads\/2019\/09\/20190922_u15.jpg 680w, https:\/\/bcsla.hu\/site\/wp-content\/uploads\/2019\/09\/20190922_u15-300x142.jpg 300w, https:\/\/bcsla.hu\/site\/wp-content\/uploads\/2019\/09\/20190922_u15-100x47.jpg 100w, https:\/\/bcsla.hu\/site\/wp-content\/uploads\/2019\/09\/20190922_u15-50x24.jpg 50w, https:\/\/bcsla.hu\/site\/wp-content\/uploads\/2019\/09\/20190922_u15-25x12.jpg 25w, https:\/\/bcsla.hu\/site\/wp-content\/uploads\/2019\/09\/20190922_u15-90x43.jpg 90w, https:\/\/bcsla.hu\/site\/wp-content\/uploads\/2019\/09\/20190922_u15-225x107.jpg 225w\" sizes=\"(max-width: 680px) 100vw, 680px\" \/><\/p>\n<p style=\"text-align: center;\"><img decoding=\"async\" class=\"alignnone size-full wp-image-34\" src=\"https:\/\/bcsla.hu\/site\/wp-content\/uploads\/2017\/03\/line_purple.png\" alt=\"\" width=\"680\" height=\"1\" srcset=\"https:\/\/bcsla.hu\/site\/wp-content\/uploads\/2017\/03\/line_purple.png 680w, https:\/\/bcsla.hu\/site\/wp-content\/uploads\/2017\/03\/line_purple-150x1.png 150w, https:\/\/bcsla.hu\/site\/wp-content\/uploads\/2017\/03\/line_purple-300x1.png 300w, https:\/\/bcsla.hu\/site\/wp-content\/uploads\/2017\/03\/line_purple-292x1.png 292w, https:\/\/bcsla.hu\/site\/wp-content\/uploads\/2017\/03\/line_purple-100x1.png 100w, https:\/\/bcsla.hu\/site\/wp-content\/uploads\/2017\/03\/line_purple-50x1.png 50w, https:\/\/bcsla.hu\/site\/wp-content\/uploads\/2017\/03\/line_purple-25x1.png 25w, https:\/\/bcsla.hu\/site\/wp-content\/uploads\/2017\/03\/line_purple-90x1.png 90w\" sizes=\"(max-width: 680px) 100vw, 680px\" \/><\/p>\n<p style=\"text-align: justify;\"><strong>K\u00e9ri Roland:<\/strong> <em>\u2013 A m\u00e9rk\u0151z\u00e9st mindv\u00e9gig ir\u00e1ny\u00edtva nyert\u00fck meg a tal\u00e1lkoz\u00f3t. A meccs bizonyos peri\u00f3dusaiban t\u00f6bb kihagyott helyzet jellemezte&nbsp; a j\u00e1t\u00e9kunkat, ett\u0151l f\u00fcggetlen\u00fcl jelent\u0151s k\u00fcl\u00f6nbs\u00e9ggel siker\u00fclt gy\u0151zn\u00fcnk. A kapu el\u0151tti szitu\u00e1ci\u00f3k gyakorl\u00e1s\u00e1n t\u00fal, tiszt\u00e1bb fejjel kell a helyzetekbe menni \u00e9s jobb hat\u00e9konys\u00e1ggal g\u00f3lra v\u00e1ltani a ziccereket. Gratul\u00e1lok a sr\u00e1coknak!<\/em><\/p>\n<p style=\"text-align: center;\"><img decoding=\"async\" class=\"alignnone size-full wp-image-34\" src=\"https:\/\/bcsla.hu\/site\/wp-content\/uploads\/2017\/03\/line_purple.png\" alt=\"\" width=\"680\" height=\"1\" srcset=\"https:\/\/bcsla.hu\/site\/wp-content\/uploads\/2017\/03\/line_purple.png 680w, https:\/\/bcsla.hu\/site\/wp-content\/uploads\/2017\/03\/line_purple-150x1.png 150w, https:\/\/bcsla.hu\/site\/wp-content\/uploads\/2017\/03\/line_purple-300x1.png 300w, https:\/\/bcsla.hu\/site\/wp-content\/uploads\/2017\/03\/line_purple-292x1.png 292w, https:\/\/bcsla.hu\/site\/wp-content\/uploads\/2017\/03\/line_purple-100x1.png 100w, https:\/\/bcsla.hu\/site\/wp-content\/uploads\/2017\/03\/line_purple-50x1.png 50w, https:\/\/bcsla.hu\/site\/wp-content\/uploads\/2017\/03\/line_purple-25x1.png 25w, https:\/\/bcsla.hu\/site\/wp-content\/uploads\/2017\/03\/line_purple-90x1.png 90w\" sizes=\"(max-width: 680px) 100vw, 680px\" \/><\/p>\n<p style=\"text-align: justify;\"><a class=\"metro-button mtr-small mtr-red mtr-square mtr-alignleft\" href=\"https:\/\/adatbank.mlsz.hu\/match\/52\/6\/21220\/4\/1487562.html\" title=\"\" target=\"_blank\"> Jegyz\u0151k\u00f6nyv <\/a><\/p>\n<p style=\"text-align: justify;\">&nbsp;<\/p>\n","protected":false},"excerpt":{"rendered":"<p>MLSZ U15 II. oszt\u00e1ly D\u00e9l-Keleti csoport 4. fordul\u00f3 T\u00f6r\u00f6kszentmikl\u00f3si FC &#8211; B\u00e9k\u00e9scsaba 1912 El\u0151re SE 0-7 (0-1) Id\u0151pont:&nbsp;2019. szeptember 22. (vas\u00e1rnap) 12:00 \u00f3ra Helysz\u00edn:&nbsp;T\u00f6r\u00f6kszentmikl\u00f3s G\u00f3lszerz\u0151k:&nbsp;Szab\u00f3 Csan\u00e1d (8. perc), Papp Zsombor (45. perc), Werle Zal\u00e1n (54. perc), Rajsli Tam\u00e1s (57. perc), Orvos Levente (65. perc), Barna \u00c1d\u00e1m (67. perc), Borb\u00e1s Martin (80. perc).&nbsp; S\u00e1rga lapok:&nbsp;T\u00f3th Andr\u00e1s [&hellip;]<\/p>\n","protected":false},"author":1,"featured_media":0,"comment_status":"closed","ping_status":"closed","sticky":false,"template":"","format":"standard","meta":{"footnotes":""},"categories":[6,312,271],"tags":[328,287,56,101,31],"class_list":["post-4665","post","type-post","status-publish","format-standard","hentry","category-eredmenyek","category-eredmenyek-u15-20192020","category-271","tag-torokszentmiklos","tag-287","tag-eredmeny","tag-u15","tag-merkozes"],"publishpress_future_action":{"enabled":false,"date":"2026-05-03 17:55:49","action":"change-status","newStatus":"draft","terms":[],"taxonomy":"category","extraData":[]},"publishpress_future_workflow_manual_trigger":{"enabledWorkflows":[]},"_links":{"self":[{"href":"https:\/\/bcsla.hu\/site\/wp-json\/wp\/v2\/posts\/4665","targetHints":{"allow":["GET"]}}],"collection":[{"href":"https:\/\/bcsla.hu\/site\/wp-json\/wp\/v2\/posts"}],"about":[{"href":"https:\/\/bcsla.hu\/site\/wp-json\/wp\/v2\/types\/post"}],"author":[{"embeddable":true,"href":"https:\/\/bcsla.hu\/site\/wp-json\/wp\/v2\/users\/1"}],"replies":[{"embeddable":true,"href":"https:\/\/bcsla.hu\/site\/wp-json\/wp\/v2\/comments?post=4665"}],"version-history":[{"count":1,"href":"https:\/\/bcsla.hu\/site\/wp-json\/wp\/v2\/posts\/4665\/revisions"}],"predecessor-version":[{"id":4667,"href":"https:\/\/bcsla.hu\/site\/wp-json\/wp\/v2\/posts\/4665\/revisions\/4667"}],"wp:attachment":[{"href":"https:\/\/bcsla.hu\/site\/wp-json\/wp\/v2\/media?parent=4665"}],"wp:term":[{"taxonomy":"category","embeddable":true,"href":"https:\/\/bcsla.hu\/site\/wp-json\/wp\/v2\/categories?post=4665"},{"taxonomy":"post_tag","embeddable":true,"href":"https:\/\/bcsla.hu\/site\/wp-json\/wp\/v2\/tags?post=4665"}],"curies":[{"name":"wp","href":"https:\/\/api.w.org\/{rel}","templated":true}]}}