{"id":4670,"date":"2019-09-28T10:36:46","date_gmt":"2019-09-28T08:36:46","guid":{"rendered":"https:\/\/bcsla.hu\/site\/?p=4670"},"modified":"2019-09-28T10:36:46","modified_gmt":"2019-09-28T08:36:46","slug":"torokszentmiklosi-fc-bekescsaba-1912-elore-se-20190922-u14","status":"publish","type":"post","link":"https:\/\/bcsla.hu\/site\/torokszentmiklosi-fc-bekescsaba-1912-elore-se-20190922-u14\/","title":{"rendered":"T\u00f6r\u00f6kszentmikl\u00f3si FC &#8211; B\u00e9k\u00e9scsaba 1912 El\u0151re SE"},"content":{"rendered":"<p><strong>MLSZ U14 II. oszt\u00e1ly D\u00e9l-Keleti csoport 4. fordul\u00f3<\/strong><\/p>\n<h2>T\u00f6r\u00f6kszentmikl\u00f3si FC &#8211; B\u00e9k\u00e9scsaba 1912 El\u0151re SE<\/h2>\n<h2>2-7 (2-6)<\/h2>\n<p><strong>Id\u0151pont:<\/strong>&nbsp;2019. szeptember 22. (vas\u00e1rnap) 10:00 \u00f3ra<\/p>\n<p><strong>Helysz\u00edn:<\/strong>&nbsp;T\u00f6r\u00f6kszentmikl\u00f3s<\/p>\n<p style=\"text-align: justify;\"><strong>G\u00f3lszerz\u0151k:<\/strong>&nbsp;Szedl\u00e1k Zolt\u00e1n (6. perc), Hajnal Csaba (12. \u00e9s 25. perc), Ker\u00e9nyi Zolt\u00e1n (17., 24. \u00e9s 32. perc), B\u00e1lint Kevin (31. perc), Szemenyei Bal\u00e1zs (39. perc), Sztank\u00f3 L\u00e1szl\u00f3 (52. perc).&nbsp;<\/p>\n<p style=\"text-align: justify;\"><strong>S\u00e1rga lapok:<\/strong>&nbsp;Kiss \u00c1ron (8. perc), Bekker Bence P\u00e9ter (62. perc).<\/p>\n<p style=\"text-align: center;\"><img decoding=\"async\" class=\"alignnone size-full wp-image-34\" src=\"https:\/\/bcsla.hu\/site\/wp-content\/uploads\/2017\/03\/line_purple.png\" alt=\"\" width=\"680\" height=\"1\" srcset=\"https:\/\/bcsla.hu\/site\/wp-content\/uploads\/2017\/03\/line_purple.png 680w, https:\/\/bcsla.hu\/site\/wp-content\/uploads\/2017\/03\/line_purple-150x1.png 150w, https:\/\/bcsla.hu\/site\/wp-content\/uploads\/2017\/03\/line_purple-300x1.png 300w, https:\/\/bcsla.hu\/site\/wp-content\/uploads\/2017\/03\/line_purple-292x1.png 292w, https:\/\/bcsla.hu\/site\/wp-content\/uploads\/2017\/03\/line_purple-100x1.png 100w, https:\/\/bcsla.hu\/site\/wp-content\/uploads\/2017\/03\/line_purple-50x1.png 50w, https:\/\/bcsla.hu\/site\/wp-content\/uploads\/2017\/03\/line_purple-25x1.png 25w, https:\/\/bcsla.hu\/site\/wp-content\/uploads\/2017\/03\/line_purple-90x1.png 90w\" sizes=\"(max-width: 680px) 100vw, 680px\" \/><\/p>\n<p style=\"text-align: center;\"><img fetchpriority=\"high\" decoding=\"async\" class=\"alignnone size-full wp-image-4671\" src=\"https:\/\/bcsla.hu\/site\/wp-content\/uploads\/2019\/09\/20190922_u14.jpg\" alt=\"\" width=\"680\" height=\"220\" srcset=\"https:\/\/bcsla.hu\/site\/wp-content\/uploads\/2019\/09\/20190922_u14.jpg 680w, https:\/\/bcsla.hu\/site\/wp-content\/uploads\/2019\/09\/20190922_u14-300x97.jpg 300w, https:\/\/bcsla.hu\/site\/wp-content\/uploads\/2019\/09\/20190922_u14-100x32.jpg 100w, https:\/\/bcsla.hu\/site\/wp-content\/uploads\/2019\/09\/20190922_u14-50x16.jpg 50w, https:\/\/bcsla.hu\/site\/wp-content\/uploads\/2019\/09\/20190922_u14-25x8.jpg 25w, https:\/\/bcsla.hu\/site\/wp-content\/uploads\/2019\/09\/20190922_u14-90x29.jpg 90w, https:\/\/bcsla.hu\/site\/wp-content\/uploads\/2019\/09\/20190922_u14-225x73.jpg 225w\" sizes=\"(max-width: 680px) 100vw, 680px\" \/><\/p>\n<p style=\"text-align: center;\"><img decoding=\"async\" class=\"alignnone size-full wp-image-34\" src=\"https:\/\/bcsla.hu\/site\/wp-content\/uploads\/2017\/03\/line_purple.png\" alt=\"\" width=\"680\" height=\"1\" srcset=\"https:\/\/bcsla.hu\/site\/wp-content\/uploads\/2017\/03\/line_purple.png 680w, https:\/\/bcsla.hu\/site\/wp-content\/uploads\/2017\/03\/line_purple-150x1.png 150w, https:\/\/bcsla.hu\/site\/wp-content\/uploads\/2017\/03\/line_purple-300x1.png 300w, https:\/\/bcsla.hu\/site\/wp-content\/uploads\/2017\/03\/line_purple-292x1.png 292w, https:\/\/bcsla.hu\/site\/wp-content\/uploads\/2017\/03\/line_purple-100x1.png 100w, https:\/\/bcsla.hu\/site\/wp-content\/uploads\/2017\/03\/line_purple-50x1.png 50w, https:\/\/bcsla.hu\/site\/wp-content\/uploads\/2017\/03\/line_purple-25x1.png 25w, https:\/\/bcsla.hu\/site\/wp-content\/uploads\/2017\/03\/line_purple-90x1.png 90w\" sizes=\"(max-width: 680px) 100vw, 680px\" \/><\/p>\n<p style=\"text-align: justify;\"><strong>Hrabovszki G\u00e1bor:<\/strong> <em>\u2013 \u00daj fel\u00e1ll\u00e1ssal pr\u00f3b\u00e1lkoztunk a mai m\u00e9rk\u0151z\u00e9sen. Ahhoz k\u00e9pest, hogy alig tudtuk gyakorolni az \u00faj hadrend mozg\u00e1sait, a j\u00e1t\u00e9kosok sz\u00e9pen&nbsp;megval\u00f3s\u00edtott\u00e1k a k\u00e9rt dolgokat. A csapatr\u00e9szek egyben voltak, \u00fagy \u00e9rzem csapatj\u00e1t\u00e9kunk javult \u00e9s egyben egyszer\u0171bb is lett. Gratul\u00e1lok a fi\u00faknak!<\/em><\/p>\n<p style=\"text-align: center;\"><img decoding=\"async\" class=\"alignnone size-full wp-image-34\" src=\"https:\/\/bcsla.hu\/site\/wp-content\/uploads\/2017\/03\/line_purple.png\" alt=\"\" width=\"680\" height=\"1\" srcset=\"https:\/\/bcsla.hu\/site\/wp-content\/uploads\/2017\/03\/line_purple.png 680w, https:\/\/bcsla.hu\/site\/wp-content\/uploads\/2017\/03\/line_purple-150x1.png 150w, https:\/\/bcsla.hu\/site\/wp-content\/uploads\/2017\/03\/line_purple-300x1.png 300w, https:\/\/bcsla.hu\/site\/wp-content\/uploads\/2017\/03\/line_purple-292x1.png 292w, https:\/\/bcsla.hu\/site\/wp-content\/uploads\/2017\/03\/line_purple-100x1.png 100w, https:\/\/bcsla.hu\/site\/wp-content\/uploads\/2017\/03\/line_purple-50x1.png 50w, https:\/\/bcsla.hu\/site\/wp-content\/uploads\/2017\/03\/line_purple-25x1.png 25w, https:\/\/bcsla.hu\/site\/wp-content\/uploads\/2017\/03\/line_purple-90x1.png 90w\" sizes=\"(max-width: 680px) 100vw, 680px\" \/><\/p>\n<p style=\"text-align: justify;\"><a class=\"metro-button mtr-small mtr-red mtr-square mtr-alignleft\" href=\"https:\/\/adatbank.mlsz.hu\/match\/52\/6\/21220\/4\/1487562.html\" title=\"\" target=\"_blank\"> Jegyz\u0151k\u00f6nyv <\/a><\/p>\n<p style=\"text-align: justify;\">&nbsp;<\/p>\n","protected":false},"excerpt":{"rendered":"<p>MLSZ U14 II. oszt\u00e1ly D\u00e9l-Keleti csoport 4. fordul\u00f3 T\u00f6r\u00f6kszentmikl\u00f3si FC &#8211; B\u00e9k\u00e9scsaba 1912 El\u0151re SE 2-7 (2-6) Id\u0151pont:&nbsp;2019. szeptember 22. (vas\u00e1rnap) 10:00 \u00f3ra Helysz\u00edn:&nbsp;T\u00f6r\u00f6kszentmikl\u00f3s G\u00f3lszerz\u0151k:&nbsp;Szedl\u00e1k Zolt\u00e1n (6. perc), Hajnal Csaba (12. \u00e9s 25. perc), Ker\u00e9nyi Zolt\u00e1n (17., 24. \u00e9s 32. perc), B\u00e1lint Kevin (31. perc), Szemenyei Bal\u00e1zs (39. perc), Sztank\u00f3 L\u00e1szl\u00f3 (52. perc).&nbsp; S\u00e1rga lapok:&nbsp;Kiss [&hellip;]<\/p>\n","protected":false},"author":1,"featured_media":0,"comment_status":"closed","ping_status":"closed","sticky":false,"template":"","format":"standard","meta":{"footnotes":""},"categories":[6,271,314],"tags":[328,118,287,56,31],"class_list":["post-4670","post","type-post","status-publish","format-standard","hentry","category-eredmenyek","category-271","category-eredmenyek-u14-20192020","tag-torokszentmiklos","tag-u14","tag-287","tag-eredmeny","tag-merkozes"],"publishpress_future_action":{"enabled":false,"date":"2026-05-03 19:13:21","action":"change-status","newStatus":"draft","terms":[],"taxonomy":"category","extraData":[]},"publishpress_future_workflow_manual_trigger":{"enabledWorkflows":[]},"_links":{"self":[{"href":"https:\/\/bcsla.hu\/site\/wp-json\/wp\/v2\/posts\/4670","targetHints":{"allow":["GET"]}}],"collection":[{"href":"https:\/\/bcsla.hu\/site\/wp-json\/wp\/v2\/posts"}],"about":[{"href":"https:\/\/bcsla.hu\/site\/wp-json\/wp\/v2\/types\/post"}],"author":[{"embeddable":true,"href":"https:\/\/bcsla.hu\/site\/wp-json\/wp\/v2\/users\/1"}],"replies":[{"embeddable":true,"href":"https:\/\/bcsla.hu\/site\/wp-json\/wp\/v2\/comments?post=4670"}],"version-history":[{"count":1,"href":"https:\/\/bcsla.hu\/site\/wp-json\/wp\/v2\/posts\/4670\/revisions"}],"predecessor-version":[{"id":4672,"href":"https:\/\/bcsla.hu\/site\/wp-json\/wp\/v2\/posts\/4670\/revisions\/4672"}],"wp:attachment":[{"href":"https:\/\/bcsla.hu\/site\/wp-json\/wp\/v2\/media?parent=4670"}],"wp:term":[{"taxonomy":"category","embeddable":true,"href":"https:\/\/bcsla.hu\/site\/wp-json\/wp\/v2\/categories?post=4670"},{"taxonomy":"post_tag","embeddable":true,"href":"https:\/\/bcsla.hu\/site\/wp-json\/wp\/v2\/tags?post=4670"}],"curies":[{"name":"wp","href":"https:\/\/api.w.org\/{rel}","templated":true}]}}