{"id":4679,"date":"2019-09-29T14:12:43","date_gmt":"2019-09-29T12:12:43","guid":{"rendered":"https:\/\/bcsla.hu\/site\/?p=4679"},"modified":"2019-10-11T07:02:32","modified_gmt":"2019-10-11T05:02:32","slug":"bekescsaba-1912-elore-se-ute-20190928-u19","status":"publish","type":"post","link":"https:\/\/bcsla.hu\/site\/bekescsaba-1912-elore-se-ute-20190928-u19\/","title":{"rendered":"B\u00e9k\u00e9scsaba 1912 El\u0151re SE &#8211; UTE"},"content":{"rendered":"<p style=\"text-align: justify;\"><strong>MLSZ U-19 II. oszt\u00e1ly 2019\/2020. 6. fordul\u00f3<\/strong><\/p>\n<h2 style=\"text-align: justify;\">B\u00e9k\u00e9scsaba 1912 El\u0151re SE &#8211; UTE<\/h2>\n<h2 style=\"text-align: justify;\">1-5 (0-3)<\/h2>\n<p style=\"text-align: justify;\"><strong>Id\u0151pont:<\/strong> 2019. szeptember 28. (szombat) 13:00 \u00f3ra<\/p>\n<p style=\"text-align: justify;\"><strong>Helysz\u00edn:<\/strong>&nbsp;B\u00e9k\u00e9scsaba, K\u00f3rh\u00e1z utcai Stadion<\/p>\n<p style=\"text-align: justify;\"><strong>G\u00f3lszerz\u0151k:<\/strong> Schildkraut Kriszti\u00e1n (14. \u00e9s 32. perc), Skulka Botond Gyula (16. perc), B\u00f3nus Marcell (59. perc), Kul\u00e1nda M\u00e1t\u00e9 (72. perc) Sztojka Dominik Bal\u00e1zs (93. perc).<\/p>\n<p style=\"text-align: justify;\"><strong>S\u00e1rga lapok:<\/strong>&nbsp;Trescsula M\u00e1t\u00e9 (16. perc), L\u00e1z\u00e1r Zsolt (39. perc).<\/p>\n<p style=\"text-align: center;\"><img decoding=\"async\" class=\"alignnone size-full wp-image-34\" src=\"https:\/\/bcsla.hu\/site\/wp-content\/uploads\/2017\/03\/line_purple.png\" alt=\"\" width=\"680\" height=\"1\" srcset=\"https:\/\/bcsla.hu\/site\/wp-content\/uploads\/2017\/03\/line_purple.png 680w, https:\/\/bcsla.hu\/site\/wp-content\/uploads\/2017\/03\/line_purple-150x1.png 150w, https:\/\/bcsla.hu\/site\/wp-content\/uploads\/2017\/03\/line_purple-300x1.png 300w, https:\/\/bcsla.hu\/site\/wp-content\/uploads\/2017\/03\/line_purple-292x1.png 292w, https:\/\/bcsla.hu\/site\/wp-content\/uploads\/2017\/03\/line_purple-100x1.png 100w, https:\/\/bcsla.hu\/site\/wp-content\/uploads\/2017\/03\/line_purple-50x1.png 50w, https:\/\/bcsla.hu\/site\/wp-content\/uploads\/2017\/03\/line_purple-25x1.png 25w, https:\/\/bcsla.hu\/site\/wp-content\/uploads\/2017\/03\/line_purple-90x1.png 90w\" sizes=\"(max-width: 680px) 100vw, 680px\" \/><\/p>\n<p style=\"text-align: center;\"><img fetchpriority=\"high\" decoding=\"async\" class=\"alignnone size-full wp-image-4680\" src=\"https:\/\/bcsla.hu\/site\/wp-content\/uploads\/2019\/09\/20190928_u19.jpg\" alt=\"\" width=\"680\" height=\"391\" srcset=\"https:\/\/bcsla.hu\/site\/wp-content\/uploads\/2019\/09\/20190928_u19.jpg 680w, https:\/\/bcsla.hu\/site\/wp-content\/uploads\/2019\/09\/20190928_u19-300x173.jpg 300w, https:\/\/bcsla.hu\/site\/wp-content\/uploads\/2019\/09\/20190928_u19-100x58.jpg 100w, https:\/\/bcsla.hu\/site\/wp-content\/uploads\/2019\/09\/20190928_u19-50x29.jpg 50w, https:\/\/bcsla.hu\/site\/wp-content\/uploads\/2019\/09\/20190928_u19-25x14.jpg 25w, https:\/\/bcsla.hu\/site\/wp-content\/uploads\/2019\/09\/20190928_u19-90x52.jpg 90w, https:\/\/bcsla.hu\/site\/wp-content\/uploads\/2019\/09\/20190928_u19-225x129.jpg 225w\" sizes=\"(max-width: 680px) 100vw, 680px\" \/><\/p>\n<p style=\"text-align: center;\"><img decoding=\"async\" class=\"alignnone size-full wp-image-34\" src=\"https:\/\/bcsla.hu\/site\/wp-content\/uploads\/2017\/03\/line_purple.png\" alt=\"\" width=\"680\" height=\"1\" srcset=\"https:\/\/bcsla.hu\/site\/wp-content\/uploads\/2017\/03\/line_purple.png 680w, https:\/\/bcsla.hu\/site\/wp-content\/uploads\/2017\/03\/line_purple-150x1.png 150w, https:\/\/bcsla.hu\/site\/wp-content\/uploads\/2017\/03\/line_purple-300x1.png 300w, https:\/\/bcsla.hu\/site\/wp-content\/uploads\/2017\/03\/line_purple-292x1.png 292w, https:\/\/bcsla.hu\/site\/wp-content\/uploads\/2017\/03\/line_purple-100x1.png 100w, https:\/\/bcsla.hu\/site\/wp-content\/uploads\/2017\/03\/line_purple-50x1.png 50w, https:\/\/bcsla.hu\/site\/wp-content\/uploads\/2017\/03\/line_purple-25x1.png 25w, https:\/\/bcsla.hu\/site\/wp-content\/uploads\/2017\/03\/line_purple-90x1.png 90w\" sizes=\"(max-width: 680px) 100vw, 680px\" \/><\/p>\n<p style=\"text-align: justify;\"><strong>L\u00e1za J\u00e1nos:<\/strong>&nbsp;<em>\u2212 Gyakorlatilag az els\u0151 helyzet\u00e9b\u0151l megszerezte a vezet\u00e9st az \u00dajpest, amit k\u00e9t percen bel\u00fcl meg is dupl\u00e1zott. A m\u00e1sodik f\u00e9lid\u0151ben kiegyenl\u00edt\u0151d\u00f6tt a j\u00e1t\u00e9k, de a f\u00e9lid\u0151 hajr\u00e1ja ism\u00e9t a vend\u00e9gek\u00e9 volt. A j\u00e1t\u00e9k minden elem\u00e9ben fel\u00fclm\u00faltak minket a budapestiek ezen a napon, de az igazs\u00e1ghoz tartozik, hogy t\u00f6bb olyan hib\u00e1t is elk\u00f6vett\u00fcnk a v\u00e9dekez\u00e9sben, ami ezen a szinten m\u00e1r nem f\u00e9r bele.<\/em><\/p>\n<p style=\"text-align: center;\"><img decoding=\"async\" class=\"alignnone size-full wp-image-34\" src=\"https:\/\/bcsla.hu\/site\/wp-content\/uploads\/2017\/03\/line_purple.png\" alt=\"\" width=\"680\" height=\"1\" srcset=\"https:\/\/bcsla.hu\/site\/wp-content\/uploads\/2017\/03\/line_purple.png 680w, https:\/\/bcsla.hu\/site\/wp-content\/uploads\/2017\/03\/line_purple-150x1.png 150w, https:\/\/bcsla.hu\/site\/wp-content\/uploads\/2017\/03\/line_purple-300x1.png 300w, https:\/\/bcsla.hu\/site\/wp-content\/uploads\/2017\/03\/line_purple-292x1.png 292w, https:\/\/bcsla.hu\/site\/wp-content\/uploads\/2017\/03\/line_purple-100x1.png 100w, https:\/\/bcsla.hu\/site\/wp-content\/uploads\/2017\/03\/line_purple-50x1.png 50w, https:\/\/bcsla.hu\/site\/wp-content\/uploads\/2017\/03\/line_purple-25x1.png 25w, https:\/\/bcsla.hu\/site\/wp-content\/uploads\/2017\/03\/line_purple-90x1.png 90w\" sizes=\"(max-width: 680px) 100vw, 680px\" \/><\/p>\n<a class=\"metro-button mtr-small mtr-red mtr-square mtr-alignleft\" href=\"https:\/\/adatbank.mlsz.hu\/match\/52\/0\/20855\/6\/1477784.html\" title=\"\" target=\"_blank\"> Jegyz\u0151k\u00f6nyv <\/a>\n<p>&nbsp;<\/p>\n","protected":false},"excerpt":{"rendered":"<p>MLSZ U-19 II. oszt\u00e1ly 2019\/2020. 6. fordul\u00f3 B\u00e9k\u00e9scsaba 1912 El\u0151re SE &#8211; UTE 1-5 (0-3) Id\u0151pont: 2019. szeptember 28. (szombat) 13:00 \u00f3ra Helysz\u00edn:&nbsp;B\u00e9k\u00e9scsaba, K\u00f3rh\u00e1z utcai Stadion G\u00f3lszerz\u0151k: Schildkraut Kriszti\u00e1n (14. \u00e9s 32. perc), Skulka Botond Gyula (16. perc), B\u00f3nus Marcell (59. perc), Kul\u00e1nda M\u00e1t\u00e9 (72. perc) Sztojka Dominik Bal\u00e1zs (93. perc). S\u00e1rga lapok:&nbsp;Trescsula M\u00e1t\u00e9 (16. [&hellip;]<\/p>\n","protected":false},"author":1,"featured_media":0,"comment_status":"closed","ping_status":"closed","sticky":false,"template":"","format":"standard","meta":{"footnotes":""},"categories":[6,271,301],"tags":[327,287,56,60,31],"class_list":["post-4679","post","type-post","status-publish","format-standard","hentry","category-eredmenyek","category-271","category-eredmenyek-u19-20192020","tag-ute","tag-287","tag-eredmeny","tag-u19","tag-merkozes"],"publishpress_future_action":{"enabled":false,"date":"2026-05-03 19:02:06","action":"change-status","newStatus":"draft","terms":[],"taxonomy":"category","extraData":[]},"publishpress_future_workflow_manual_trigger":{"enabledWorkflows":[]},"_links":{"self":[{"href":"https:\/\/bcsla.hu\/site\/wp-json\/wp\/v2\/posts\/4679","targetHints":{"allow":["GET"]}}],"collection":[{"href":"https:\/\/bcsla.hu\/site\/wp-json\/wp\/v2\/posts"}],"about":[{"href":"https:\/\/bcsla.hu\/site\/wp-json\/wp\/v2\/types\/post"}],"author":[{"embeddable":true,"href":"https:\/\/bcsla.hu\/site\/wp-json\/wp\/v2\/users\/1"}],"replies":[{"embeddable":true,"href":"https:\/\/bcsla.hu\/site\/wp-json\/wp\/v2\/comments?post=4679"}],"version-history":[{"count":2,"href":"https:\/\/bcsla.hu\/site\/wp-json\/wp\/v2\/posts\/4679\/revisions"}],"predecessor-version":[{"id":4794,"href":"https:\/\/bcsla.hu\/site\/wp-json\/wp\/v2\/posts\/4679\/revisions\/4794"}],"wp:attachment":[{"href":"https:\/\/bcsla.hu\/site\/wp-json\/wp\/v2\/media?parent=4679"}],"wp:term":[{"taxonomy":"category","embeddable":true,"href":"https:\/\/bcsla.hu\/site\/wp-json\/wp\/v2\/categories?post=4679"},{"taxonomy":"post_tag","embeddable":true,"href":"https:\/\/bcsla.hu\/site\/wp-json\/wp\/v2\/tags?post=4679"}],"curies":[{"name":"wp","href":"https:\/\/api.w.org\/{rel}","templated":true}]}}