{"id":4682,"date":"2019-09-29T14:48:44","date_gmt":"2019-09-29T12:48:44","guid":{"rendered":"https:\/\/bcsla.hu\/site\/?p=4682"},"modified":"2019-09-29T14:48:44","modified_gmt":"2019-09-29T12:48:44","slug":"bekescsaba-1912-elore-se-ute-20190921-u17","status":"publish","type":"post","link":"https:\/\/bcsla.hu\/site\/bekescsaba-1912-elore-se-ute-20190921-u17\/","title":{"rendered":"B\u00e9k\u00e9scsaba 1912 El\u0151re SE &#8211; UTE"},"content":{"rendered":"<p id=\"headerText\" class=\"container_title\"><strong>MLSZ U-17 II. oszt\u00e1ly 5. fordul\u00f3<\/strong><\/p>\n<h2>B\u00e9k\u00e9scsaba 1912 El\u0151re SE &#8211; UTE<\/h2>\n<h2>1-1 (1-0)<\/h2>\n<p><strong>Id\u0151pont:<\/strong> 2019. szeptember 21. (szombat) 14:00 \u00f3ra<\/p>\n<p><strong>Helysz\u00edn:<\/strong>&nbsp;B\u00e9k\u00e9scsaba, K\u00f3rh\u00e1z utcai Stadion<\/p>\n<p style=\"text-align: justify;\"><strong>G\u00f3lszerz\u0151k: <\/strong>Farkas \u00c1d\u00e1m (43. perc), Jakab Ferenc Krisztofer (65. perc).<\/p>\n<p style=\"text-align: justify;\"><strong>S\u00e1rga lapok:<\/strong>&nbsp;Palik Gy\u00f6rgy (27. perc), G\u00f3lya \u00c1d\u00e1m (27. perc), Pol\u00f3nyi Zsombor L\u00e1szl\u00f3 (49. perc), K\u00e1rty\u00e1s D\u00e1vid (83. perc), Bed\u0151 Roland (85. perc), Szab\u00f3 Szil\u00e1rd Attila (88. perc), Varga Oliv\u00e9r (90. perc).<\/p>\n<p style=\"text-align: center;\"><img decoding=\"async\" class=\"alignnone size-full wp-image-34\" src=\"https:\/\/bcsla.hu\/site\/wp-content\/uploads\/2017\/03\/line_purple.png\" alt=\"\" width=\"680\" height=\"1\" srcset=\"https:\/\/bcsla.hu\/site\/wp-content\/uploads\/2017\/03\/line_purple.png 680w, https:\/\/bcsla.hu\/site\/wp-content\/uploads\/2017\/03\/line_purple-150x1.png 150w, https:\/\/bcsla.hu\/site\/wp-content\/uploads\/2017\/03\/line_purple-300x1.png 300w, https:\/\/bcsla.hu\/site\/wp-content\/uploads\/2017\/03\/line_purple-292x1.png 292w, https:\/\/bcsla.hu\/site\/wp-content\/uploads\/2017\/03\/line_purple-100x1.png 100w, https:\/\/bcsla.hu\/site\/wp-content\/uploads\/2017\/03\/line_purple-50x1.png 50w, https:\/\/bcsla.hu\/site\/wp-content\/uploads\/2017\/03\/line_purple-25x1.png 25w, https:\/\/bcsla.hu\/site\/wp-content\/uploads\/2017\/03\/line_purple-90x1.png 90w\" sizes=\"(max-width: 680px) 100vw, 680px\" \/><\/p>\n<p style=\"text-align: center;\"><img fetchpriority=\"high\" decoding=\"async\" class=\"alignnone size-full wp-image-4683\" src=\"https:\/\/bcsla.hu\/site\/wp-content\/uploads\/2019\/09\/20190921_u17.jpg\" alt=\"\" width=\"478\" height=\"238\" srcset=\"https:\/\/bcsla.hu\/site\/wp-content\/uploads\/2019\/09\/20190921_u17.jpg 478w, https:\/\/bcsla.hu\/site\/wp-content\/uploads\/2019\/09\/20190921_u17-300x149.jpg 300w, https:\/\/bcsla.hu\/site\/wp-content\/uploads\/2019\/09\/20190921_u17-100x50.jpg 100w, https:\/\/bcsla.hu\/site\/wp-content\/uploads\/2019\/09\/20190921_u17-50x25.jpg 50w, https:\/\/bcsla.hu\/site\/wp-content\/uploads\/2019\/09\/20190921_u17-25x12.jpg 25w, https:\/\/bcsla.hu\/site\/wp-content\/uploads\/2019\/09\/20190921_u17-90x45.jpg 90w, https:\/\/bcsla.hu\/site\/wp-content\/uploads\/2019\/09\/20190921_u17-225x112.jpg 225w\" sizes=\"(max-width: 478px) 100vw, 478px\" \/>&nbsp;<\/p>\n<p style=\"text-align: center;\"><img decoding=\"async\" class=\"alignnone size-full wp-image-34\" src=\"https:\/\/bcsla.hu\/site\/wp-content\/uploads\/2017\/03\/line_purple.png\" alt=\"\" width=\"680\" height=\"1\" srcset=\"https:\/\/bcsla.hu\/site\/wp-content\/uploads\/2017\/03\/line_purple.png 680w, https:\/\/bcsla.hu\/site\/wp-content\/uploads\/2017\/03\/line_purple-150x1.png 150w, https:\/\/bcsla.hu\/site\/wp-content\/uploads\/2017\/03\/line_purple-300x1.png 300w, https:\/\/bcsla.hu\/site\/wp-content\/uploads\/2017\/03\/line_purple-292x1.png 292w, https:\/\/bcsla.hu\/site\/wp-content\/uploads\/2017\/03\/line_purple-100x1.png 100w, https:\/\/bcsla.hu\/site\/wp-content\/uploads\/2017\/03\/line_purple-50x1.png 50w, https:\/\/bcsla.hu\/site\/wp-content\/uploads\/2017\/03\/line_purple-25x1.png 25w, https:\/\/bcsla.hu\/site\/wp-content\/uploads\/2017\/03\/line_purple-90x1.png 90w\" sizes=\"(max-width: 680px) 100vw, 680px\" \/><\/p>\n<p style=\"text-align: justify;\"><strong>Szekeres Lajos:<\/strong> <em>\u2013 J\u00f3l kezdt\u00fck a m\u00e9rk\u0151z\u00e9st \u00e9s mindj\u00e1rt az els\u0151 percben siker\u00fclt megbontanunk ellenfel\u00fcnket, de g\u00f3lt nem tudtunk szerezni a helyzetb\u0151l. Az els\u0151 f\u00e9lid\u0151ben t\u00f6bb lehet\u0151s\u00e9g\u00fcnk volt a g\u00f3lszerz\u00e9sre,&nbsp;abszol\u00fat egyenrang\u00fa partnerei voltunk ellenfel\u00fcnknek &#8211; r\u00e1ad\u00e1sul a f\u00e9lid\u0151 v\u00e9ge el\u0151tt siker\u00fclt a vezet\u00e9st is megszerezn\u00fcnk. A m\u00e1sodik&nbsp;j\u00e1t\u00e9kr\u00e9szben egy\u00e9rtelm\u0171en ellenfel\u00fcnk domin\u00e1lt, csak a f\u00e9lid\u0151 utols\u00f3 harmad\u00e1ban tudtunk kij\u00f6nni a szor\u00edt\u00e1sb\u00f3l &#8211; ebben a peri\u00f3dusban hat\u00e1rozottabb megold\u00e1sokkal, a g\u00f3lszerz\u00e9s is benne volt a j\u00e1t\u00e9kunkban. A m\u00e9rk\u0151z\u00e9s v\u00e9g\u00e9n kapusunk brav\u00farjai is kellettek az egy pont meg\u0151rz\u00e9s\u00e9hez. \u00d6sszegezve elmondhat\u00f3, hogy \u00e9rt\u00e9kes pontot szerezt\u00fcnk, jobban szervezett volt a csapat a v\u00e9dekez\u00e9se, mint a m\u00falt h\u00e9ten &#8211; b\u00e1r nem igaz\u00e1n tudtunk nyom\u00e1st gyakorolni a m\u00e1sodik f\u00e9lid\u0151ben a labd\u00e1s-j\u00e1t\u00e9kosokra, labdabirtokl\u00e1sunkat tov\u00e1bb kell jav\u00edtanunk.<br \/>\n<\/em><\/p>\n<p style=\"text-align: center;\"><img decoding=\"async\" class=\"alignnone size-full wp-image-34\" src=\"https:\/\/bcsla.hu\/site\/wp-content\/uploads\/2017\/03\/line_purple.png\" alt=\"\" width=\"680\" height=\"1\" srcset=\"https:\/\/bcsla.hu\/site\/wp-content\/uploads\/2017\/03\/line_purple.png 680w, https:\/\/bcsla.hu\/site\/wp-content\/uploads\/2017\/03\/line_purple-150x1.png 150w, https:\/\/bcsla.hu\/site\/wp-content\/uploads\/2017\/03\/line_purple-300x1.png 300w, https:\/\/bcsla.hu\/site\/wp-content\/uploads\/2017\/03\/line_purple-292x1.png 292w, https:\/\/bcsla.hu\/site\/wp-content\/uploads\/2017\/03\/line_purple-100x1.png 100w, https:\/\/bcsla.hu\/site\/wp-content\/uploads\/2017\/03\/line_purple-50x1.png 50w, https:\/\/bcsla.hu\/site\/wp-content\/uploads\/2017\/03\/line_purple-25x1.png 25w, https:\/\/bcsla.hu\/site\/wp-content\/uploads\/2017\/03\/line_purple-90x1.png 90w\" sizes=\"(max-width: 680px) 100vw, 680px\" \/><\/p>\n<a class=\"metro-button mtr-small mtr-red mtr-square mtr-alignleft\" href=\"https:\/\/adatbank.mlsz.hu\/match\/52\/0\/20856\/5\/1477901.html\" title=\"\" target=\"_blank\"> Jegyz\u0151k\u00f6nyv <\/a>\n","protected":false},"excerpt":{"rendered":"<p>MLSZ U-17 II. oszt\u00e1ly 5. fordul\u00f3 B\u00e9k\u00e9scsaba 1912 El\u0151re SE &#8211; UTE 1-1 (1-0) Id\u0151pont: 2019. szeptember 21. (szombat) 14:00 \u00f3ra Helysz\u00edn:&nbsp;B\u00e9k\u00e9scsaba, K\u00f3rh\u00e1z utcai Stadion G\u00f3lszerz\u0151k: Farkas \u00c1d\u00e1m (43. perc), Jakab Ferenc Krisztofer (65. perc). S\u00e1rga lapok:&nbsp;Palik Gy\u00f6rgy (27. perc), G\u00f3lya \u00c1d\u00e1m (27. perc), Pol\u00f3nyi Zsombor L\u00e1szl\u00f3 (49. perc), K\u00e1rty\u00e1s D\u00e1vid (83. perc), Bed\u0151 Roland [&hellip;]<\/p>\n","protected":false},"author":1,"featured_media":0,"comment_status":"closed","ping_status":"closed","sticky":false,"template":"","format":"standard","meta":{"footnotes":""},"categories":[6,271,311],"tags":[327,55,287,56,31],"class_list":["post-4682","post","type-post","status-publish","format-standard","hentry","category-eredmenyek","category-271","category-eredmenyek-u17-20192020","tag-ute","tag-u17","tag-287","tag-eredmeny","tag-merkozes"],"publishpress_future_action":{"enabled":false,"date":"2026-05-03 19:28:58","action":"change-status","newStatus":"draft","terms":[],"taxonomy":"category","extraData":[]},"publishpress_future_workflow_manual_trigger":{"enabledWorkflows":[]},"_links":{"self":[{"href":"https:\/\/bcsla.hu\/site\/wp-json\/wp\/v2\/posts\/4682","targetHints":{"allow":["GET"]}}],"collection":[{"href":"https:\/\/bcsla.hu\/site\/wp-json\/wp\/v2\/posts"}],"about":[{"href":"https:\/\/bcsla.hu\/site\/wp-json\/wp\/v2\/types\/post"}],"author":[{"embeddable":true,"href":"https:\/\/bcsla.hu\/site\/wp-json\/wp\/v2\/users\/1"}],"replies":[{"embeddable":true,"href":"https:\/\/bcsla.hu\/site\/wp-json\/wp\/v2\/comments?post=4682"}],"version-history":[{"count":1,"href":"https:\/\/bcsla.hu\/site\/wp-json\/wp\/v2\/posts\/4682\/revisions"}],"predecessor-version":[{"id":4684,"href":"https:\/\/bcsla.hu\/site\/wp-json\/wp\/v2\/posts\/4682\/revisions\/4684"}],"wp:attachment":[{"href":"https:\/\/bcsla.hu\/site\/wp-json\/wp\/v2\/media?parent=4682"}],"wp:term":[{"taxonomy":"category","embeddable":true,"href":"https:\/\/bcsla.hu\/site\/wp-json\/wp\/v2\/categories?post=4682"},{"taxonomy":"post_tag","embeddable":true,"href":"https:\/\/bcsla.hu\/site\/wp-json\/wp\/v2\/tags?post=4682"}],"curies":[{"name":"wp","href":"https:\/\/api.w.org\/{rel}","templated":true}]}}