{"id":4685,"date":"2019-09-29T16:08:26","date_gmt":"2019-09-29T14:08:26","guid":{"rendered":"https:\/\/bcsla.hu\/site\/?p=4685"},"modified":"2019-10-01T18:07:55","modified_gmt":"2019-10-01T16:07:55","slug":"mol-fehervar-fc-bekescsaba-1912-elore-se-20190928-u17","status":"publish","type":"post","link":"https:\/\/bcsla.hu\/site\/mol-fehervar-fc-bekescsaba-1912-elore-se-20190928-u17\/","title":{"rendered":"MOL Feh\u00e9rv\u00e1r FC &#8211; B\u00e9k\u00e9scsaba 1912 El\u0151re SE"},"content":{"rendered":"<p id=\"headerText\" class=\"container_title\"><strong>MLSZ U-17 II. oszt\u00e1ly 6. fordul\u00f3<\/strong><\/p>\n<h2>MOL Feh\u00e9rv\u00e1r FC &#8211; B\u00e9k\u00e9scsaba 1912 El\u0151re SE<\/h2>\n<h2>1-0 (0-0)<\/h2>\n<p><strong>Id\u0151pont:<\/strong> 2019. szeptember 28. (szombat) 13:00 \u00f3ra<\/p>\n<p><strong>Helysz\u00edn:<\/strong>&nbsp;Sz\u00e9kesfeh\u00e9rv\u00e1r<\/p>\n<p style=\"text-align: justify;\"><strong>G\u00f3lszerz\u0151: <\/strong>Kincses Krist\u00f3f (93. perc).<\/p>\n<p style=\"text-align: justify;\"><strong>S\u00e1rga lapok:<\/strong>&nbsp;Ill\u00e9s Kende Attila (32. perc), Nagy Kriszti\u00e1n (32. perc), Ferk\u00f3 M\u00e1t\u00e9 (54. perc), Kincses Krist\u00f3f (67. perc), K\u00f6vesdi P\u00e9ter (81. perc), F\u00f6lding Engelbert M\u00e1rk (90. perc), Berk\u00f3 M\u00e1t\u00e9 (93. perc).&nbsp;<\/p>\n<p style=\"text-align: center;\"><img decoding=\"async\" class=\"alignnone size-full wp-image-34\" src=\"https:\/\/bcsla.hu\/site\/wp-content\/uploads\/2017\/03\/line_purple.png\" alt=\"\" width=\"680\" height=\"1\" srcset=\"https:\/\/bcsla.hu\/site\/wp-content\/uploads\/2017\/03\/line_purple.png 680w, https:\/\/bcsla.hu\/site\/wp-content\/uploads\/2017\/03\/line_purple-150x1.png 150w, https:\/\/bcsla.hu\/site\/wp-content\/uploads\/2017\/03\/line_purple-300x1.png 300w, https:\/\/bcsla.hu\/site\/wp-content\/uploads\/2017\/03\/line_purple-292x1.png 292w, https:\/\/bcsla.hu\/site\/wp-content\/uploads\/2017\/03\/line_purple-100x1.png 100w, https:\/\/bcsla.hu\/site\/wp-content\/uploads\/2017\/03\/line_purple-50x1.png 50w, https:\/\/bcsla.hu\/site\/wp-content\/uploads\/2017\/03\/line_purple-25x1.png 25w, https:\/\/bcsla.hu\/site\/wp-content\/uploads\/2017\/03\/line_purple-90x1.png 90w\" sizes=\"(max-width: 680px) 100vw, 680px\" \/><\/p>\n<p style=\"text-align: justify;\"><strong>Szekeres Lajos:<\/strong>&nbsp;<em>\u2013&nbsp;Az idei szezon tal\u00e1n legjobb j\u00e1t\u00e9k\u00e1t ny\u00fajtotta a csapat. Az els\u0151 f\u00e9lid\u0151ben javar\u00e9szt az ellenf\u00e9l t\u00e9rfel\u00e9n folyt a j\u00e1t\u00e9k,&nbsp;ami azt jelentette, hogy nyom\u00e1s alatt tudtuk \u0151ket tartani &#8211; ott v\u00e9dekezt\u00fcnk, ahol szerett\u00fcnk volna \u00e9s a labdabirtokl\u00e1sunk is a begyakoroltak szerint t\u00f6rt\u00e9nt. A m\u00e1sodik f\u00e9lid\u0151 kiegyenl\u00edtettebb volt, igaz\u00e1n egyik csapat sem tudott a m\u00e1sik f\u00f6l\u00e9 n\u0151ni. A m\u00e9rk\u0151z\u00e9s v\u00e9g\u00e9n a v\u00e9dekez\u0151bb felfog\u00e1s jellemezte j\u00e1t\u00e9kunkat, ekkor ink\u00e1bb kontr\u00e1kb\u00f3l pr\u00f3b\u00e1ltunk kezdem\u00e9nyezni. A h\u00e1rom pont sors\u00e1t egy szabadr\u00fag\u00e1s d\u00f6nt\u00f6tte el az utols\u00f3 percben. \u00d6sszess\u00e9g\u00e9ben a csapat j\u00e1t\u00e9ka nagy fejl\u0151d\u00e9sen ment kereszt\u00fcl a felk\u00e9sz\u00fcl\u00e9s kezdete \u00f3ta, szinte minden gyakorolt j\u00e1t\u00e9kelemet visszaadtak a m\u00e9rk\u0151z\u00e9seken, sajnos a g\u00f3ll\u00f6v\u00e9ssel m\u00e9g mindig probl\u00e9m\u00e1ink akadnak.<\/em><\/p>\n<p style=\"text-align: center;\"><img decoding=\"async\" class=\"alignnone size-full wp-image-34\" src=\"https:\/\/bcsla.hu\/site\/wp-content\/uploads\/2017\/03\/line_purple.png\" alt=\"\" width=\"680\" height=\"1\" srcset=\"https:\/\/bcsla.hu\/site\/wp-content\/uploads\/2017\/03\/line_purple.png 680w, https:\/\/bcsla.hu\/site\/wp-content\/uploads\/2017\/03\/line_purple-150x1.png 150w, https:\/\/bcsla.hu\/site\/wp-content\/uploads\/2017\/03\/line_purple-300x1.png 300w, https:\/\/bcsla.hu\/site\/wp-content\/uploads\/2017\/03\/line_purple-292x1.png 292w, https:\/\/bcsla.hu\/site\/wp-content\/uploads\/2017\/03\/line_purple-100x1.png 100w, https:\/\/bcsla.hu\/site\/wp-content\/uploads\/2017\/03\/line_purple-50x1.png 50w, https:\/\/bcsla.hu\/site\/wp-content\/uploads\/2017\/03\/line_purple-25x1.png 25w, https:\/\/bcsla.hu\/site\/wp-content\/uploads\/2017\/03\/line_purple-90x1.png 90w\" sizes=\"(max-width: 680px) 100vw, 680px\" \/><\/p>\n<a class=\"metro-button mtr-small mtr-red mtr-square mtr-alignleft\" href=\"https:\/\/adatbank.mlsz.hu\/match\/52\/0\/20856\/6\/1477909.html\" title=\"\" target=\"_blank\"> Jegyz\u0151k\u00f6nyv <\/a>\n","protected":false},"excerpt":{"rendered":"<p>MLSZ U-17 II. oszt\u00e1ly 6. fordul\u00f3 MOL Feh\u00e9rv\u00e1r FC &#8211; B\u00e9k\u00e9scsaba 1912 El\u0151re SE 1-0 (0-0) Id\u0151pont: 2019. szeptember 28. (szombat) 13:00 \u00f3ra Helysz\u00edn:&nbsp;Sz\u00e9kesfeh\u00e9rv\u00e1r G\u00f3lszerz\u0151: Kincses Krist\u00f3f (93. perc). S\u00e1rga lapok:&nbsp;Ill\u00e9s Kende Attila (32. perc), Nagy Kriszti\u00e1n (32. perc), Ferk\u00f3 M\u00e1t\u00e9 (54. perc), Kincses Krist\u00f3f (67. perc), K\u00f6vesdi P\u00e9ter (81. perc), F\u00f6lding Engelbert M\u00e1rk (90. [&hellip;]<\/p>\n","protected":false},"author":1,"featured_media":0,"comment_status":"closed","ping_status":"closed","sticky":false,"template":"","format":"standard","meta":{"footnotes":""},"categories":[6,271,311],"tags":[55,287,56,353,354,31],"class_list":["post-4685","post","type-post","status-publish","format-standard","hentry","category-eredmenyek","category-271","category-eredmenyek-u17-20192020","tag-u17","tag-287","tag-eredmeny","tag-fehervar","tag-szekesfehervar","tag-merkozes"],"publishpress_future_action":{"enabled":false,"date":"2026-05-03 19:01:55","action":"change-status","newStatus":"draft","terms":[],"taxonomy":"category","extraData":[]},"publishpress_future_workflow_manual_trigger":{"enabledWorkflows":[]},"_links":{"self":[{"href":"https:\/\/bcsla.hu\/site\/wp-json\/wp\/v2\/posts\/4685","targetHints":{"allow":["GET"]}}],"collection":[{"href":"https:\/\/bcsla.hu\/site\/wp-json\/wp\/v2\/posts"}],"about":[{"href":"https:\/\/bcsla.hu\/site\/wp-json\/wp\/v2\/types\/post"}],"author":[{"embeddable":true,"href":"https:\/\/bcsla.hu\/site\/wp-json\/wp\/v2\/users\/1"}],"replies":[{"embeddable":true,"href":"https:\/\/bcsla.hu\/site\/wp-json\/wp\/v2\/comments?post=4685"}],"version-history":[{"count":3,"href":"https:\/\/bcsla.hu\/site\/wp-json\/wp\/v2\/posts\/4685\/revisions"}],"predecessor-version":[{"id":4733,"href":"https:\/\/bcsla.hu\/site\/wp-json\/wp\/v2\/posts\/4685\/revisions\/4733"}],"wp:attachment":[{"href":"https:\/\/bcsla.hu\/site\/wp-json\/wp\/v2\/media?parent=4685"}],"wp:term":[{"taxonomy":"category","embeddable":true,"href":"https:\/\/bcsla.hu\/site\/wp-json\/wp\/v2\/categories?post=4685"},{"taxonomy":"post_tag","embeddable":true,"href":"https:\/\/bcsla.hu\/site\/wp-json\/wp\/v2\/tags?post=4685"}],"curies":[{"name":"wp","href":"https:\/\/api.w.org\/{rel}","templated":true}]}}