{"id":4687,"date":"2019-09-18T16:18:01","date_gmt":"2019-09-18T14:18:01","guid":{"rendered":"https:\/\/bcsla.hu\/site\/?p=4687"},"modified":"2019-09-29T16:26:49","modified_gmt":"2019-09-29T14:26:49","slug":"bekescsaba-ufc-bekescsaba-1912-elore-se-20190917-u13","status":"publish","type":"post","link":"https:\/\/bcsla.hu\/site\/bekescsaba-ufc-bekescsaba-1912-elore-se-20190917-u13\/","title":{"rendered":"B\u00e9k\u00e9scsaba UFC &#8211; B\u00e9k\u00e9scsaba 1912 El\u0151re SE"},"content":{"rendered":"<p><strong>MLSZ U-13 I. oszt\u00e1ly D\u00e9l-Kelet 10. fordul\u00f3<\/strong><\/p>\n<h2>B\u00e9k\u00e9scsaba UFC &#8211; B\u00e9k\u00e9scsaba 1912 El\u0151re SE<\/h2>\n<h2>0-8 (0-4)<\/h2>\n<p><strong>Id\u0151pont:<\/strong>&nbsp;2019. szeptember 17. (szerda) 16:30 \u00f3ra<\/p>\n<p><strong>Helysz\u00edn:<\/strong>&nbsp;B\u00e9k\u00e9scsaba Labdar\u00fag\u00f3 Akad\u00e9mia<\/p>\n<p style=\"text-align: justify;\"><strong>G\u00f3lszerz\u0151k:<\/strong>&nbsp;Nagy M\u00e1t\u00e9 (9. perc), Zahor\u00e1n D\u00e1vid (11. perc), Kar\u00e1csonyi D\u00e9nes (19. perc) &#8211; \u00f6ng\u00f3l, Purzsa Xav\u00e9r (24. perc), V\u00f6r\u00f6s Barnab\u00e1s (44. perc), D\u00e1vid Kende (45. perc), Igricz Mih\u00e1ly (48. \u00e9s 53. perc).<\/p>\n<p style=\"text-align: center;\"><img decoding=\"async\" class=\"alignnone size-full wp-image-34\" src=\"https:\/\/bcsla.hu\/site\/wp-content\/uploads\/2017\/03\/line_purple.png\" alt=\"\" width=\"680\" height=\"1\" srcset=\"https:\/\/bcsla.hu\/site\/wp-content\/uploads\/2017\/03\/line_purple.png 680w, https:\/\/bcsla.hu\/site\/wp-content\/uploads\/2017\/03\/line_purple-150x1.png 150w, https:\/\/bcsla.hu\/site\/wp-content\/uploads\/2017\/03\/line_purple-300x1.png 300w, https:\/\/bcsla.hu\/site\/wp-content\/uploads\/2017\/03\/line_purple-292x1.png 292w, https:\/\/bcsla.hu\/site\/wp-content\/uploads\/2017\/03\/line_purple-100x1.png 100w, https:\/\/bcsla.hu\/site\/wp-content\/uploads\/2017\/03\/line_purple-50x1.png 50w, https:\/\/bcsla.hu\/site\/wp-content\/uploads\/2017\/03\/line_purple-25x1.png 25w, https:\/\/bcsla.hu\/site\/wp-content\/uploads\/2017\/03\/line_purple-90x1.png 90w\" sizes=\"(max-width: 680px) 100vw, 680px\" \/><\/p>\n<p style=\"text-align: center;\"><img fetchpriority=\"high\" decoding=\"async\" class=\"alignnone size-full wp-image-4688\" src=\"https:\/\/bcsla.hu\/site\/wp-content\/uploads\/2019\/09\/20190917_u13.jpg\" alt=\"\" width=\"680\" height=\"459\" srcset=\"https:\/\/bcsla.hu\/site\/wp-content\/uploads\/2019\/09\/20190917_u13.jpg 680w, https:\/\/bcsla.hu\/site\/wp-content\/uploads\/2019\/09\/20190917_u13-300x203.jpg 300w, https:\/\/bcsla.hu\/site\/wp-content\/uploads\/2019\/09\/20190917_u13-100x68.jpg 100w, https:\/\/bcsla.hu\/site\/wp-content\/uploads\/2019\/09\/20190917_u13-50x34.jpg 50w, https:\/\/bcsla.hu\/site\/wp-content\/uploads\/2019\/09\/20190917_u13-25x17.jpg 25w, https:\/\/bcsla.hu\/site\/wp-content\/uploads\/2019\/09\/20190917_u13-90x61.jpg 90w, https:\/\/bcsla.hu\/site\/wp-content\/uploads\/2019\/09\/20190917_u13-225x152.jpg 225w\" sizes=\"(max-width: 680px) 100vw, 680px\" \/><\/p>\n<p style=\"text-align: center;\"><img decoding=\"async\" class=\"alignnone size-full wp-image-34\" src=\"https:\/\/bcsla.hu\/site\/wp-content\/uploads\/2017\/03\/line_purple.png\" alt=\"\" width=\"680\" height=\"1\" srcset=\"https:\/\/bcsla.hu\/site\/wp-content\/uploads\/2017\/03\/line_purple.png 680w, https:\/\/bcsla.hu\/site\/wp-content\/uploads\/2017\/03\/line_purple-150x1.png 150w, https:\/\/bcsla.hu\/site\/wp-content\/uploads\/2017\/03\/line_purple-300x1.png 300w, https:\/\/bcsla.hu\/site\/wp-content\/uploads\/2017\/03\/line_purple-292x1.png 292w, https:\/\/bcsla.hu\/site\/wp-content\/uploads\/2017\/03\/line_purple-100x1.png 100w, https:\/\/bcsla.hu\/site\/wp-content\/uploads\/2017\/03\/line_purple-50x1.png 50w, https:\/\/bcsla.hu\/site\/wp-content\/uploads\/2017\/03\/line_purple-25x1.png 25w, https:\/\/bcsla.hu\/site\/wp-content\/uploads\/2017\/03\/line_purple-90x1.png 90w\" sizes=\"(max-width: 680px) 100vw, 680px\" \/><\/p>\n<p style=\"text-align: justify;\"><strong>Balog Zsolt:<\/strong>&nbsp;<em>\u2013&nbsp;Az UFC elleni bajnoki a t\u00e1mad\u00e1svezet\u00e9sr\u0151l sz\u00f3lt fel\u00e1llt v\u00e9delem ellen. Voltak sz\u00e9p t\u00e1mad\u00e1saink, b\u00e1r n\u00e9ha t\u00fcrelmetlenek voltunk v\u00e9gigj\u00e1tszani. A m\u00e9rk\u0151z\u00e9s j\u00f3l szolg\u00e1lta viszont a sz\u00e9leken val\u00f3 t\u00e1mad\u00e1svezet\u00e9sek gyakorl\u00e1s\u00e1t, amit&nbsp;sz\u00e9p sz\u00e1mban j\u00f3l oldottunk meg. Sz\u00e9p g\u00f3lokat szerezt\u00fcnk, b\u00e1r voltak olyan nagy lehet\u0151s\u00e9geink,&nbsp;melyeket&nbsp;higgadtabban&nbsp;k\u00f6nnyen g\u00f3lra v\u00e1lthattunk volna. Maga a m\u00e9rk\u0151z\u00e9s&nbsp;illett az el\u0151z\u0151 heti munk\u00e1ba, ahol az ellenf\u00e9l labdakihozatal\u00e1nak miel\u0151bbi megakad\u00e1lyoz\u00e1sa \u00e9s a t\u00e1mad\u00f3 harmadban t\u00f6rt\u00e9n\u0151 labdaszerz\u00e9s ut\u00e1ni gyors befejez\u00e9st gyakoroltuk. &nbsp;A tal\u00e1lkoz\u00f3 v\u00e9ge fel\u00e9 az eredm\u00e9ny tudat\u00e1ban, m\u00e1r el\u0151ker\u00fcltek az egy\u00e9ni amb\u00edci\u00f3k \u00e9s ink\u00e1bb az erre jellemz\u0151 megold\u00e1sokat v\u00e1lasztottuk, nem pedig a csapatj\u00e1t\u00e9kot. Ez sajnos nem mindig vezetett eredm\u00e9nyre, de legal\u00e1bb l\u00e1ttam, hogy mindenki szeretne g\u00f3lt szerezni. Gratul\u00e1lok a csapatnak!<\/em><\/p>\n<p style=\"text-align: center;\"><img decoding=\"async\" class=\"alignnone size-full wp-image-34\" src=\"https:\/\/bcsla.hu\/site\/wp-content\/uploads\/2017\/03\/line_purple.png\" alt=\"\" width=\"680\" height=\"1\" srcset=\"https:\/\/bcsla.hu\/site\/wp-content\/uploads\/2017\/03\/line_purple.png 680w, https:\/\/bcsla.hu\/site\/wp-content\/uploads\/2017\/03\/line_purple-150x1.png 150w, https:\/\/bcsla.hu\/site\/wp-content\/uploads\/2017\/03\/line_purple-300x1.png 300w, https:\/\/bcsla.hu\/site\/wp-content\/uploads\/2017\/03\/line_purple-292x1.png 292w, https:\/\/bcsla.hu\/site\/wp-content\/uploads\/2017\/03\/line_purple-100x1.png 100w, https:\/\/bcsla.hu\/site\/wp-content\/uploads\/2017\/03\/line_purple-50x1.png 50w, https:\/\/bcsla.hu\/site\/wp-content\/uploads\/2017\/03\/line_purple-25x1.png 25w, https:\/\/bcsla.hu\/site\/wp-content\/uploads\/2017\/03\/line_purple-90x1.png 90w\" sizes=\"(max-width: 680px) 100vw, 680px\" \/><\/p>\n<p style=\"text-align: justify;\"><a class=\"metro-button mtr-small mtr-red mtr-square mtr-alignleft\" href=\"https:\/\/adatbank.mlsz.hu\/match\/52\/0\/21246\/10\/1492682.html\" title=\"\" target=\"_blank\"> Jegyz\u0151k\u00f6nyv <\/a><\/p>\n","protected":false},"excerpt":{"rendered":"<p>MLSZ U-13 I. oszt\u00e1ly D\u00e9l-Kelet 10. fordul\u00f3 B\u00e9k\u00e9scsaba UFC &#8211; B\u00e9k\u00e9scsaba 1912 El\u0151re SE 0-8 (0-4) Id\u0151pont:&nbsp;2019. szeptember 17. (szerda) 16:30 \u00f3ra Helysz\u00edn:&nbsp;B\u00e9k\u00e9scsaba Labdar\u00fag\u00f3 Akad\u00e9mia G\u00f3lszerz\u0151k:&nbsp;Nagy M\u00e1t\u00e9 (9. perc), Zahor\u00e1n D\u00e1vid (11. perc), Kar\u00e1csonyi D\u00e9nes (19. perc) &#8211; \u00f6ng\u00f3l, Purzsa Xav\u00e9r (24. perc), V\u00f6r\u00f6s Barnab\u00e1s (44. perc), D\u00e1vid Kende (45. perc), Igricz Mih\u00e1ly (48. \u00e9s [&hellip;]<\/p>\n","protected":false},"author":1,"featured_media":0,"comment_status":"closed","ping_status":"closed","sticky":false,"template":"","format":"standard","meta":{"footnotes":""},"categories":[6,271,316],"tags":[287,37,56,102,31],"class_list":["post-4687","post","type-post","status-publish","format-standard","hentry","category-eredmenyek","category-271","category-eredmenyek-u13-20192020","tag-287","tag-ufc","tag-eredmeny","tag-u13","tag-merkozes"],"publishpress_future_action":{"enabled":false,"date":"2026-05-03 16:15:22","action":"change-status","newStatus":"draft","terms":[],"taxonomy":"category","extraData":[]},"publishpress_future_workflow_manual_trigger":{"enabledWorkflows":[]},"_links":{"self":[{"href":"https:\/\/bcsla.hu\/site\/wp-json\/wp\/v2\/posts\/4687","targetHints":{"allow":["GET"]}}],"collection":[{"href":"https:\/\/bcsla.hu\/site\/wp-json\/wp\/v2\/posts"}],"about":[{"href":"https:\/\/bcsla.hu\/site\/wp-json\/wp\/v2\/types\/post"}],"author":[{"embeddable":true,"href":"https:\/\/bcsla.hu\/site\/wp-json\/wp\/v2\/users\/1"}],"replies":[{"embeddable":true,"href":"https:\/\/bcsla.hu\/site\/wp-json\/wp\/v2\/comments?post=4687"}],"version-history":[{"count":1,"href":"https:\/\/bcsla.hu\/site\/wp-json\/wp\/v2\/posts\/4687\/revisions"}],"predecessor-version":[{"id":4689,"href":"https:\/\/bcsla.hu\/site\/wp-json\/wp\/v2\/posts\/4687\/revisions\/4689"}],"wp:attachment":[{"href":"https:\/\/bcsla.hu\/site\/wp-json\/wp\/v2\/media?parent=4687"}],"wp:term":[{"taxonomy":"category","embeddable":true,"href":"https:\/\/bcsla.hu\/site\/wp-json\/wp\/v2\/categories?post=4687"},{"taxonomy":"post_tag","embeddable":true,"href":"https:\/\/bcsla.hu\/site\/wp-json\/wp\/v2\/tags?post=4687"}],"curies":[{"name":"wp","href":"https:\/\/api.w.org\/{rel}","templated":true}]}}