{"id":4690,"date":"2019-09-29T16:35:24","date_gmt":"2019-09-29T14:35:24","guid":{"rendered":"https:\/\/bcsla.hu\/site\/?p=4690"},"modified":"2019-09-30T07:10:45","modified_gmt":"2019-09-30T05:10:45","slug":"mol-fehervar-fc-bekescsaba-1912-elore-se-20190928-u16","status":"publish","type":"post","link":"https:\/\/bcsla.hu\/site\/mol-fehervar-fc-bekescsaba-1912-elore-se-20190928-u16\/","title":{"rendered":"MOL Feh\u00e9rv\u00e1r FC &#8211; B\u00e9k\u00e9scsaba 1912 El\u0151re SE"},"content":{"rendered":"<p><strong>MLSZ U-16 II. oszt\u00e1ly 2019\/2020. 6. fordul\u00f3<\/strong><\/p>\n<h2>MOL Feh\u00e9rv\u00e1r FC &#8211; B\u00e9k\u00e9scsaba 1912 El\u0151re SE<\/h2>\n<h2>9-0 (3-0)<\/h2>\n<p style=\"text-align: justify;\"><strong>Id\u0151pont:<\/strong> 2019. szeptember 28. (szombat) 13:00 \u00f3ra<\/p>\n<p style=\"text-align: justify;\"><strong>Helysz\u00edn:<\/strong>&nbsp;Sz\u00e9kesfeh\u00e9rv\u00e1r<\/p>\n<p style=\"text-align: justify;\"><strong>G\u00f3lszerz\u0151k:<\/strong>&nbsp;Menyh\u00e1rt Zsombor (21. perc), Salacz M\u00e1t\u00e9 D\u00e1vid (24. perc), Szombati Benedek (38. \u00e9s 38. perc), T\u00f3th Tam\u00e1s Vid (52. perc), Varga Gerg\u0151 (67. perc), D\u00f6m\u00f6t\u00f6r M\u00e1t\u00e9 (78. perc), Varga Gerg\u0151 (81. perc), Babos Bence (91. perc).<\/p>\n<p style=\"text-align: justify;\"><strong>S\u00e1rga lapok: <\/strong>Salacz M\u00e1t\u00e9 D\u00e1vid (50. perc), Marik Soma (73. perc).<\/p>\n<p style=\"text-align: justify;\"><strong>Piros lap:<\/strong> Nagy S\u00e1ndor (44. perc).<\/p>\n<p style=\"text-align: center;\"><img decoding=\"async\" class=\"alignnone size-full wp-image-34\" src=\"https:\/\/bcsla.hu\/site\/wp-content\/uploads\/2017\/03\/line_purple.png\" alt=\"\" width=\"680\" height=\"1\" srcset=\"https:\/\/bcsla.hu\/site\/wp-content\/uploads\/2017\/03\/line_purple.png 680w, https:\/\/bcsla.hu\/site\/wp-content\/uploads\/2017\/03\/line_purple-150x1.png 150w, https:\/\/bcsla.hu\/site\/wp-content\/uploads\/2017\/03\/line_purple-300x1.png 300w, https:\/\/bcsla.hu\/site\/wp-content\/uploads\/2017\/03\/line_purple-292x1.png 292w, https:\/\/bcsla.hu\/site\/wp-content\/uploads\/2017\/03\/line_purple-100x1.png 100w, https:\/\/bcsla.hu\/site\/wp-content\/uploads\/2017\/03\/line_purple-50x1.png 50w, https:\/\/bcsla.hu\/site\/wp-content\/uploads\/2017\/03\/line_purple-25x1.png 25w, https:\/\/bcsla.hu\/site\/wp-content\/uploads\/2017\/03\/line_purple-90x1.png 90w\" sizes=\"(max-width: 680px) 100vw, 680px\" \/><\/p>\n<p style=\"text-align: justify;\"><strong>Marik L\u00e1szl\u00f3:<\/strong>&nbsp;<em>\u2013&nbsp;A m\u00e9rk\u0151z\u00e9s elej\u00e9n j\u00f3l fociztunk, ziccert is hib\u00e1ztunk.&nbsp;Ezut\u00e1n k\u00e9t percen bel\u00fcl kaptunk k\u00e9t g\u00f3lt, amit v\u00e9delmi hib\u00e1knak k\u00f6sz\u00f6nhet\u00fcnk. A k\u00f6nny\u0171 s\u00edppal megadott ki\u00e1ll\u00edt\u00e1s miatt t\u00edz f\u0151re fogyatkoztunk, ami gyakorlatilag megpecs\u00e9telte a sorsunkat. A m\u00e1sodik j\u00e1t\u00e9kr\u00e9szben pr\u00f3b\u00e1ltuk tartani magunkat, de \u00fajabb k\u00e9t hiba, k\u00e9t tov\u00e1bbi g\u00f3lt eredm\u00e9nyezett. Ez teljesen megt\u00f6rte a csapatot \u00e9s az \u00f6sszeroppan\u00e1s nagyar\u00e1ny\u00fa veres\u00e9ghez vezetett. Meg kell tanulnunk vert helyzetben is fegyelmezetten \u00e9s higgadtan, a taktikai utas\u00edt\u00e1sokat betartva fociznunk, k\u00fcl\u00f6nben ilyen veres\u00e9g lehet csak az eredm\u00e9ny.<\/em><\/p>\n<p style=\"text-align: center;\"><img decoding=\"async\" class=\"alignnone size-full wp-image-34\" src=\"https:\/\/bcsla.hu\/site\/wp-content\/uploads\/2017\/03\/line_purple.png\" alt=\"\" width=\"680\" height=\"1\" srcset=\"https:\/\/bcsla.hu\/site\/wp-content\/uploads\/2017\/03\/line_purple.png 680w, https:\/\/bcsla.hu\/site\/wp-content\/uploads\/2017\/03\/line_purple-150x1.png 150w, https:\/\/bcsla.hu\/site\/wp-content\/uploads\/2017\/03\/line_purple-300x1.png 300w, https:\/\/bcsla.hu\/site\/wp-content\/uploads\/2017\/03\/line_purple-292x1.png 292w, https:\/\/bcsla.hu\/site\/wp-content\/uploads\/2017\/03\/line_purple-100x1.png 100w, https:\/\/bcsla.hu\/site\/wp-content\/uploads\/2017\/03\/line_purple-50x1.png 50w, https:\/\/bcsla.hu\/site\/wp-content\/uploads\/2017\/03\/line_purple-25x1.png 25w, https:\/\/bcsla.hu\/site\/wp-content\/uploads\/2017\/03\/line_purple-90x1.png 90w\" sizes=\"(max-width: 680px) 100vw, 680px\" \/><\/p>\n<a class=\"metro-button mtr-small mtr-red mtr-square mtr-alignleft\" href=\"https:\/\/adatbank.mlsz.hu\/match\/52\/0\/20857\/6\/1479050.html\" title=\"\" target=\"_blank\"> Jegyz\u0151k\u00f6nyv <\/a>\n<p>&nbsp;<\/p>\n","protected":false},"excerpt":{"rendered":"<p>MLSZ U-16 II. oszt\u00e1ly 2019\/2020. 6. fordul\u00f3 MOL Feh\u00e9rv\u00e1r FC &#8211; B\u00e9k\u00e9scsaba 1912 El\u0151re SE 9-0 (3-0) Id\u0151pont: 2019. szeptember 28. (szombat) 13:00 \u00f3ra Helysz\u00edn:&nbsp;Sz\u00e9kesfeh\u00e9rv\u00e1r G\u00f3lszerz\u0151k:&nbsp;Menyh\u00e1rt Zsombor (21. perc), Salacz M\u00e1t\u00e9 D\u00e1vid (24. perc), Szombati Benedek (38. \u00e9s 38. perc), T\u00f3th Tam\u00e1s Vid (52. perc), Varga Gerg\u0151 (67. perc), D\u00f6m\u00f6t\u00f6r M\u00e1t\u00e9 (78. perc), Varga Gerg\u0151 [&hellip;]<\/p>\n","protected":false},"author":1,"featured_media":0,"comment_status":"closed","ping_status":"closed","sticky":false,"template":"","format":"standard","meta":{"footnotes":""},"categories":[6,271,308],"tags":[287,56,58,353,354,31],"class_list":["post-4690","post","type-post","status-publish","format-standard","hentry","category-eredmenyek","category-271","category-eredmenyek-u16-20192020","tag-287","tag-eredmeny","tag-u16","tag-fehervar","tag-szekesfehervar","tag-merkozes"],"publishpress_future_action":{"enabled":false,"date":"2026-05-03 19:07:17","action":"change-status","newStatus":"draft","terms":[],"taxonomy":"category","extraData":[]},"publishpress_future_workflow_manual_trigger":{"enabledWorkflows":[]},"_links":{"self":[{"href":"https:\/\/bcsla.hu\/site\/wp-json\/wp\/v2\/posts\/4690","targetHints":{"allow":["GET"]}}],"collection":[{"href":"https:\/\/bcsla.hu\/site\/wp-json\/wp\/v2\/posts"}],"about":[{"href":"https:\/\/bcsla.hu\/site\/wp-json\/wp\/v2\/types\/post"}],"author":[{"embeddable":true,"href":"https:\/\/bcsla.hu\/site\/wp-json\/wp\/v2\/users\/1"}],"replies":[{"embeddable":true,"href":"https:\/\/bcsla.hu\/site\/wp-json\/wp\/v2\/comments?post=4690"}],"version-history":[{"count":3,"href":"https:\/\/bcsla.hu\/site\/wp-json\/wp\/v2\/posts\/4690\/revisions"}],"predecessor-version":[{"id":4707,"href":"https:\/\/bcsla.hu\/site\/wp-json\/wp\/v2\/posts\/4690\/revisions\/4707"}],"wp:attachment":[{"href":"https:\/\/bcsla.hu\/site\/wp-json\/wp\/v2\/media?parent=4690"}],"wp:term":[{"taxonomy":"category","embeddable":true,"href":"https:\/\/bcsla.hu\/site\/wp-json\/wp\/v2\/categories?post=4690"},{"taxonomy":"post_tag","embeddable":true,"href":"https:\/\/bcsla.hu\/site\/wp-json\/wp\/v2\/tags?post=4690"}],"curies":[{"name":"wp","href":"https:\/\/api.w.org\/{rel}","templated":true}]}}