{"id":4754,"date":"2019-10-06T07:43:36","date_gmt":"2019-10-06T05:43:36","guid":{"rendered":"https:\/\/bcsla.hu\/site\/?p=4754"},"modified":"2019-10-06T07:48:41","modified_gmt":"2019-10-06T05:48:41","slug":"bekescsaba-1912-elore-se-budai-futball-club-se-20191005-u17","status":"publish","type":"post","link":"https:\/\/bcsla.hu\/site\/bekescsaba-1912-elore-se-budai-futball-club-se-20191005-u17\/","title":{"rendered":"B\u00e9k\u00e9scsaba 1912 El\u0151re SE &#8211; Budai Futball Club SE"},"content":{"rendered":"<p id=\"headerText\" class=\"container_title\"><strong>MLSZ U-17 II. oszt\u00e1ly 7. fordul\u00f3<\/strong><\/p>\n<h2>B\u00e9k\u00e9scsaba 1912 El\u0151re SE &#8211; Budai Futball Club SE<\/h2>\n<h2>1-1 (1-0)<\/h2>\n<p><strong>Id\u0151pont:<\/strong> 2019. okt\u00f3ber 5. (szombat) 14:00 \u00f3ra<\/p>\n<p><strong>Helysz\u00edn:<\/strong>&nbsp;B\u00e9k\u00e9scsaba, K\u00f3rh\u00e1z utcai Stadion<\/p>\n<p style=\"text-align: justify;\"><strong>G\u00f3lszerz\u0151k: <\/strong>Palik Gy\u00f6rgy (39. perc), Heged\u0171s Bence (81. perc).<\/p>\n<p style=\"text-align: justify;\"><strong>S\u00e1rga lapok:<\/strong>&nbsp;Heged\u0171s Bence (52. perc), Mag Levente Mikl\u00f3s (64. perc), Palik Gy\u00f6rgy (83. perc).<\/p>\n<p style=\"text-align: center;\">&nbsp;<\/p>\n<p style=\"text-align: center;\"><img decoding=\"async\" class=\"alignnone size-full wp-image-34\" src=\"https:\/\/bcsla.hu\/site\/wp-content\/uploads\/2017\/03\/line_purple.png\" alt=\"\" width=\"680\" height=\"1\" srcset=\"https:\/\/bcsla.hu\/site\/wp-content\/uploads\/2017\/03\/line_purple.png 680w, https:\/\/bcsla.hu\/site\/wp-content\/uploads\/2017\/03\/line_purple-150x1.png 150w, https:\/\/bcsla.hu\/site\/wp-content\/uploads\/2017\/03\/line_purple-300x1.png 300w, https:\/\/bcsla.hu\/site\/wp-content\/uploads\/2017\/03\/line_purple-292x1.png 292w, https:\/\/bcsla.hu\/site\/wp-content\/uploads\/2017\/03\/line_purple-100x1.png 100w, https:\/\/bcsla.hu\/site\/wp-content\/uploads\/2017\/03\/line_purple-50x1.png 50w, https:\/\/bcsla.hu\/site\/wp-content\/uploads\/2017\/03\/line_purple-25x1.png 25w, https:\/\/bcsla.hu\/site\/wp-content\/uploads\/2017\/03\/line_purple-90x1.png 90w\" sizes=\"(max-width: 680px) 100vw, 680px\" \/><\/p>\n<a class=\"metro-button mtr-small mtr-red mtr-square mtr-alignleft\" href=\"https:\/\/adatbank.mlsz.hu\/match\/52\/0\/20856\/7\/1477917.html\" title=\"\" target=\"_blank\"> Jegyz\u0151k\u00f6nyv <\/a>\n","protected":false},"excerpt":{"rendered":"<p>MLSZ U-17 II. oszt\u00e1ly 7. fordul\u00f3 B\u00e9k\u00e9scsaba 1912 El\u0151re SE &#8211; Budai Futball Club SE 1-1 (1-0) Id\u0151pont: 2019. okt\u00f3ber 5. (szombat) 14:00 \u00f3ra Helysz\u00edn:&nbsp;B\u00e9k\u00e9scsaba, K\u00f3rh\u00e1z utcai Stadion G\u00f3lszerz\u0151k: Palik Gy\u00f6rgy (39. perc), Heged\u0171s Bence (81. perc). S\u00e1rga lapok:&nbsp;Heged\u0171s Bence (52. perc), Mag Levente Mikl\u00f3s (64. perc), Palik Gy\u00f6rgy (83. perc). &nbsp;<\/p>\n","protected":false},"author":1,"featured_media":0,"comment_status":"closed","ping_status":"closed","sticky":false,"template":"","format":"standard","meta":{"footnotes":""},"categories":[6,271,311],"tags":[55,287,56,363,31],"class_list":["post-4754","post","type-post","status-publish","format-standard","hentry","category-eredmenyek","category-271","category-eredmenyek-u17-20192020","tag-u17","tag-287","tag-eredmeny","tag-budai-futball-club-se","tag-merkozes"],"publishpress_future_action":{"enabled":false,"date":"2026-05-03 21:51:57","action":"change-status","newStatus":"draft","terms":[],"taxonomy":"category","extraData":[]},"publishpress_future_workflow_manual_trigger":{"enabledWorkflows":[]},"_links":{"self":[{"href":"https:\/\/bcsla.hu\/site\/wp-json\/wp\/v2\/posts\/4754","targetHints":{"allow":["GET"]}}],"collection":[{"href":"https:\/\/bcsla.hu\/site\/wp-json\/wp\/v2\/posts"}],"about":[{"href":"https:\/\/bcsla.hu\/site\/wp-json\/wp\/v2\/types\/post"}],"author":[{"embeddable":true,"href":"https:\/\/bcsla.hu\/site\/wp-json\/wp\/v2\/users\/1"}],"replies":[{"embeddable":true,"href":"https:\/\/bcsla.hu\/site\/wp-json\/wp\/v2\/comments?post=4754"}],"version-history":[{"count":1,"href":"https:\/\/bcsla.hu\/site\/wp-json\/wp\/v2\/posts\/4754\/revisions"}],"predecessor-version":[{"id":4755,"href":"https:\/\/bcsla.hu\/site\/wp-json\/wp\/v2\/posts\/4754\/revisions\/4755"}],"wp:attachment":[{"href":"https:\/\/bcsla.hu\/site\/wp-json\/wp\/v2\/media?parent=4754"}],"wp:term":[{"taxonomy":"category","embeddable":true,"href":"https:\/\/bcsla.hu\/site\/wp-json\/wp\/v2\/categories?post=4754"},{"taxonomy":"post_tag","embeddable":true,"href":"https:\/\/bcsla.hu\/site\/wp-json\/wp\/v2\/tags?post=4754"}],"curies":[{"name":"wp","href":"https:\/\/api.w.org\/{rel}","templated":true}]}}