{"id":4760,"date":"2019-10-06T08:02:05","date_gmt":"2019-10-06T06:02:05","guid":{"rendered":"https:\/\/bcsla.hu\/site\/?p=4760"},"modified":"2019-10-06T08:37:45","modified_gmt":"2019-10-06T06:37:45","slug":"bekescsaba-1912-elore-se-budai-futball-club-se-20191005-u16","status":"publish","type":"post","link":"https:\/\/bcsla.hu\/site\/bekescsaba-1912-elore-se-budai-futball-club-se-20191005-u16\/","title":{"rendered":"B\u00e9k\u00e9scsaba 1912 El\u0151re SE &#8211; Budai Futball Club SE"},"content":{"rendered":"<p><strong>MLSZ U-16 II. oszt\u00e1ly 2019\/2020. 7. fordul\u00f3<\/strong><\/p>\n<h2>B\u00e9k\u00e9scsaba 1912 El\u0151re SE &#8211; Budai Futball Club SE<\/h2>\n<h2>3-1 (1-0)<\/h2>\n<p style=\"text-align: justify;\"><strong>Id\u0151pont:<\/strong> 2019. okt\u00f3ber 5. (szombat) 12:00 \u00f3ra<\/p>\n<p style=\"text-align: justify;\"><strong>Helysz\u00edn:<\/strong>&nbsp;B\u00e9k\u00e9scsaba, K\u00f3rh\u00e1z utcai Stadion<\/p>\n<p style=\"text-align: justify;\"><strong>G\u00f3lszerz\u0151k:<\/strong>&nbsp;M\u00e1gocsi Bence (41. perc), Cs\u00e1k Albert (47. perc), J\u00e1nk Andr\u00e1s M\u00e1rk (77. perc), Zahor\u00e1n \u00c1ron (83. perc).<\/p>\n<p style=\"text-align: justify;\"><strong>S\u00e1rga lapok: <\/strong>Szombathelyi Br\u00fan\u00f3 (42. perc), Varga J\u00e1nos (58. perc), P\u00e1l Korn\u00e9l (66. perc), Kiss G\u00e1bor (88. perc).<\/p>\n<p style=\"text-align: center;\"><img decoding=\"async\" class=\"alignnone size-full wp-image-34\" src=\"https:\/\/bcsla.hu\/site\/wp-content\/uploads\/2017\/03\/line_purple.png\" alt=\"\" width=\"680\" height=\"1\" srcset=\"https:\/\/bcsla.hu\/site\/wp-content\/uploads\/2017\/03\/line_purple.png 680w, https:\/\/bcsla.hu\/site\/wp-content\/uploads\/2017\/03\/line_purple-150x1.png 150w, https:\/\/bcsla.hu\/site\/wp-content\/uploads\/2017\/03\/line_purple-300x1.png 300w, https:\/\/bcsla.hu\/site\/wp-content\/uploads\/2017\/03\/line_purple-292x1.png 292w, https:\/\/bcsla.hu\/site\/wp-content\/uploads\/2017\/03\/line_purple-100x1.png 100w, https:\/\/bcsla.hu\/site\/wp-content\/uploads\/2017\/03\/line_purple-50x1.png 50w, https:\/\/bcsla.hu\/site\/wp-content\/uploads\/2017\/03\/line_purple-25x1.png 25w, https:\/\/bcsla.hu\/site\/wp-content\/uploads\/2017\/03\/line_purple-90x1.png 90w\" sizes=\"(max-width: 680px) 100vw, 680px\" \/><\/p>\n<p style=\"text-align: center;\"><img fetchpriority=\"high\" decoding=\"async\" class=\"alignnone size-full wp-image-4768\" src=\"https:\/\/bcsla.hu\/site\/wp-content\/uploads\/2019\/10\/20191005_u16.jpg\" alt=\"\" width=\"680\" height=\"393\" srcset=\"https:\/\/bcsla.hu\/site\/wp-content\/uploads\/2019\/10\/20191005_u16.jpg 680w, https:\/\/bcsla.hu\/site\/wp-content\/uploads\/2019\/10\/20191005_u16-300x173.jpg 300w, https:\/\/bcsla.hu\/site\/wp-content\/uploads\/2019\/10\/20191005_u16-100x58.jpg 100w, https:\/\/bcsla.hu\/site\/wp-content\/uploads\/2019\/10\/20191005_u16-50x29.jpg 50w, https:\/\/bcsla.hu\/site\/wp-content\/uploads\/2019\/10\/20191005_u16-25x14.jpg 25w, https:\/\/bcsla.hu\/site\/wp-content\/uploads\/2019\/10\/20191005_u16-90x52.jpg 90w, https:\/\/bcsla.hu\/site\/wp-content\/uploads\/2019\/10\/20191005_u16-225x130.jpg 225w\" sizes=\"(max-width: 680px) 100vw, 680px\" \/><\/p>\n<p style=\"text-align: center;\"><img decoding=\"async\" class=\"alignnone size-full wp-image-34\" src=\"https:\/\/bcsla.hu\/site\/wp-content\/uploads\/2017\/03\/line_purple.png\" alt=\"\" width=\"680\" height=\"1\" srcset=\"https:\/\/bcsla.hu\/site\/wp-content\/uploads\/2017\/03\/line_purple.png 680w, https:\/\/bcsla.hu\/site\/wp-content\/uploads\/2017\/03\/line_purple-150x1.png 150w, https:\/\/bcsla.hu\/site\/wp-content\/uploads\/2017\/03\/line_purple-300x1.png 300w, https:\/\/bcsla.hu\/site\/wp-content\/uploads\/2017\/03\/line_purple-292x1.png 292w, https:\/\/bcsla.hu\/site\/wp-content\/uploads\/2017\/03\/line_purple-100x1.png 100w, https:\/\/bcsla.hu\/site\/wp-content\/uploads\/2017\/03\/line_purple-50x1.png 50w, https:\/\/bcsla.hu\/site\/wp-content\/uploads\/2017\/03\/line_purple-25x1.png 25w, https:\/\/bcsla.hu\/site\/wp-content\/uploads\/2017\/03\/line_purple-90x1.png 90w\" sizes=\"(max-width: 680px) 100vw, 680px\" \/><\/p>\n<p style=\"text-align: justify;\"><strong>Marik L\u00e1szl\u00f3:<\/strong>&nbsp;<em>\u2013&nbsp;J\u00f3l j\u00e1tszottunk, v\u00e9gig ir\u00e1ny\u00edtottuk a m\u00e9rk\u0151z\u00e9st \u00e9s ezen a napon h\u00e1romszor is betal\u00e1ltunk. Dics\u00e9ret illeti j\u00e1t\u00e9kosaimat, mert az elm\u00falt h\u00e9t esem\u00e9nyei ut\u00e1n nagyszer\u0171 teljes\u00edtm\u00e9nyt ny\u00fajtottak. Sok labd\u00e1t szerezt\u00fcnk a k\u00f6z\u00e9pp\u00e1ly\u00e1n \u00e9s&nbsp;rengeteg helyzetet alak\u00edtottunk ki. F\u0151leg az els\u0151 f\u00e9lid\u0151ben j\u00f3l sz\u0171k\u00edtett\u00fck a ter\u00fcleteket is, a helyzetkihaszn\u00e1l\u00e1sainkon azonban tov\u00e1bb kell dolgoznunk.<\/em><\/p>\n<p style=\"text-align: center;\"><img decoding=\"async\" class=\"alignnone size-full wp-image-34\" src=\"https:\/\/bcsla.hu\/site\/wp-content\/uploads\/2017\/03\/line_purple.png\" alt=\"\" width=\"680\" height=\"1\" srcset=\"https:\/\/bcsla.hu\/site\/wp-content\/uploads\/2017\/03\/line_purple.png 680w, https:\/\/bcsla.hu\/site\/wp-content\/uploads\/2017\/03\/line_purple-150x1.png 150w, https:\/\/bcsla.hu\/site\/wp-content\/uploads\/2017\/03\/line_purple-300x1.png 300w, https:\/\/bcsla.hu\/site\/wp-content\/uploads\/2017\/03\/line_purple-292x1.png 292w, https:\/\/bcsla.hu\/site\/wp-content\/uploads\/2017\/03\/line_purple-100x1.png 100w, https:\/\/bcsla.hu\/site\/wp-content\/uploads\/2017\/03\/line_purple-50x1.png 50w, https:\/\/bcsla.hu\/site\/wp-content\/uploads\/2017\/03\/line_purple-25x1.png 25w, https:\/\/bcsla.hu\/site\/wp-content\/uploads\/2017\/03\/line_purple-90x1.png 90w\" sizes=\"(max-width: 680px) 100vw, 680px\" \/><\/p>\n<a class=\"metro-button mtr-small mtr-red mtr-square mtr-alignleft\" href=\"https:\/\/adatbank.mlsz.hu\/match\/52\/0\/20857\/7\/1479058.html\" title=\"\" target=\"_blank\"> Jegyz\u0151k\u00f6nyv <\/a>\n<p>&nbsp;<\/p>\n","protected":false},"excerpt":{"rendered":"<p>MLSZ U-16 II. oszt\u00e1ly 2019\/2020. 7. fordul\u00f3 B\u00e9k\u00e9scsaba 1912 El\u0151re SE &#8211; Budai Futball Club SE 3-1 (1-0) Id\u0151pont: 2019. okt\u00f3ber 5. (szombat) 12:00 \u00f3ra Helysz\u00edn:&nbsp;B\u00e9k\u00e9scsaba, K\u00f3rh\u00e1z utcai Stadion G\u00f3lszerz\u0151k:&nbsp;M\u00e1gocsi Bence (41. perc), Cs\u00e1k Albert (47. perc), J\u00e1nk Andr\u00e1s M\u00e1rk (77. perc), Zahor\u00e1n \u00c1ron (83. perc). S\u00e1rga lapok: Szombathelyi Br\u00fan\u00f3 (42. perc), Varga J\u00e1nos (58. [&hellip;]<\/p>\n","protected":false},"author":1,"featured_media":0,"comment_status":"closed","ping_status":"closed","sticky":false,"template":"","format":"standard","meta":{"footnotes":""},"categories":[6,271,308],"tags":[287,56,363,58,31],"class_list":["post-4760","post","type-post","status-publish","format-standard","hentry","category-eredmenyek","category-271","category-eredmenyek-u16-20192020","tag-287","tag-eredmeny","tag-budai-futball-club-se","tag-u16","tag-merkozes"],"publishpress_future_action":{"enabled":false,"date":"2026-05-03 21:18:19","action":"change-status","newStatus":"draft","terms":[],"taxonomy":"category","extraData":[]},"publishpress_future_workflow_manual_trigger":{"enabledWorkflows":[]},"_links":{"self":[{"href":"https:\/\/bcsla.hu\/site\/wp-json\/wp\/v2\/posts\/4760","targetHints":{"allow":["GET"]}}],"collection":[{"href":"https:\/\/bcsla.hu\/site\/wp-json\/wp\/v2\/posts"}],"about":[{"href":"https:\/\/bcsla.hu\/site\/wp-json\/wp\/v2\/types\/post"}],"author":[{"embeddable":true,"href":"https:\/\/bcsla.hu\/site\/wp-json\/wp\/v2\/users\/1"}],"replies":[{"embeddable":true,"href":"https:\/\/bcsla.hu\/site\/wp-json\/wp\/v2\/comments?post=4760"}],"version-history":[{"count":3,"href":"https:\/\/bcsla.hu\/site\/wp-json\/wp\/v2\/posts\/4760\/revisions"}],"predecessor-version":[{"id":4769,"href":"https:\/\/bcsla.hu\/site\/wp-json\/wp\/v2\/posts\/4760\/revisions\/4769"}],"wp:attachment":[{"href":"https:\/\/bcsla.hu\/site\/wp-json\/wp\/v2\/media?parent=4760"}],"wp:term":[{"taxonomy":"category","embeddable":true,"href":"https:\/\/bcsla.hu\/site\/wp-json\/wp\/v2\/categories?post=4760"},{"taxonomy":"post_tag","embeddable":true,"href":"https:\/\/bcsla.hu\/site\/wp-json\/wp\/v2\/tags?post=4760"}],"curies":[{"name":"wp","href":"https:\/\/api.w.org\/{rel}","templated":true}]}}