{"id":4770,"date":"2019-10-06T08:59:19","date_gmt":"2019-10-06T06:59:19","guid":{"rendered":"https:\/\/bcsla.hu\/site\/?p=4770"},"modified":"2019-10-06T08:59:19","modified_gmt":"2019-10-06T06:59:19","slug":"szeged-csanad-grosics-akademia-bekescsaba-1912-elore-se-20191005-u14","status":"publish","type":"post","link":"https:\/\/bcsla.hu\/site\/szeged-csanad-grosics-akademia-bekescsaba-1912-elore-se-20191005-u14\/","title":{"rendered":"Szeged-Csan\u00e1d Grosics Akad\u00e9mia &#8211; B\u00e9k\u00e9scsaba 1912 El\u0151re SE"},"content":{"rendered":"<p><strong>MLSZ U14 II. oszt\u00e1ly D\u00e9l-Keleti csoport 6. fordul\u00f3<\/strong><\/p>\n<h2>Szeged-Csan\u00e1d Grosics Akad\u00e9mia &#8211; B\u00e9k\u00e9scsaba 1912 El\u0151re SE<\/h2>\n<h2>0-6 (0-4)<\/h2>\n<p style=\"text-align: justify;\"><strong>Id\u0151pont:<\/strong>&nbsp;2019. okt\u00f3ber 5. (szombat) 12:00 \u00f3ra<\/p>\n<p style=\"text-align: justify;\"><strong>Helysz\u00edn:<\/strong>&nbsp;Gyula<\/p>\n<p style=\"text-align: justify;\"><strong>G\u00f3lszerz\u0151k:<\/strong>&nbsp;Vas Mil\u00e1n (7. perc), Lad\u00e1nyi Triszt\u00e1n Attila (13. perc), Szemenyei Bal\u00e1zs (35. perc), Ker\u00e9nyi Zolt\u00e1n (38. \u00e9s 51. perc), Vona Ferenc (78. perc).<\/p>\n<p style=\"text-align: justify;\"><strong>S\u00e1rga lapok:<\/strong>&nbsp;Szil\u00e1gyi D\u00e1vid (49. perc), Sztank\u00f3 L\u00e1szl\u00f3 (52. perc).<\/p>\n<p style=\"text-align: center;\"><img decoding=\"async\" class=\"alignnone size-full wp-image-34\" src=\"https:\/\/bcsla.hu\/site\/wp-content\/uploads\/2017\/03\/line_purple.png\" alt=\"\" width=\"680\" height=\"1\" srcset=\"https:\/\/bcsla.hu\/site\/wp-content\/uploads\/2017\/03\/line_purple.png 680w, https:\/\/bcsla.hu\/site\/wp-content\/uploads\/2017\/03\/line_purple-150x1.png 150w, https:\/\/bcsla.hu\/site\/wp-content\/uploads\/2017\/03\/line_purple-300x1.png 300w, https:\/\/bcsla.hu\/site\/wp-content\/uploads\/2017\/03\/line_purple-292x1.png 292w, https:\/\/bcsla.hu\/site\/wp-content\/uploads\/2017\/03\/line_purple-100x1.png 100w, https:\/\/bcsla.hu\/site\/wp-content\/uploads\/2017\/03\/line_purple-50x1.png 50w, https:\/\/bcsla.hu\/site\/wp-content\/uploads\/2017\/03\/line_purple-25x1.png 25w, https:\/\/bcsla.hu\/site\/wp-content\/uploads\/2017\/03\/line_purple-90x1.png 90w\" sizes=\"(max-width: 680px) 100vw, 680px\" \/><\/p>\n<p style=\"text-align: justify;\"><a class=\"metro-button mtr-small mtr-red mtr-square mtr-alignleft\" href=\"https:\/\/adatbank.mlsz.hu\/match\/52\/6\/21219\/6\/1487393.html\" title=\"\" target=\"_blank\"> Jegyz\u0151k\u00f6nyv <\/a><\/p>\n","protected":false},"excerpt":{"rendered":"<p>MLSZ U14 II. oszt\u00e1ly D\u00e9l-Keleti csoport 6. fordul\u00f3 Szeged-Csan\u00e1d Grosics Akad\u00e9mia &#8211; B\u00e9k\u00e9scsaba 1912 El\u0151re SE 0-6 (0-4) Id\u0151pont:&nbsp;2019. okt\u00f3ber 5. (szombat) 12:00 \u00f3ra Helysz\u00edn:&nbsp;Gyula G\u00f3lszerz\u0151k:&nbsp;Vas Mil\u00e1n (7. perc), Lad\u00e1nyi Triszt\u00e1n Attila (13. perc), Szemenyei Bal\u00e1zs (35. perc), Ker\u00e9nyi Zolt\u00e1n (38. \u00e9s 51. perc), Vona Ferenc (78. perc). S\u00e1rga lapok:&nbsp;Szil\u00e1gyi D\u00e1vid (49. perc), Sztank\u00f3 L\u00e1szl\u00f3 [&hellip;]<\/p>\n","protected":false},"author":1,"featured_media":0,"comment_status":"closed","ping_status":"closed","sticky":false,"template":"","format":"standard","meta":{"footnotes":""},"categories":[6,271,314],"tags":[118,287,56,313,31],"class_list":["post-4770","post","type-post","status-publish","format-standard","hentry","category-eredmenyek","category-271","category-eredmenyek-u14-20192020","tag-u14","tag-287","tag-eredmeny","tag-szeged-csanad-grosics-akademia","tag-merkozes"],"publishpress_future_action":{"enabled":false,"date":"2026-05-03 21:21:24","action":"change-status","newStatus":"draft","terms":[],"taxonomy":"category","extraData":[]},"publishpress_future_workflow_manual_trigger":{"enabledWorkflows":[]},"_links":{"self":[{"href":"https:\/\/bcsla.hu\/site\/wp-json\/wp\/v2\/posts\/4770","targetHints":{"allow":["GET"]}}],"collection":[{"href":"https:\/\/bcsla.hu\/site\/wp-json\/wp\/v2\/posts"}],"about":[{"href":"https:\/\/bcsla.hu\/site\/wp-json\/wp\/v2\/types\/post"}],"author":[{"embeddable":true,"href":"https:\/\/bcsla.hu\/site\/wp-json\/wp\/v2\/users\/1"}],"replies":[{"embeddable":true,"href":"https:\/\/bcsla.hu\/site\/wp-json\/wp\/v2\/comments?post=4770"}],"version-history":[{"count":1,"href":"https:\/\/bcsla.hu\/site\/wp-json\/wp\/v2\/posts\/4770\/revisions"}],"predecessor-version":[{"id":4771,"href":"https:\/\/bcsla.hu\/site\/wp-json\/wp\/v2\/posts\/4770\/revisions\/4771"}],"wp:attachment":[{"href":"https:\/\/bcsla.hu\/site\/wp-json\/wp\/v2\/media?parent=4770"}],"wp:term":[{"taxonomy":"category","embeddable":true,"href":"https:\/\/bcsla.hu\/site\/wp-json\/wp\/v2\/categories?post=4770"},{"taxonomy":"post_tag","embeddable":true,"href":"https:\/\/bcsla.hu\/site\/wp-json\/wp\/v2\/tags?post=4770"}],"curies":[{"name":"wp","href":"https:\/\/api.w.org\/{rel}","templated":true}]}}