{"id":4792,"date":"2019-10-11T07:01:46","date_gmt":"2019-10-11T05:01:46","guid":{"rendered":"https:\/\/bcsla.hu\/site\/?p=4792"},"modified":"2019-10-11T17:08:14","modified_gmt":"2019-10-11T15:08:14","slug":"bekescsaba-1912-elore-se-budai-futball-club-se-20191010-u19","status":"publish","type":"post","link":"https:\/\/bcsla.hu\/site\/bekescsaba-1912-elore-se-budai-futball-club-se-20191010-u19\/","title":{"rendered":"B\u00e9k\u00e9scsaba 1912 El\u0151re SE &#8211; Budai Futball Club SE"},"content":{"rendered":"<p style=\"text-align: justify;\"><strong>MLSZ U-19 II. oszt\u00e1ly 2019\/2020. 8. fordul\u00f3<\/strong><\/p>\n<h2 style=\"text-align: justify;\">B\u00e9k\u00e9scsaba 1912 El\u0151re SE &#8211; Budai Futball Club SE<\/h2>\n<h2 style=\"text-align: justify;\">2-1 (0-1)<\/h2>\n<p style=\"text-align: justify;\"><strong>Id\u0151pont:<\/strong> 2019. okt\u00f3ber 10. (cs\u00fct\u00f6rt\u00f6k) 14:00 \u00f3ra<\/p>\n<p style=\"text-align: justify;\"><strong>Helysz\u00edn:<\/strong>&nbsp;B\u00e9k\u00e9scsaba, K\u00f3rh\u00e1z utcai Stadion<\/p>\n<p style=\"text-align: justify;\"><strong>G\u00f3lszerz\u0151k:<\/strong>&nbsp;V\u00e1radi M\u00e1rk (6. perc), K\u00f6r\u00f6mi Zolt\u00e1n (49. perc), Hodonicki M\u00e1rk (80. perc).<\/p>\n<p style=\"text-align: justify;\"><strong>S\u00e1rga lapok:<\/strong>&nbsp;Piss P\u00e9ter (52. perc), Horv\u00e1th Barnab\u00e1s (78. perc), Rajsli D\u00e1niel (82. perc), Sz\u00e1sz Gy\u00f6rgy (84. perc), Zelik Csaba (84. perc), Helm Tam\u00e1s (90. perc).<\/p>\n<p style=\"text-align: center;\"><img decoding=\"async\" class=\"alignnone size-full wp-image-34\" src=\"https:\/\/bcsla.hu\/site\/wp-content\/uploads\/2017\/03\/line_purple.png\" alt=\"\" width=\"680\" height=\"1\" srcset=\"https:\/\/bcsla.hu\/site\/wp-content\/uploads\/2017\/03\/line_purple.png 680w, https:\/\/bcsla.hu\/site\/wp-content\/uploads\/2017\/03\/line_purple-150x1.png 150w, https:\/\/bcsla.hu\/site\/wp-content\/uploads\/2017\/03\/line_purple-300x1.png 300w, https:\/\/bcsla.hu\/site\/wp-content\/uploads\/2017\/03\/line_purple-292x1.png 292w, https:\/\/bcsla.hu\/site\/wp-content\/uploads\/2017\/03\/line_purple-100x1.png 100w, https:\/\/bcsla.hu\/site\/wp-content\/uploads\/2017\/03\/line_purple-50x1.png 50w, https:\/\/bcsla.hu\/site\/wp-content\/uploads\/2017\/03\/line_purple-25x1.png 25w, https:\/\/bcsla.hu\/site\/wp-content\/uploads\/2017\/03\/line_purple-90x1.png 90w\" sizes=\"(max-width: 680px) 100vw, 680px\" \/><\/p>\n<p style=\"text-align: center;\"><img fetchpriority=\"high\" decoding=\"async\" class=\"alignnone size-full wp-image-4951\" src=\"https:\/\/bcsla.hu\/site\/wp-content\/uploads\/2019\/10\/20191010_u19.jpg\" alt=\"\" width=\"680\" height=\"535\" srcset=\"https:\/\/bcsla.hu\/site\/wp-content\/uploads\/2019\/10\/20191010_u19.jpg 680w, https:\/\/bcsla.hu\/site\/wp-content\/uploads\/2019\/10\/20191010_u19-300x236.jpg 300w, https:\/\/bcsla.hu\/site\/wp-content\/uploads\/2019\/10\/20191010_u19-100x79.jpg 100w, https:\/\/bcsla.hu\/site\/wp-content\/uploads\/2019\/10\/20191010_u19-50x39.jpg 50w, https:\/\/bcsla.hu\/site\/wp-content\/uploads\/2019\/10\/20191010_u19-25x20.jpg 25w, https:\/\/bcsla.hu\/site\/wp-content\/uploads\/2019\/10\/20191010_u19-90x71.jpg 90w, https:\/\/bcsla.hu\/site\/wp-content\/uploads\/2019\/10\/20191010_u19-250x197.jpg 250w, https:\/\/bcsla.hu\/site\/wp-content\/uploads\/2019\/10\/20191010_u19-225x177.jpg 225w\" sizes=\"(max-width: 680px) 100vw, 680px\" \/><\/p>\n<p style=\"text-align: center;\"><img decoding=\"async\" class=\"alignnone size-full wp-image-34\" src=\"https:\/\/bcsla.hu\/site\/wp-content\/uploads\/2017\/03\/line_purple.png\" alt=\"\" width=\"680\" height=\"1\" srcset=\"https:\/\/bcsla.hu\/site\/wp-content\/uploads\/2017\/03\/line_purple.png 680w, https:\/\/bcsla.hu\/site\/wp-content\/uploads\/2017\/03\/line_purple-150x1.png 150w, https:\/\/bcsla.hu\/site\/wp-content\/uploads\/2017\/03\/line_purple-300x1.png 300w, https:\/\/bcsla.hu\/site\/wp-content\/uploads\/2017\/03\/line_purple-292x1.png 292w, https:\/\/bcsla.hu\/site\/wp-content\/uploads\/2017\/03\/line_purple-100x1.png 100w, https:\/\/bcsla.hu\/site\/wp-content\/uploads\/2017\/03\/line_purple-50x1.png 50w, https:\/\/bcsla.hu\/site\/wp-content\/uploads\/2017\/03\/line_purple-25x1.png 25w, https:\/\/bcsla.hu\/site\/wp-content\/uploads\/2017\/03\/line_purple-90x1.png 90w\" sizes=\"(max-width: 680px) 100vw, 680px\" \/><\/p>\n<p style=\"text-align: justify;\"><strong>L\u00e1za J\u00e1nos:<\/strong>&nbsp;<em>\u2013&nbsp;Egy felesleges szab\u00e1lytalans\u00e1gb\u00f3l ad\u00f3d\u00f3 pontr\u00fag\u00e1sn\u00e1l, hat\u00e1rozatlan h\u00e1ts\u00f3 alakzatunk r\u00e9v\u00e9n hamar h\u00e1tr\u00e1nyba ker\u00fclt\u00fcnk. A m\u00e9rk\u0151z\u00e9s k\u00e9p\u00e9t a vend\u00e9g vezet\u00e9s jelent\u0151sen befoly\u00e1solta, hiszen a pestiek j\u00e1t\u00e9ka innent\u0151l kezdve a v\u00e9dekez\u00e9sre koncentr\u00e1l\u00f3dott, kontr\u00e1ik elfojt\u00e1sa a k\u00f6z\u00e9ps\u0151 harmadban rendszerint siker\u00fclt. Az els\u0151 f\u00e9lid\u0151 akaratuknak megfelel\u0151en alakult, hiszen t\u00e1mad\u00e1saink kapujukra vesz\u00e9lytelenek voltak, nem tudtunk dinamik\u00e1t, lend\u00fcletet adni a m\u00e9rk\u0151z\u00e9snek. A m\u00e1sodik j\u00e1t\u00e9kr\u00e9szt g\u00f3llal kezdt\u00fck, ez a j\u00e1t\u00e9kfelfog\u00e1sokat nem v\u00e1ltoztatta meg. M\u00e1sodik g\u00f3lunk hozta meg a vend\u00e9gek t\u00e1mad\u00f3kedv\u00e9t, \u00edgy t\u00f6bb lehet\u0151s\u00e9g ad\u00f3dott mindk\u00e9t kapu el\u0151tt, de az eredm\u00e9ny m\u00e1r nem v\u00e1ltozott.<\/em><\/p>\n<p style=\"text-align: center;\"><img decoding=\"async\" class=\"alignnone size-full wp-image-34\" src=\"https:\/\/bcsla.hu\/site\/wp-content\/uploads\/2017\/03\/line_purple.png\" alt=\"\" width=\"680\" height=\"1\" srcset=\"https:\/\/bcsla.hu\/site\/wp-content\/uploads\/2017\/03\/line_purple.png 680w, https:\/\/bcsla.hu\/site\/wp-content\/uploads\/2017\/03\/line_purple-150x1.png 150w, https:\/\/bcsla.hu\/site\/wp-content\/uploads\/2017\/03\/line_purple-300x1.png 300w, https:\/\/bcsla.hu\/site\/wp-content\/uploads\/2017\/03\/line_purple-292x1.png 292w, https:\/\/bcsla.hu\/site\/wp-content\/uploads\/2017\/03\/line_purple-100x1.png 100w, https:\/\/bcsla.hu\/site\/wp-content\/uploads\/2017\/03\/line_purple-50x1.png 50w, https:\/\/bcsla.hu\/site\/wp-content\/uploads\/2017\/03\/line_purple-25x1.png 25w, https:\/\/bcsla.hu\/site\/wp-content\/uploads\/2017\/03\/line_purple-90x1.png 90w\" sizes=\"(max-width: 680px) 100vw, 680px\" \/><\/p>\n<a class=\"metro-button mtr-small mtr-red mtr-square mtr-alignleft\" href=\"https:\/\/adatbank.mlsz.hu\/match\/52\/0\/20855\/8\/1477801.html\" title=\"\" target=\"_blank\"> Jegyz\u0151k\u00f6nyv <\/a>\n<p>&nbsp;<\/p>\n","protected":false},"excerpt":{"rendered":"<p>MLSZ U-19 II. oszt\u00e1ly 2019\/2020. 8. fordul\u00f3 B\u00e9k\u00e9scsaba 1912 El\u0151re SE &#8211; Budai Futball Club SE 2-1 (0-1) Id\u0151pont: 2019. okt\u00f3ber 10. (cs\u00fct\u00f6rt\u00f6k) 14:00 \u00f3ra Helysz\u00edn:&nbsp;B\u00e9k\u00e9scsaba, K\u00f3rh\u00e1z utcai Stadion G\u00f3lszerz\u0151k:&nbsp;V\u00e1radi M\u00e1rk (6. perc), K\u00f6r\u00f6mi Zolt\u00e1n (49. perc), Hodonicki M\u00e1rk (80. perc). S\u00e1rga lapok:&nbsp;Piss P\u00e9ter (52. perc), Horv\u00e1th Barnab\u00e1s (78. perc), Rajsli D\u00e1niel (82. perc), Sz\u00e1sz [&hellip;]<\/p>\n","protected":false},"author":1,"featured_media":0,"comment_status":"closed","ping_status":"closed","sticky":false,"template":"","format":"standard","meta":{"footnotes":""},"categories":[6,271,301],"tags":[287,56,363,60,31],"class_list":["post-4792","post","type-post","status-publish","format-standard","hentry","category-eredmenyek","category-271","category-eredmenyek-u19-20192020","tag-287","tag-eredmeny","tag-budai-futball-club-se","tag-u19","tag-merkozes"],"publishpress_future_action":{"enabled":false,"date":"2026-05-03 21:25:33","action":"change-status","newStatus":"draft","terms":[],"taxonomy":"category","extraData":[]},"publishpress_future_workflow_manual_trigger":{"enabledWorkflows":[]},"_links":{"self":[{"href":"https:\/\/bcsla.hu\/site\/wp-json\/wp\/v2\/posts\/4792","targetHints":{"allow":["GET"]}}],"collection":[{"href":"https:\/\/bcsla.hu\/site\/wp-json\/wp\/v2\/posts"}],"about":[{"href":"https:\/\/bcsla.hu\/site\/wp-json\/wp\/v2\/types\/post"}],"author":[{"embeddable":true,"href":"https:\/\/bcsla.hu\/site\/wp-json\/wp\/v2\/users\/1"}],"replies":[{"embeddable":true,"href":"https:\/\/bcsla.hu\/site\/wp-json\/wp\/v2\/comments?post=4792"}],"version-history":[{"count":3,"href":"https:\/\/bcsla.hu\/site\/wp-json\/wp\/v2\/posts\/4792\/revisions"}],"predecessor-version":[{"id":4952,"href":"https:\/\/bcsla.hu\/site\/wp-json\/wp\/v2\/posts\/4792\/revisions\/4952"}],"wp:attachment":[{"href":"https:\/\/bcsla.hu\/site\/wp-json\/wp\/v2\/media?parent=4792"}],"wp:term":[{"taxonomy":"category","embeddable":true,"href":"https:\/\/bcsla.hu\/site\/wp-json\/wp\/v2\/categories?post=4792"},{"taxonomy":"post_tag","embeddable":true,"href":"https:\/\/bcsla.hu\/site\/wp-json\/wp\/v2\/tags?post=4792"}],"curies":[{"name":"wp","href":"https:\/\/api.w.org\/{rel}","templated":true}]}}