{"id":5033,"date":"2019-10-14T07:07:09","date_gmt":"2019-10-14T05:07:09","guid":{"rendered":"https:\/\/bcsla.hu\/site\/?p=5033"},"modified":"2019-10-14T07:07:09","modified_gmt":"2019-10-14T05:07:09","slug":"szeged-csanad-grosics-akademia-bekescsaba-1912-elore-se-20191012","status":"publish","type":"post","link":"https:\/\/bcsla.hu\/site\/szeged-csanad-grosics-akademia-bekescsaba-1912-elore-se-20191012\/","title":{"rendered":"Szeged-Csan\u00e1d Grosics Akad\u00e9mia &#8211; B\u00e9k\u00e9scsaba 1912 El\u0151re SE"},"content":{"rendered":"<p><strong>MLSZ U-16 II. oszt\u00e1ly 2019\/2020. 8. fordul\u00f3<\/strong><\/p>\n<h2>Szeged-Csan\u00e1d Grosics Akad\u00e9mia &#8211; B\u00e9k\u00e9scsaba 1912 El\u0151re SE<\/h2>\n<h2>4-2 (2-0)<\/h2>\n<p style=\"text-align: justify;\"><strong>Id\u0151pont:<\/strong> 2019. okt\u00f3ber 12. (szombat) 10:00 \u00f3ra<\/p>\n<p style=\"text-align: justify;\"><strong>Helysz\u00edn:<\/strong>&nbsp;Gyula<\/p>\n<p style=\"text-align: justify;\"><strong>G\u00f3lszerz\u0151k:<\/strong>&nbsp;Orcsik Gergely (4., 6., 71. \u00e9s 77. perc), Pallagi Tam\u00e1s (55. perc) &#8211; \u00f6ng\u00f3l, Cs\u00e1k Albert (75. perc).&nbsp;<\/p>\n<p style=\"text-align: justify;\"><strong>S\u00e1rga lapok:<\/strong> Megyeri Levente (54. perc), Cs\u00e1k Albert (67. perc), Hal\u00e1sz Martin (74. perc), Pallagi Tam\u00e1s (87. perc).<\/p>\n<p style=\"text-align: center;\"><img decoding=\"async\" class=\"alignnone size-full wp-image-34\" src=\"https:\/\/bcsla.hu\/site\/wp-content\/uploads\/2017\/03\/line_purple.png\" alt=\"\" width=\"680\" height=\"1\" srcset=\"https:\/\/bcsla.hu\/site\/wp-content\/uploads\/2017\/03\/line_purple.png 680w, https:\/\/bcsla.hu\/site\/wp-content\/uploads\/2017\/03\/line_purple-150x1.png 150w, https:\/\/bcsla.hu\/site\/wp-content\/uploads\/2017\/03\/line_purple-300x1.png 300w, https:\/\/bcsla.hu\/site\/wp-content\/uploads\/2017\/03\/line_purple-292x1.png 292w, https:\/\/bcsla.hu\/site\/wp-content\/uploads\/2017\/03\/line_purple-100x1.png 100w, https:\/\/bcsla.hu\/site\/wp-content\/uploads\/2017\/03\/line_purple-50x1.png 50w, https:\/\/bcsla.hu\/site\/wp-content\/uploads\/2017\/03\/line_purple-25x1.png 25w, https:\/\/bcsla.hu\/site\/wp-content\/uploads\/2017\/03\/line_purple-90x1.png 90w\" sizes=\"(max-width: 680px) 100vw, 680px\" \/><\/p>\n<p style=\"text-align: center;\"><img fetchpriority=\"high\" decoding=\"async\" class=\"alignnone size-full wp-image-5034\" src=\"https:\/\/bcsla.hu\/site\/wp-content\/uploads\/2019\/10\/team_u16_elore_2019_2020.jpg\" alt=\"\" width=\"680\" height=\"276\" srcset=\"https:\/\/bcsla.hu\/site\/wp-content\/uploads\/2019\/10\/team_u16_elore_2019_2020.jpg 680w, https:\/\/bcsla.hu\/site\/wp-content\/uploads\/2019\/10\/team_u16_elore_2019_2020-300x122.jpg 300w, https:\/\/bcsla.hu\/site\/wp-content\/uploads\/2019\/10\/team_u16_elore_2019_2020-100x41.jpg 100w, https:\/\/bcsla.hu\/site\/wp-content\/uploads\/2019\/10\/team_u16_elore_2019_2020-50x20.jpg 50w, https:\/\/bcsla.hu\/site\/wp-content\/uploads\/2019\/10\/team_u16_elore_2019_2020-25x10.jpg 25w, https:\/\/bcsla.hu\/site\/wp-content\/uploads\/2019\/10\/team_u16_elore_2019_2020-90x37.jpg 90w, https:\/\/bcsla.hu\/site\/wp-content\/uploads\/2019\/10\/team_u16_elore_2019_2020-250x101.jpg 250w, https:\/\/bcsla.hu\/site\/wp-content\/uploads\/2019\/10\/team_u16_elore_2019_2020-225x91.jpg 225w\" sizes=\"(max-width: 680px) 100vw, 680px\" \/><\/p>\n<p style=\"text-align: center;\"><img decoding=\"async\" class=\"alignnone size-full wp-image-34\" src=\"https:\/\/bcsla.hu\/site\/wp-content\/uploads\/2017\/03\/line_purple.png\" alt=\"\" width=\"680\" height=\"1\" srcset=\"https:\/\/bcsla.hu\/site\/wp-content\/uploads\/2017\/03\/line_purple.png 680w, https:\/\/bcsla.hu\/site\/wp-content\/uploads\/2017\/03\/line_purple-150x1.png 150w, https:\/\/bcsla.hu\/site\/wp-content\/uploads\/2017\/03\/line_purple-300x1.png 300w, https:\/\/bcsla.hu\/site\/wp-content\/uploads\/2017\/03\/line_purple-292x1.png 292w, https:\/\/bcsla.hu\/site\/wp-content\/uploads\/2017\/03\/line_purple-100x1.png 100w, https:\/\/bcsla.hu\/site\/wp-content\/uploads\/2017\/03\/line_purple-50x1.png 50w, https:\/\/bcsla.hu\/site\/wp-content\/uploads\/2017\/03\/line_purple-25x1.png 25w, https:\/\/bcsla.hu\/site\/wp-content\/uploads\/2017\/03\/line_purple-90x1.png 90w\" sizes=\"(max-width: 680px) 100vw, 680px\" \/><\/p>\n<p style=\"text-align: justify;\"><strong>Marik L\u00e1szl\u00f3:<\/strong>&nbsp;<em>\u2013 Vannak olyan m\u00e9rk\u0151z\u00e9sek, melyek ut\u00e1n neh\u00e9z b\u00e1rmi okosat nyilatkozni &#8211; ez is ilyen volt. K\u00e9t&nbsp;g\u00f3lt is el\u00e9rt\u00fcnk, voltak nagy helyzeteink, de m\u00e9gis az ellenf\u00e9l gy\u0151z\u00f6tt, hiszen t\u00f6bbsz\u00f6r tal\u00e1lt be. Gratul\u00e1lok a Grosics Akad\u00e9mia csapat\u00e1nak, mert mindent \u00fagy tettek, ahogy azt a gy\u0151zelem \u00e9rdek\u00e9ben kellett. Sajnos a mai napon nem termett bab\u00e9r a sz\u00e1munkra, dolgozunk tov\u00e1bb \u00e9s megpr\u00f3b\u00e1ljuk jav\u00edtani hib\u00e1inkat.<\/em><\/p>\n<p style=\"text-align: center;\"><img decoding=\"async\" class=\"alignnone size-full wp-image-34\" src=\"https:\/\/bcsla.hu\/site\/wp-content\/uploads\/2017\/03\/line_purple.png\" alt=\"\" width=\"680\" height=\"1\" srcset=\"https:\/\/bcsla.hu\/site\/wp-content\/uploads\/2017\/03\/line_purple.png 680w, https:\/\/bcsla.hu\/site\/wp-content\/uploads\/2017\/03\/line_purple-150x1.png 150w, https:\/\/bcsla.hu\/site\/wp-content\/uploads\/2017\/03\/line_purple-300x1.png 300w, https:\/\/bcsla.hu\/site\/wp-content\/uploads\/2017\/03\/line_purple-292x1.png 292w, https:\/\/bcsla.hu\/site\/wp-content\/uploads\/2017\/03\/line_purple-100x1.png 100w, https:\/\/bcsla.hu\/site\/wp-content\/uploads\/2017\/03\/line_purple-50x1.png 50w, https:\/\/bcsla.hu\/site\/wp-content\/uploads\/2017\/03\/line_purple-25x1.png 25w, https:\/\/bcsla.hu\/site\/wp-content\/uploads\/2017\/03\/line_purple-90x1.png 90w\" sizes=\"(max-width: 680px) 100vw, 680px\" \/><\/p>\n<a class=\"metro-button mtr-small mtr-red mtr-square mtr-alignleft\" href=\"http:\/\/adatbank.mlsz.hu\/match\/52\/0\/20857\/8\/1479065.html\" title=\"\" target=\"_blank\"> Jegyz\u0151k\u00f6nyv <\/a>\n<p>&nbsp;<\/p>\n","protected":false},"excerpt":{"rendered":"<p>MLSZ U-16 II. oszt\u00e1ly 2019\/2020. 8. fordul\u00f3 Szeged-Csan\u00e1d Grosics Akad\u00e9mia &#8211; B\u00e9k\u00e9scsaba 1912 El\u0151re SE 4-2 (2-0) Id\u0151pont: 2019. okt\u00f3ber 12. (szombat) 10:00 \u00f3ra Helysz\u00edn:&nbsp;Gyula G\u00f3lszerz\u0151k:&nbsp;Orcsik Gergely (4., 6., 71. \u00e9s 77. perc), Pallagi Tam\u00e1s (55. perc) &#8211; \u00f6ng\u00f3l, Cs\u00e1k Albert (75. perc).&nbsp; S\u00e1rga lapok: Megyeri Levente (54. perc), Cs\u00e1k Albert (67. perc), Hal\u00e1sz Martin [&hellip;]<\/p>\n","protected":false},"author":1,"featured_media":0,"comment_status":"closed","ping_status":"closed","sticky":false,"template":"","format":"standard","meta":{"footnotes":""},"categories":[6,271,308],"tags":[287,56,58,313,31],"class_list":["post-5033","post","type-post","status-publish","format-standard","hentry","category-eredmenyek","category-271","category-eredmenyek-u16-20192020","tag-287","tag-eredmeny","tag-u16","tag-szeged-csanad-grosics-akademia","tag-merkozes"],"publishpress_future_action":{"enabled":false,"date":"2026-05-03 22:58:25","action":"change-status","newStatus":"draft","terms":[],"taxonomy":"category","extraData":[]},"publishpress_future_workflow_manual_trigger":{"enabledWorkflows":[]},"_links":{"self":[{"href":"https:\/\/bcsla.hu\/site\/wp-json\/wp\/v2\/posts\/5033","targetHints":{"allow":["GET"]}}],"collection":[{"href":"https:\/\/bcsla.hu\/site\/wp-json\/wp\/v2\/posts"}],"about":[{"href":"https:\/\/bcsla.hu\/site\/wp-json\/wp\/v2\/types\/post"}],"author":[{"embeddable":true,"href":"https:\/\/bcsla.hu\/site\/wp-json\/wp\/v2\/users\/1"}],"replies":[{"embeddable":true,"href":"https:\/\/bcsla.hu\/site\/wp-json\/wp\/v2\/comments?post=5033"}],"version-history":[{"count":1,"href":"https:\/\/bcsla.hu\/site\/wp-json\/wp\/v2\/posts\/5033\/revisions"}],"predecessor-version":[{"id":5035,"href":"https:\/\/bcsla.hu\/site\/wp-json\/wp\/v2\/posts\/5033\/revisions\/5035"}],"wp:attachment":[{"href":"https:\/\/bcsla.hu\/site\/wp-json\/wp\/v2\/media?parent=5033"}],"wp:term":[{"taxonomy":"category","embeddable":true,"href":"https:\/\/bcsla.hu\/site\/wp-json\/wp\/v2\/categories?post=5033"},{"taxonomy":"post_tag","embeddable":true,"href":"https:\/\/bcsla.hu\/site\/wp-json\/wp\/v2\/tags?post=5033"}],"curies":[{"name":"wp","href":"https:\/\/api.w.org\/{rel}","templated":true}]}}