{"id":5036,"date":"2019-10-14T08:48:22","date_gmt":"2019-10-14T06:48:22","guid":{"rendered":"https:\/\/bcsla.hu\/site\/?p=5036"},"modified":"2019-10-14T08:51:02","modified_gmt":"2019-10-14T06:51:02","slug":"bekescsaba-1912-elore-se-karcagi-se-20191013-u13","status":"publish","type":"post","link":"https:\/\/bcsla.hu\/site\/bekescsaba-1912-elore-se-karcagi-se-20191013-u13\/","title":{"rendered":"B\u00e9k\u00e9scsaba 1912 El\u0151re SE \u2013 Karcagi SE"},"content":{"rendered":"<p><strong>MLSZ U-13 I. oszt\u00e1ly D\u00e9l-Kelet 6. fordul\u00f3<\/strong><\/p>\n<h2>B\u00e9k\u00e9scsaba 1912 El\u0151re SE \u2013&nbsp;Karcagi SE<\/h2>\n<h2>11-0 (5-0)<\/h2>\n<p><strong>Id\u0151pont:<\/strong>&nbsp;2019. okt\u00f3ber 13. (vas\u00e1rnap) 11:30 \u00f3ra<\/p>\n<p><strong>Helysz\u00edn:<\/strong>&nbsp;B\u00e9k\u00e9scsaba, K\u00f3rh\u00e1z utcai Stadion<\/p>\n<p style=\"text-align: justify;\"><strong>G\u00f3lszerz\u0151k:<\/strong>&nbsp;Anda Szil\u00e1rd (3. perc), Sinka D\u00e1niel Imre (12. perc), Jass N\u00e1ndor (19. perc), Csik\u00f3s M\u00e1rk (22. \u00e9s 46. perc), Varga Zsolt (23. perc) &#8211; \u00f6ng\u00f3l, Zahor\u00e1n D\u00e1vid (32. perc), Igricz Mih\u00e1ly (39. perc), Nagy M\u00e1t\u00e9 (45. perc), D\u00e1vid Kende (56. \u00e9s 58. perc).<\/p>\n<p style=\"text-align: justify;\"><strong>S\u00e1rga lap:<\/strong> Gy\u00f6rfi Levente (56. perc).<\/p>\n<p style=\"text-align: center;\"><img decoding=\"async\" class=\"alignnone size-full wp-image-34\" src=\"https:\/\/bcsla.hu\/site\/wp-content\/uploads\/2017\/03\/line_purple.png\" alt=\"\" width=\"680\" height=\"1\" srcset=\"https:\/\/bcsla.hu\/site\/wp-content\/uploads\/2017\/03\/line_purple.png 680w, https:\/\/bcsla.hu\/site\/wp-content\/uploads\/2017\/03\/line_purple-150x1.png 150w, https:\/\/bcsla.hu\/site\/wp-content\/uploads\/2017\/03\/line_purple-300x1.png 300w, https:\/\/bcsla.hu\/site\/wp-content\/uploads\/2017\/03\/line_purple-292x1.png 292w, https:\/\/bcsla.hu\/site\/wp-content\/uploads\/2017\/03\/line_purple-100x1.png 100w, https:\/\/bcsla.hu\/site\/wp-content\/uploads\/2017\/03\/line_purple-50x1.png 50w, https:\/\/bcsla.hu\/site\/wp-content\/uploads\/2017\/03\/line_purple-25x1.png 25w, https:\/\/bcsla.hu\/site\/wp-content\/uploads\/2017\/03\/line_purple-90x1.png 90w\" sizes=\"(max-width: 680px) 100vw, 680px\" \/><\/p>\n<p style=\"text-align: center;\"><img fetchpriority=\"high\" decoding=\"async\" class=\"alignnone size-full wp-image-4536\" src=\"https:\/\/bcsla.hu\/site\/wp-content\/uploads\/2019\/09\/team_u13_elore_2019_2020_web.jpg\" alt=\"\" width=\"680\" height=\"481\" srcset=\"https:\/\/bcsla.hu\/site\/wp-content\/uploads\/2019\/09\/team_u13_elore_2019_2020_web.jpg 680w, https:\/\/bcsla.hu\/site\/wp-content\/uploads\/2019\/09\/team_u13_elore_2019_2020_web-300x212.jpg 300w, https:\/\/bcsla.hu\/site\/wp-content\/uploads\/2019\/09\/team_u13_elore_2019_2020_web-100x71.jpg 100w, https:\/\/bcsla.hu\/site\/wp-content\/uploads\/2019\/09\/team_u13_elore_2019_2020_web-50x35.jpg 50w, https:\/\/bcsla.hu\/site\/wp-content\/uploads\/2019\/09\/team_u13_elore_2019_2020_web-25x18.jpg 25w, https:\/\/bcsla.hu\/site\/wp-content\/uploads\/2019\/09\/team_u13_elore_2019_2020_web-90x64.jpg 90w, https:\/\/bcsla.hu\/site\/wp-content\/uploads\/2019\/09\/team_u13_elore_2019_2020_web-225x159.jpg 225w\" sizes=\"(max-width: 680px) 100vw, 680px\" \/>&nbsp;<\/p>\n<p style=\"text-align: center;\"><img decoding=\"async\" class=\"alignnone size-full wp-image-34\" src=\"https:\/\/bcsla.hu\/site\/wp-content\/uploads\/2017\/03\/line_purple.png\" alt=\"\" width=\"680\" height=\"1\" srcset=\"https:\/\/bcsla.hu\/site\/wp-content\/uploads\/2017\/03\/line_purple.png 680w, https:\/\/bcsla.hu\/site\/wp-content\/uploads\/2017\/03\/line_purple-150x1.png 150w, https:\/\/bcsla.hu\/site\/wp-content\/uploads\/2017\/03\/line_purple-300x1.png 300w, https:\/\/bcsla.hu\/site\/wp-content\/uploads\/2017\/03\/line_purple-292x1.png 292w, https:\/\/bcsla.hu\/site\/wp-content\/uploads\/2017\/03\/line_purple-100x1.png 100w, https:\/\/bcsla.hu\/site\/wp-content\/uploads\/2017\/03\/line_purple-50x1.png 50w, https:\/\/bcsla.hu\/site\/wp-content\/uploads\/2017\/03\/line_purple-25x1.png 25w, https:\/\/bcsla.hu\/site\/wp-content\/uploads\/2017\/03\/line_purple-90x1.png 90w\" sizes=\"(max-width: 680px) 100vw, 680px\" \/><\/p>\n<p style=\"text-align: justify;\"><a class=\"metro-button mtr-small mtr-red mtr-square mtr-alignleft\" href=\"https:\/\/adatbank.mlsz.hu\/match\/52\/0\/21246\/6\/1492655.html\" title=\"\" target=\"_blank\"> Jegyz\u0151k\u00f6nyv <\/a><\/p>\n","protected":false},"excerpt":{"rendered":"<p>MLSZ U-13 I. oszt\u00e1ly D\u00e9l-Kelet 6. fordul\u00f3 B\u00e9k\u00e9scsaba 1912 El\u0151re SE \u2013&nbsp;Karcagi SE 11-0 (5-0) Id\u0151pont:&nbsp;2019. okt\u00f3ber 13. (vas\u00e1rnap) 11:30 \u00f3ra Helysz\u00edn:&nbsp;B\u00e9k\u00e9scsaba, K\u00f3rh\u00e1z utcai Stadion G\u00f3lszerz\u0151k:&nbsp;Anda Szil\u00e1rd (3. perc), Sinka D\u00e1niel Imre (12. perc), Jass N\u00e1ndor (19. perc), Csik\u00f3s M\u00e1rk (22. \u00e9s 46. perc), Varga Zsolt (23. perc) &#8211; \u00f6ng\u00f3l, Zahor\u00e1n D\u00e1vid (32. perc), Igricz [&hellip;]<\/p>\n","protected":false},"author":1,"featured_media":0,"comment_status":"closed","ping_status":"closed","sticky":false,"template":"","format":"standard","meta":{"footnotes":""},"categories":[6,271,316],"tags":[287,56,102,372,31],"class_list":["post-5036","post","type-post","status-publish","format-standard","hentry","category-eredmenyek","category-271","category-eredmenyek-u13-20192020","tag-287","tag-eredmeny","tag-u13","tag-karcag","tag-merkozes"],"publishpress_future_action":{"enabled":false,"date":"2026-05-03 22:58:06","action":"change-status","newStatus":"draft","terms":[],"taxonomy":"category","extraData":[]},"publishpress_future_workflow_manual_trigger":{"enabledWorkflows":[]},"_links":{"self":[{"href":"https:\/\/bcsla.hu\/site\/wp-json\/wp\/v2\/posts\/5036","targetHints":{"allow":["GET"]}}],"collection":[{"href":"https:\/\/bcsla.hu\/site\/wp-json\/wp\/v2\/posts"}],"about":[{"href":"https:\/\/bcsla.hu\/site\/wp-json\/wp\/v2\/types\/post"}],"author":[{"embeddable":true,"href":"https:\/\/bcsla.hu\/site\/wp-json\/wp\/v2\/users\/1"}],"replies":[{"embeddable":true,"href":"https:\/\/bcsla.hu\/site\/wp-json\/wp\/v2\/comments?post=5036"}],"version-history":[{"count":3,"href":"https:\/\/bcsla.hu\/site\/wp-json\/wp\/v2\/posts\/5036\/revisions"}],"predecessor-version":[{"id":5039,"href":"https:\/\/bcsla.hu\/site\/wp-json\/wp\/v2\/posts\/5036\/revisions\/5039"}],"wp:attachment":[{"href":"https:\/\/bcsla.hu\/site\/wp-json\/wp\/v2\/media?parent=5036"}],"wp:term":[{"taxonomy":"category","embeddable":true,"href":"https:\/\/bcsla.hu\/site\/wp-json\/wp\/v2\/categories?post=5036"},{"taxonomy":"post_tag","embeddable":true,"href":"https:\/\/bcsla.hu\/site\/wp-json\/wp\/v2\/tags?post=5036"}],"curies":[{"name":"wp","href":"https:\/\/api.w.org\/{rel}","templated":true}]}}