{"id":5068,"date":"2019-10-19T05:50:27","date_gmt":"2019-10-19T03:50:27","guid":{"rendered":"https:\/\/bcsla.hu\/site\/?p=5068"},"modified":"2019-10-21T13:11:34","modified_gmt":"2019-10-21T11:11:34","slug":"hodmezovasarhelyi-fc-bekescsaba-1912-elore-se-20191018-u15","status":"publish","type":"post","link":"https:\/\/bcsla.hu\/site\/hodmezovasarhelyi-fc-bekescsaba-1912-elore-se-20191018-u15\/","title":{"rendered":"H\u00f3dmez\u0151v\u00e1s\u00e1rhelyi FC &#8211; B\u00e9k\u00e9scsaba 1912 El\u0151re SE"},"content":{"rendered":"<p><strong>MLSZ U15 II. oszt\u00e1ly D\u00e9l-Keleti csoport 8. fordul\u00f3<\/strong><\/p>\n<h2>H\u00f3dmez\u0151v\u00e1s\u00e1rhelyi FC&nbsp;&#8211; B\u00e9k\u00e9scsaba 1912 El\u0151re SE<\/h2>\n<h2>0-8 (0-2)<\/h2>\n<p style=\"text-align: justify;\"><strong>Id\u0151pont:<\/strong>&nbsp;2019. okt\u00f3ber 18. (p\u00e9ntek) 17:00 \u00f3ra<\/p>\n<p style=\"text-align: justify;\"><strong>Helysz\u00edn:<\/strong>&nbsp;H\u00f3dmez\u0151v\u00e1s\u00e1rhely<\/p>\n<p style=\"text-align: justify;\"><strong>G\u00f3lszerz\u0151k:&nbsp;<\/strong>Barna \u00c1d\u00e1m (25. perc), Werle Zal\u00e1n (27. perc), Rajsli Tam\u00e1s (49., 66. \u00e9s 79. perc), Mladonyiczki P\u00e9ter (53. perc), Kov\u00e1cs Krist\u00f3f (55. \u00e9s 70. perc).<\/p>\n<p style=\"text-align: justify;\"><strong>S\u00e1rga lapok:&nbsp;<\/strong>Orvos L\u00e1szl\u00f3 (39. perc).<\/p>\n<p style=\"text-align: center;\"><img decoding=\"async\" class=\"alignnone size-full wp-image-34\" src=\"https:\/\/bcsla.hu\/site\/wp-content\/uploads\/2017\/03\/line_purple.png\" alt=\"\" width=\"680\" height=\"1\" srcset=\"https:\/\/bcsla.hu\/site\/wp-content\/uploads\/2017\/03\/line_purple.png 680w, https:\/\/bcsla.hu\/site\/wp-content\/uploads\/2017\/03\/line_purple-150x1.png 150w, https:\/\/bcsla.hu\/site\/wp-content\/uploads\/2017\/03\/line_purple-300x1.png 300w, https:\/\/bcsla.hu\/site\/wp-content\/uploads\/2017\/03\/line_purple-292x1.png 292w, https:\/\/bcsla.hu\/site\/wp-content\/uploads\/2017\/03\/line_purple-100x1.png 100w, https:\/\/bcsla.hu\/site\/wp-content\/uploads\/2017\/03\/line_purple-50x1.png 50w, https:\/\/bcsla.hu\/site\/wp-content\/uploads\/2017\/03\/line_purple-25x1.png 25w, https:\/\/bcsla.hu\/site\/wp-content\/uploads\/2017\/03\/line_purple-90x1.png 90w\" sizes=\"(max-width: 680px) 100vw, 680px\" \/><\/p>\n<p style=\"text-align: justify;\"><strong>K\u00e9ri Roland:<\/strong>&nbsp;<em>\u2013 Az els\u0151 f\u00e9lid\u0151 rengeteg helyzetet hozott, de ehhez k\u00e9pest kev\u00e9s g\u00f3lt \u00e9rt\u00fcnk el. Meglep\u0151 volt az ellenf\u00e9l r\u00e9sz\u00e9r\u0151l a lestaktika, melyre neh\u00e9zkesen tal\u00e1ltuk az ellenszert. A m\u00e1sodik j\u00e1t\u00e9kr\u00e9szben hasonl\u00f3k\u00e9ppen rengeteg&nbsp;lehet\u0151s\u00e9get dolgoztunk ki, amely szerencs\u00e9re t\u00f6bb r\u00fagott g\u00f3llal p\u00e1rosult a f\u00e1rad\u00f3 ellenf\u00e9llel szemben. \u00d6sszess\u00e9g\u00e9ben a legfontosabb c\u00e9lt, hogy a m\u00e9rk\u0151z\u00e9s v\u00e9g\u00e9ig eredm\u00e9nyt\u0151l f\u00fcggetlen\u00fcl motiv\u00e1lt, iramos m\u00e9rk\u0151z\u00e9st j\u00e1tsszunk, siker\u00fclt teljes\u00edteni.<\/em><\/p>\n<p style=\"text-align: center;\"><img decoding=\"async\" class=\"alignnone size-full wp-image-34\" src=\"https:\/\/bcsla.hu\/site\/wp-content\/uploads\/2017\/03\/line_purple.png\" alt=\"\" width=\"680\" height=\"1\" srcset=\"https:\/\/bcsla.hu\/site\/wp-content\/uploads\/2017\/03\/line_purple.png 680w, https:\/\/bcsla.hu\/site\/wp-content\/uploads\/2017\/03\/line_purple-150x1.png 150w, https:\/\/bcsla.hu\/site\/wp-content\/uploads\/2017\/03\/line_purple-300x1.png 300w, https:\/\/bcsla.hu\/site\/wp-content\/uploads\/2017\/03\/line_purple-292x1.png 292w, https:\/\/bcsla.hu\/site\/wp-content\/uploads\/2017\/03\/line_purple-100x1.png 100w, https:\/\/bcsla.hu\/site\/wp-content\/uploads\/2017\/03\/line_purple-50x1.png 50w, https:\/\/bcsla.hu\/site\/wp-content\/uploads\/2017\/03\/line_purple-25x1.png 25w, https:\/\/bcsla.hu\/site\/wp-content\/uploads\/2017\/03\/line_purple-90x1.png 90w\" sizes=\"(max-width: 680px) 100vw, 680px\" \/><\/p>\n<p style=\"text-align: justify;\"><a class=\"metro-button mtr-small mtr-red mtr-square mtr-alignleft\" href=\"https:\/\/adatbank.mlsz.hu\/match\/52\/6\/21220\/8\/1487588.html\" title=\"\" target=\"_blank\"> Jegyz\u0151k\u00f6nyv <\/a><\/p>\n<p style=\"text-align: justify;\">&nbsp;<\/p>\n","protected":false},"excerpt":{"rendered":"<p>MLSZ U15 II. oszt\u00e1ly D\u00e9l-Keleti csoport 8. fordul\u00f3 H\u00f3dmez\u0151v\u00e1s\u00e1rhelyi FC&nbsp;&#8211; B\u00e9k\u00e9scsaba 1912 El\u0151re SE 0-8 (0-2) Id\u0151pont:&nbsp;2019. okt\u00f3ber 18. (p\u00e9ntek) 17:00 \u00f3ra Helysz\u00edn:&nbsp;H\u00f3dmez\u0151v\u00e1s\u00e1rhely G\u00f3lszerz\u0151k:&nbsp;Barna \u00c1d\u00e1m (25. perc), Werle Zal\u00e1n (27. perc), Rajsli Tam\u00e1s (49., 66. \u00e9s 79. perc), Mladonyiczki P\u00e9ter (53. perc), Kov\u00e1cs Krist\u00f3f (55. \u00e9s 70. perc). S\u00e1rga lapok:&nbsp;Orvos L\u00e1szl\u00f3 (39. perc). K\u00e9ri Roland:&nbsp;\u2013 [&hellip;]<\/p>\n","protected":false},"author":1,"featured_media":0,"comment_status":"closed","ping_status":"closed","sticky":false,"template":"","format":"standard","meta":{"footnotes":""},"categories":[6,312,271],"tags":[287,56,101,105,31],"class_list":["post-5068","post","type-post","status-publish","format-standard","hentry","category-eredmenyek","category-eredmenyek-u15-20192020","category-271","tag-287","tag-eredmeny","tag-u15","tag-hodmezovasarhely","tag-merkozes"],"publishpress_future_action":{"enabled":false,"date":"2026-05-04 00:31:40","action":"change-status","newStatus":"draft","terms":[],"taxonomy":"category","extraData":[]},"publishpress_future_workflow_manual_trigger":{"enabledWorkflows":[]},"_links":{"self":[{"href":"https:\/\/bcsla.hu\/site\/wp-json\/wp\/v2\/posts\/5068","targetHints":{"allow":["GET"]}}],"collection":[{"href":"https:\/\/bcsla.hu\/site\/wp-json\/wp\/v2\/posts"}],"about":[{"href":"https:\/\/bcsla.hu\/site\/wp-json\/wp\/v2\/types\/post"}],"author":[{"embeddable":true,"href":"https:\/\/bcsla.hu\/site\/wp-json\/wp\/v2\/users\/1"}],"replies":[{"embeddable":true,"href":"https:\/\/bcsla.hu\/site\/wp-json\/wp\/v2\/comments?post=5068"}],"version-history":[{"count":4,"href":"https:\/\/bcsla.hu\/site\/wp-json\/wp\/v2\/posts\/5068\/revisions"}],"predecessor-version":[{"id":5107,"href":"https:\/\/bcsla.hu\/site\/wp-json\/wp\/v2\/posts\/5068\/revisions\/5107"}],"wp:attachment":[{"href":"https:\/\/bcsla.hu\/site\/wp-json\/wp\/v2\/media?parent=5068"}],"wp:term":[{"taxonomy":"category","embeddable":true,"href":"https:\/\/bcsla.hu\/site\/wp-json\/wp\/v2\/categories?post=5068"},{"taxonomy":"post_tag","embeddable":true,"href":"https:\/\/bcsla.hu\/site\/wp-json\/wp\/v2\/tags?post=5068"}],"curies":[{"name":"wp","href":"https:\/\/api.w.org\/{rel}","templated":true}]}}