{"id":5073,"date":"2019-10-20T07:21:35","date_gmt":"2019-10-20T05:21:35","guid":{"rendered":"https:\/\/bcsla.hu\/site\/?p=5073"},"modified":"2019-10-20T07:21:35","modified_gmt":"2019-10-20T05:21:35","slug":"mtk-hungaria-fc-bekescsaba-1912-elore-se-20191019-u19_leany","status":"publish","type":"post","link":"https:\/\/bcsla.hu\/site\/mtk-hungaria-fc-bekescsaba-1912-elore-se-20191019-u19_leany\/","title":{"rendered":"MTK Hung\u00e1ria FC &#8211; B\u00e9k\u00e9scsaba 1912 El\u0151re SE"},"content":{"rendered":"<p><strong>Le\u00e1ny U-19 Kiemelt csoport 6. fordul\u00f3<\/strong><\/p>\n<h2>MTK Hung\u00e1ria FC&nbsp;&#8211; B\u00e9k\u00e9scsaba 1912 El\u0151re SE<\/h2>\n<h2>19-0 (7-0)<\/h2>\n<p style=\"text-align: justify;\"><strong>Id\u0151pont:<\/strong>&nbsp;2019. okt\u00f3ber 19. (szombat) 11:00 \u00f3ra<\/p>\n<p style=\"text-align: justify;\"><strong>Helysz\u00edn:<\/strong>&nbsp;Budapest<\/p>\n<p style=\"text-align: justify;\"><strong>G\u00f3lszerz\u0151k:<\/strong>&nbsp;Kov\u00e1cs Eszter Rita (6. \u00e9s 59. perc), V\u00e1radi R\u00e1hel Eszter (9., 46., 66., 68. \u00e9s 74. perc), Stef\u00e1n Bernadett (12., 32. \u00e9s 65. perc), Feh\u00e9r Anna (20. perc), Mayer Zs\u00f3fia (15., 48. \u00e9s 75. perc), Kov\u00e1cs Eszter Rita (59. perc), Sain Anna (62. perc), Bokor Blanka (70. \u00e9s 79. perc), P\u00e1sztor Maja J\u00e1zmin (90. perc).<\/p>\n<p style=\"text-align: center;\"><img decoding=\"async\" class=\"alignnone size-full wp-image-34\" src=\"https:\/\/bcsla.hu\/site\/wp-content\/uploads\/2017\/03\/line_purple.png\" alt=\"\" width=\"680\" height=\"1\" srcset=\"https:\/\/bcsla.hu\/site\/wp-content\/uploads\/2017\/03\/line_purple.png 680w, https:\/\/bcsla.hu\/site\/wp-content\/uploads\/2017\/03\/line_purple-150x1.png 150w, https:\/\/bcsla.hu\/site\/wp-content\/uploads\/2017\/03\/line_purple-300x1.png 300w, https:\/\/bcsla.hu\/site\/wp-content\/uploads\/2017\/03\/line_purple-292x1.png 292w, https:\/\/bcsla.hu\/site\/wp-content\/uploads\/2017\/03\/line_purple-100x1.png 100w, https:\/\/bcsla.hu\/site\/wp-content\/uploads\/2017\/03\/line_purple-50x1.png 50w, https:\/\/bcsla.hu\/site\/wp-content\/uploads\/2017\/03\/line_purple-25x1.png 25w, https:\/\/bcsla.hu\/site\/wp-content\/uploads\/2017\/03\/line_purple-90x1.png 90w\" sizes=\"(max-width: 680px) 100vw, 680px\" \/><\/p>\n<p style=\"text-align: justify;\"><a class=\"metro-button mtr-small mtr-red mtr-square mtr-alignleft\" href=\"https:\/\/adatbank.mlsz.hu\/match\/52\/0\/20925\/6\/1502910.html\" title=\"\" target=\"_blank\"> Jegyz\u0151k\u00f6nyv <\/a><\/p>\n","protected":false},"excerpt":{"rendered":"<p>Le\u00e1ny U-19 Kiemelt csoport 6. fordul\u00f3 MTK Hung\u00e1ria FC&nbsp;&#8211; B\u00e9k\u00e9scsaba 1912 El\u0151re SE 19-0 (7-0) Id\u0151pont:&nbsp;2019. okt\u00f3ber 19. (szombat) 11:00 \u00f3ra Helysz\u00edn:&nbsp;Budapest G\u00f3lszerz\u0151k:&nbsp;Kov\u00e1cs Eszter Rita (6. \u00e9s 59. perc), V\u00e1radi R\u00e1hel Eszter (9., 46., 66., 68. \u00e9s 74. perc), Stef\u00e1n Bernadett (12., 32. \u00e9s 65. perc), Feh\u00e9r Anna (20. perc), Mayer Zs\u00f3fia (15., 48. \u00e9s [&hellip;]<\/p>\n","protected":false},"author":1,"featured_media":0,"comment_status":"closed","ping_status":"closed","sticky":false,"template":"","format":"standard","meta":{"footnotes":""},"categories":[6,271,321],"tags":[169,287,336,56,60,295,31],"class_list":["post-5073","post","type-post","status-publish","format-standard","hentry","category-eredmenyek","category-271","category-eredmenyek-u19-leany-20192020","tag-leany","tag-287","tag-mtk-hungaria-fc","tag-eredmeny","tag-u19","tag-budapest","tag-merkozes"],"publishpress_future_action":{"enabled":false,"date":"2026-05-04 00:36:03","action":"change-status","newStatus":"draft","terms":[],"taxonomy":"category","extraData":[]},"publishpress_future_workflow_manual_trigger":{"enabledWorkflows":[]},"_links":{"self":[{"href":"https:\/\/bcsla.hu\/site\/wp-json\/wp\/v2\/posts\/5073","targetHints":{"allow":["GET"]}}],"collection":[{"href":"https:\/\/bcsla.hu\/site\/wp-json\/wp\/v2\/posts"}],"about":[{"href":"https:\/\/bcsla.hu\/site\/wp-json\/wp\/v2\/types\/post"}],"author":[{"embeddable":true,"href":"https:\/\/bcsla.hu\/site\/wp-json\/wp\/v2\/users\/1"}],"replies":[{"embeddable":true,"href":"https:\/\/bcsla.hu\/site\/wp-json\/wp\/v2\/comments?post=5073"}],"version-history":[{"count":2,"href":"https:\/\/bcsla.hu\/site\/wp-json\/wp\/v2\/posts\/5073\/revisions"}],"predecessor-version":[{"id":5091,"href":"https:\/\/bcsla.hu\/site\/wp-json\/wp\/v2\/posts\/5073\/revisions\/5091"}],"wp:attachment":[{"href":"https:\/\/bcsla.hu\/site\/wp-json\/wp\/v2\/media?parent=5073"}],"wp:term":[{"taxonomy":"category","embeddable":true,"href":"https:\/\/bcsla.hu\/site\/wp-json\/wp\/v2\/categories?post=5073"},{"taxonomy":"post_tag","embeddable":true,"href":"https:\/\/bcsla.hu\/site\/wp-json\/wp\/v2\/tags?post=5073"}],"curies":[{"name":"wp","href":"https:\/\/api.w.org\/{rel}","templated":true}]}}