{"id":5134,"date":"2019-10-27T07:35:34","date_gmt":"2019-10-27T06:35:34","guid":{"rendered":"https:\/\/bcsla.hu\/site\/?p=5134"},"modified":"2019-10-27T07:35:34","modified_gmt":"2019-10-27T06:35:34","slug":"zte-fc-bekescsaba-1912-elore-se-20191026-u16","status":"publish","type":"post","link":"https:\/\/bcsla.hu\/site\/zte-fc-bekescsaba-1912-elore-se-20191026-u16\/","title":{"rendered":"ZTE FC &#8211; B\u00e9k\u00e9scsaba 1912 El\u0151re SE"},"content":{"rendered":"<p id=\"headerText\" class=\"container_title\"><strong>MLSZ U-16 II. oszt\u00e1ly 10. fordul\u00f3<\/strong><\/p>\n<h2>ZTE FC&nbsp;&#8211; B\u00e9k\u00e9scsaba 1912 El\u0151re SE<\/h2>\n<h2>1-3 (0-1)<\/h2>\n<p><strong>Id\u0151pont:<\/strong>&nbsp;2019.&nbsp;okt\u00f3ber 26. (szombat) 10:00 \u00f3ra<\/p>\n<p><strong>Helysz\u00edn:<\/strong>&nbsp;Zalaegerszeg<\/p>\n<p style=\"text-align: justify;\"><strong>G\u00f3lszerz\u0151k:<\/strong>&nbsp;M\u00e1gocsi Bence (4. perc), M\u00e1jer Simon (56. perc), Varga J\u00e1nos (78. perc), L\u0151rinczi Attila (89. perc).<\/p>\n<p style=\"text-align: justify;\"><strong>S\u00e1rga lapok:<\/strong>&nbsp;Borb\u00e9ly Bence Boldizs\u00e1r (80. perc), Bolla Bence (92. perc).<\/p>\n<p style=\"text-align: center;\"><img decoding=\"async\" class=\"alignnone size-full wp-image-34\" src=\"https:\/\/bcsla.hu\/site\/wp-content\/uploads\/2017\/03\/line_purple.png\" alt=\"\" width=\"680\" height=\"1\" srcset=\"https:\/\/bcsla.hu\/site\/wp-content\/uploads\/2017\/03\/line_purple.png 680w, https:\/\/bcsla.hu\/site\/wp-content\/uploads\/2017\/03\/line_purple-150x1.png 150w, https:\/\/bcsla.hu\/site\/wp-content\/uploads\/2017\/03\/line_purple-300x1.png 300w, https:\/\/bcsla.hu\/site\/wp-content\/uploads\/2017\/03\/line_purple-292x1.png 292w, https:\/\/bcsla.hu\/site\/wp-content\/uploads\/2017\/03\/line_purple-100x1.png 100w, https:\/\/bcsla.hu\/site\/wp-content\/uploads\/2017\/03\/line_purple-50x1.png 50w, https:\/\/bcsla.hu\/site\/wp-content\/uploads\/2017\/03\/line_purple-25x1.png 25w, https:\/\/bcsla.hu\/site\/wp-content\/uploads\/2017\/03\/line_purple-90x1.png 90w\" sizes=\"(max-width: 680px) 100vw, 680px\" \/><\/p>\n<p style=\"text-align: center;\"><img fetchpriority=\"high\" decoding=\"async\" class=\"alignnone size-full wp-image-5150\" src=\"https:\/\/bcsla.hu\/site\/wp-content\/uploads\/2019\/10\/20191026_u16.jpg\" alt=\"\" width=\"680\" height=\"306\" srcset=\"https:\/\/bcsla.hu\/site\/wp-content\/uploads\/2019\/10\/20191026_u16.jpg 680w, https:\/\/bcsla.hu\/site\/wp-content\/uploads\/2019\/10\/20191026_u16-300x135.jpg 300w, https:\/\/bcsla.hu\/site\/wp-content\/uploads\/2019\/10\/20191026_u16-100x45.jpg 100w, https:\/\/bcsla.hu\/site\/wp-content\/uploads\/2019\/10\/20191026_u16-50x23.jpg 50w, https:\/\/bcsla.hu\/site\/wp-content\/uploads\/2019\/10\/20191026_u16-25x11.jpg 25w, https:\/\/bcsla.hu\/site\/wp-content\/uploads\/2019\/10\/20191026_u16-90x41.jpg 90w, https:\/\/bcsla.hu\/site\/wp-content\/uploads\/2019\/10\/20191026_u16-250x113.jpg 250w, https:\/\/bcsla.hu\/site\/wp-content\/uploads\/2019\/10\/20191026_u16-225x101.jpg 225w\" sizes=\"(max-width: 680px) 100vw, 680px\" \/>&nbsp;<\/p>\n<p style=\"text-align: center;\"><img decoding=\"async\" class=\"alignnone size-full wp-image-34\" src=\"https:\/\/bcsla.hu\/site\/wp-content\/uploads\/2017\/03\/line_purple.png\" alt=\"\" width=\"680\" height=\"1\" srcset=\"https:\/\/bcsla.hu\/site\/wp-content\/uploads\/2017\/03\/line_purple.png 680w, https:\/\/bcsla.hu\/site\/wp-content\/uploads\/2017\/03\/line_purple-150x1.png 150w, https:\/\/bcsla.hu\/site\/wp-content\/uploads\/2017\/03\/line_purple-300x1.png 300w, https:\/\/bcsla.hu\/site\/wp-content\/uploads\/2017\/03\/line_purple-292x1.png 292w, https:\/\/bcsla.hu\/site\/wp-content\/uploads\/2017\/03\/line_purple-100x1.png 100w, https:\/\/bcsla.hu\/site\/wp-content\/uploads\/2017\/03\/line_purple-50x1.png 50w, https:\/\/bcsla.hu\/site\/wp-content\/uploads\/2017\/03\/line_purple-25x1.png 25w, https:\/\/bcsla.hu\/site\/wp-content\/uploads\/2017\/03\/line_purple-90x1.png 90w\" sizes=\"(max-width: 680px) 100vw, 680px\" \/><\/p>\n<p style=\"text-align: justify;\"><strong>Marik L\u00e1szl\u00f3:<\/strong>&nbsp;<em>\u2013&nbsp;Az els\u0151 f\u00e9lid\u0151ben nagyon j\u00f3l j\u00e1tszottunk, rengeteg labd\u00e1t szerezt\u00fcnk az ellenf\u00e9l t\u00e9rfel\u00e9n, de a sok helyzetb\u0151l, csak egyet \u00e9rt\u00e9kes\u00edtett\u00fcnk. A m\u00e1sodik f\u00e9lid\u0151 kiegyenl\u00edtettebb volt, b\u00e1r igaz\u00e1n nagy helyzet csak el\u0151tt\u00fcnk ad\u00f3dott. A szerencs\u00e9snek mondhat\u00f3 egyenl\u00edt\u0151 g\u00f3l ut\u00e1n, a cser\u00e9inknek k\u00f6sz\u00f6nhet\u0151en \u00fajra f\u00f6l\u00e9nybe ker\u00fclt\u00fcnk \u00e9s k\u00e9t sz\u00e9p g\u00f3llal eld\u00f6nt\u00f6tt\u00fck a m\u00e9rk\u0151z\u00e9st.<\/em><\/p>\n<p style=\"text-align: center;\"><img decoding=\"async\" class=\"alignnone size-full wp-image-34\" src=\"https:\/\/bcsla.hu\/site\/wp-content\/uploads\/2017\/03\/line_purple.png\" alt=\"\" width=\"680\" height=\"1\" srcset=\"https:\/\/bcsla.hu\/site\/wp-content\/uploads\/2017\/03\/line_purple.png 680w, https:\/\/bcsla.hu\/site\/wp-content\/uploads\/2017\/03\/line_purple-150x1.png 150w, https:\/\/bcsla.hu\/site\/wp-content\/uploads\/2017\/03\/line_purple-300x1.png 300w, https:\/\/bcsla.hu\/site\/wp-content\/uploads\/2017\/03\/line_purple-292x1.png 292w, https:\/\/bcsla.hu\/site\/wp-content\/uploads\/2017\/03\/line_purple-100x1.png 100w, https:\/\/bcsla.hu\/site\/wp-content\/uploads\/2017\/03\/line_purple-50x1.png 50w, https:\/\/bcsla.hu\/site\/wp-content\/uploads\/2017\/03\/line_purple-25x1.png 25w, https:\/\/bcsla.hu\/site\/wp-content\/uploads\/2017\/03\/line_purple-90x1.png 90w\" sizes=\"(max-width: 680px) 100vw, 680px\" \/><\/p>\n<a class=\"metro-button mtr-small mtr-red mtr-square mtr-alignleft\" href=\"https:\/\/adatbank.mlsz.hu\/match\/52\/0\/20857\/10\/1479080.html\" title=\"\" target=\"_blank\"> Jegyz\u0151k\u00f6nyv <\/a>\n<p>&nbsp;<\/p>\n","protected":false},"excerpt":{"rendered":"<p>MLSZ U-16 II. oszt\u00e1ly 10. fordul\u00f3 ZTE FC&nbsp;&#8211; B\u00e9k\u00e9scsaba 1912 El\u0151re SE 1-3 (0-1) Id\u0151pont:&nbsp;2019.&nbsp;okt\u00f3ber 26. (szombat) 10:00 \u00f3ra Helysz\u00edn:&nbsp;Zalaegerszeg G\u00f3lszerz\u0151k:&nbsp;M\u00e1gocsi Bence (4. perc), M\u00e1jer Simon (56. perc), Varga J\u00e1nos (78. perc), L\u0151rinczi Attila (89. perc). S\u00e1rga lapok:&nbsp;Borb\u00e9ly Bence Boldizs\u00e1r (80. perc), Bolla Bence (92. perc). &nbsp; Marik L\u00e1szl\u00f3:&nbsp;\u2013&nbsp;Az els\u0151 f\u00e9lid\u0151ben nagyon j\u00f3l j\u00e1tszottunk, rengeteg [&hellip;]<\/p>\n","protected":false},"author":1,"featured_media":0,"comment_status":"closed","ping_status":"closed","sticky":false,"template":"","format":"standard","meta":{"footnotes":""},"categories":[6,271,308],"tags":[378,379,287,56,58,31],"class_list":["post-5134","post","type-post","status-publish","format-standard","hentry","category-eredmenyek","category-271","category-eredmenyek-u16-20192020","tag-zte","tag-zalaegerszeg","tag-287","tag-eredmeny","tag-u16","tag-merkozes"],"publishpress_future_action":{"enabled":false,"date":"2026-05-04 00:35:43","action":"change-status","newStatus":"draft","terms":[],"taxonomy":"category","extraData":[]},"publishpress_future_workflow_manual_trigger":{"enabledWorkflows":[]},"_links":{"self":[{"href":"https:\/\/bcsla.hu\/site\/wp-json\/wp\/v2\/posts\/5134","targetHints":{"allow":["GET"]}}],"collection":[{"href":"https:\/\/bcsla.hu\/site\/wp-json\/wp\/v2\/posts"}],"about":[{"href":"https:\/\/bcsla.hu\/site\/wp-json\/wp\/v2\/types\/post"}],"author":[{"embeddable":true,"href":"https:\/\/bcsla.hu\/site\/wp-json\/wp\/v2\/users\/1"}],"replies":[{"embeddable":true,"href":"https:\/\/bcsla.hu\/site\/wp-json\/wp\/v2\/comments?post=5134"}],"version-history":[{"count":2,"href":"https:\/\/bcsla.hu\/site\/wp-json\/wp\/v2\/posts\/5134\/revisions"}],"predecessor-version":[{"id":5151,"href":"https:\/\/bcsla.hu\/site\/wp-json\/wp\/v2\/posts\/5134\/revisions\/5151"}],"wp:attachment":[{"href":"https:\/\/bcsla.hu\/site\/wp-json\/wp\/v2\/media?parent=5134"}],"wp:term":[{"taxonomy":"category","embeddable":true,"href":"https:\/\/bcsla.hu\/site\/wp-json\/wp\/v2\/categories?post=5134"},{"taxonomy":"post_tag","embeddable":true,"href":"https:\/\/bcsla.hu\/site\/wp-json\/wp\/v2\/tags?post=5134"}],"curies":[{"name":"wp","href":"https:\/\/api.w.org\/{rel}","templated":true}]}}