{"id":5311,"date":"2019-11-10T06:08:03","date_gmt":"2019-11-10T05:08:03","guid":{"rendered":"https:\/\/bcsla.hu\/site\/?p=5311"},"modified":"2019-11-10T06:08:03","modified_gmt":"2019-11-10T05:08:03","slug":"paksi-fc-bekescsaba-1912-elore-se-20191109-u17","status":"publish","type":"post","link":"https:\/\/bcsla.hu\/site\/paksi-fc-bekescsaba-1912-elore-se-20191109-u17\/","title":{"rendered":"Paksi FC &#8211; B\u00e9k\u00e9scsaba 1912 El\u0151re SE"},"content":{"rendered":"<p id=\"headerText\" class=\"container_title\"><strong>MLSZ U-17 II. oszt\u00e1ly 12. fordul\u00f3<\/strong><\/p>\n<h2>Paksi FC&nbsp;&#8211; B\u00e9k\u00e9scsaba 1912 El\u0151re SE<\/h2>\n<h2>9-0 (4-0)<\/h2>\n<p><strong>Id\u0151pont:<\/strong> 2019. november 9. (szombat) 12:00 \u00f3ra<\/p>\n<p><strong>Helysz\u00edn:<\/strong>&nbsp;Paks<\/p>\n<p style=\"text-align: justify;\"><strong>G\u00f3lszerz\u0151k:<\/strong>&nbsp;Rib\u00e1r Mil\u00e1n Levente (16., 38., 79. \u00e9s 80. perc), Szendrei \u00c1kos (27. \u00e9s 78. perc), Mad\u00e1r M\u00e1t\u00e9 (41. perc), Solt D\u00e1niel (89. perc).<\/p>\n<p style=\"text-align: justify;\"><strong>S\u00e1rga lap:<\/strong>&nbsp;Nagy Kriszti\u00e1n (14. perc).<\/p>\n<p style=\"text-align: center;\"><img decoding=\"async\" class=\"alignnone size-full wp-image-34\" src=\"https:\/\/bcsla.hu\/site\/wp-content\/uploads\/2017\/03\/line_purple.png\" alt=\"\" width=\"680\" height=\"1\" srcset=\"https:\/\/bcsla.hu\/site\/wp-content\/uploads\/2017\/03\/line_purple.png 680w, https:\/\/bcsla.hu\/site\/wp-content\/uploads\/2017\/03\/line_purple-150x1.png 150w, https:\/\/bcsla.hu\/site\/wp-content\/uploads\/2017\/03\/line_purple-300x1.png 300w, https:\/\/bcsla.hu\/site\/wp-content\/uploads\/2017\/03\/line_purple-292x1.png 292w, https:\/\/bcsla.hu\/site\/wp-content\/uploads\/2017\/03\/line_purple-100x1.png 100w, https:\/\/bcsla.hu\/site\/wp-content\/uploads\/2017\/03\/line_purple-50x1.png 50w, https:\/\/bcsla.hu\/site\/wp-content\/uploads\/2017\/03\/line_purple-25x1.png 25w, https:\/\/bcsla.hu\/site\/wp-content\/uploads\/2017\/03\/line_purple-90x1.png 90w\" sizes=\"(max-width: 680px) 100vw, 680px\" \/><\/p>\n<a class=\"metro-button mtr-small mtr-red mtr-square mtr-alignleft\" href=\"https:\/\/adatbank.mlsz.hu\/match\/52\/0\/20856\/12\/1477954.html\" title=\"\" target=\"_blank\"> Jegyz\u0151k\u00f6nyv <\/a>\n","protected":false},"excerpt":{"rendered":"<p>MLSZ U-17 II. oszt\u00e1ly 12. fordul\u00f3 Paksi FC&nbsp;&#8211; B\u00e9k\u00e9scsaba 1912 El\u0151re SE 9-0 (4-0) Id\u0151pont: 2019. november 9. (szombat) 12:00 \u00f3ra Helysz\u00edn:&nbsp;Paks G\u00f3lszerz\u0151k:&nbsp;Rib\u00e1r Mil\u00e1n Levente (16., 38., 79. \u00e9s 80. perc), Szendrei \u00c1kos (27. \u00e9s 78. perc), Mad\u00e1r M\u00e1t\u00e9 (41. perc), Solt D\u00e1niel (89. perc). S\u00e1rga lap:&nbsp;Nagy Kriszti\u00e1n (14. perc).<\/p>\n","protected":false},"author":1,"featured_media":0,"comment_status":"closed","ping_status":"closed","sticky":false,"template":"","format":"standard","meta":{"footnotes":""},"categories":[6,271,311],"tags":[393,394,55,287,56,31],"class_list":["post-5311","post","type-post","status-publish","format-standard","hentry","category-eredmenyek","category-271","category-eredmenyek-u17-20192020","tag-paksi-fc","tag-paks","tag-u17","tag-287","tag-eredmeny","tag-merkozes"],"publishpress_future_action":{"enabled":false,"date":"2026-05-04 03:31:56","action":"change-status","newStatus":"draft","terms":[],"taxonomy":"category","extraData":[]},"publishpress_future_workflow_manual_trigger":{"enabledWorkflows":[]},"_links":{"self":[{"href":"https:\/\/bcsla.hu\/site\/wp-json\/wp\/v2\/posts\/5311","targetHints":{"allow":["GET"]}}],"collection":[{"href":"https:\/\/bcsla.hu\/site\/wp-json\/wp\/v2\/posts"}],"about":[{"href":"https:\/\/bcsla.hu\/site\/wp-json\/wp\/v2\/types\/post"}],"author":[{"embeddable":true,"href":"https:\/\/bcsla.hu\/site\/wp-json\/wp\/v2\/users\/1"}],"replies":[{"embeddable":true,"href":"https:\/\/bcsla.hu\/site\/wp-json\/wp\/v2\/comments?post=5311"}],"version-history":[{"count":3,"href":"https:\/\/bcsla.hu\/site\/wp-json\/wp\/v2\/posts\/5311\/revisions"}],"predecessor-version":[{"id":5325,"href":"https:\/\/bcsla.hu\/site\/wp-json\/wp\/v2\/posts\/5311\/revisions\/5325"}],"wp:attachment":[{"href":"https:\/\/bcsla.hu\/site\/wp-json\/wp\/v2\/media?parent=5311"}],"wp:term":[{"taxonomy":"category","embeddable":true,"href":"https:\/\/bcsla.hu\/site\/wp-json\/wp\/v2\/categories?post=5311"},{"taxonomy":"post_tag","embeddable":true,"href":"https:\/\/bcsla.hu\/site\/wp-json\/wp\/v2\/tags?post=5311"}],"curies":[{"name":"wp","href":"https:\/\/api.w.org\/{rel}","templated":true}]}}