{"id":5314,"date":"2019-11-10T05:41:57","date_gmt":"2019-11-10T04:41:57","guid":{"rendered":"https:\/\/bcsla.hu\/site\/?p=5314"},"modified":"2019-11-10T05:42:27","modified_gmt":"2019-11-10T04:42:27","slug":"paksi-fc-bekescsaba-1912-elore-se-20191109-u16","status":"publish","type":"post","link":"https:\/\/bcsla.hu\/site\/paksi-fc-bekescsaba-1912-elore-se-20191109-u16\/","title":{"rendered":"Paksi FC &#8211; B\u00e9k\u00e9scsaba 1912 El\u0151re SE"},"content":{"rendered":"<p id=\"headerText\" class=\"container_title\"><strong>MLSZ U-16 II. oszt\u00e1ly 12. fordul\u00f3<\/strong><\/p>\n<h2>Paksi FC&nbsp;&#8211; B\u00e9k\u00e9scsaba 1912 El\u0151re SE<\/h2>\n<h2>4-0 (1-0)<\/h2>\n<p><strong>Id\u0151pont:<\/strong>&nbsp;2019. november 9. (szombat) 12:00 \u00f3ra<\/p>\n<p><strong>Helysz\u00edn:<\/strong>&nbsp;Paks<\/p>\n<p style=\"text-align: justify;\"><strong>G\u00f3lszerz\u0151k:<\/strong>&nbsp;Kov\u00e1cs D\u00e1niel Tam\u00e1s (45. perc), Lakatos-Lenyel L\u00f3r\u00e1nt (64. \u00e9s 74. perc), Lud\u00e1nyi Szabolcs L\u00e1szl\u00f3 (89. perc).<\/p>\n<p style=\"text-align: justify;\"><strong>S\u00e1rga lapok:<\/strong>&nbsp;Lengyel Attila (44. perc),&nbsp;Lakatos-Lenyel L\u00f3r\u00e1nt (62. perc), Marik Soma (73. perc),&nbsp;<\/p>\n<p style=\"text-align: center;\"><img decoding=\"async\" class=\"alignnone size-full wp-image-34\" src=\"https:\/\/bcsla.hu\/site\/wp-content\/uploads\/2017\/03\/line_purple.png\" alt=\"\" width=\"680\" height=\"1\" srcset=\"https:\/\/bcsla.hu\/site\/wp-content\/uploads\/2017\/03\/line_purple.png 680w, https:\/\/bcsla.hu\/site\/wp-content\/uploads\/2017\/03\/line_purple-150x1.png 150w, https:\/\/bcsla.hu\/site\/wp-content\/uploads\/2017\/03\/line_purple-300x1.png 300w, https:\/\/bcsla.hu\/site\/wp-content\/uploads\/2017\/03\/line_purple-292x1.png 292w, https:\/\/bcsla.hu\/site\/wp-content\/uploads\/2017\/03\/line_purple-100x1.png 100w, https:\/\/bcsla.hu\/site\/wp-content\/uploads\/2017\/03\/line_purple-50x1.png 50w, https:\/\/bcsla.hu\/site\/wp-content\/uploads\/2017\/03\/line_purple-25x1.png 25w, https:\/\/bcsla.hu\/site\/wp-content\/uploads\/2017\/03\/line_purple-90x1.png 90w\" sizes=\"(max-width: 680px) 100vw, 680px\" \/><\/p>\n<p style=\"text-align: center;\"><img fetchpriority=\"high\" decoding=\"async\" class=\"alignnone size-full wp-image-5034\" src=\"https:\/\/bcsla.hu\/site\/wp-content\/uploads\/2019\/10\/team_u16_elore_2019_2020.jpg\" alt=\"\" width=\"680\" height=\"276\" srcset=\"https:\/\/bcsla.hu\/site\/wp-content\/uploads\/2019\/10\/team_u16_elore_2019_2020.jpg 680w, https:\/\/bcsla.hu\/site\/wp-content\/uploads\/2019\/10\/team_u16_elore_2019_2020-300x122.jpg 300w, https:\/\/bcsla.hu\/site\/wp-content\/uploads\/2019\/10\/team_u16_elore_2019_2020-100x41.jpg 100w, https:\/\/bcsla.hu\/site\/wp-content\/uploads\/2019\/10\/team_u16_elore_2019_2020-50x20.jpg 50w, https:\/\/bcsla.hu\/site\/wp-content\/uploads\/2019\/10\/team_u16_elore_2019_2020-25x10.jpg 25w, https:\/\/bcsla.hu\/site\/wp-content\/uploads\/2019\/10\/team_u16_elore_2019_2020-90x37.jpg 90w, https:\/\/bcsla.hu\/site\/wp-content\/uploads\/2019\/10\/team_u16_elore_2019_2020-250x101.jpg 250w, https:\/\/bcsla.hu\/site\/wp-content\/uploads\/2019\/10\/team_u16_elore_2019_2020-225x91.jpg 225w\" sizes=\"(max-width: 680px) 100vw, 680px\" \/><\/p>\n<p style=\"text-align: center;\"><img decoding=\"async\" class=\"alignnone size-full wp-image-34\" src=\"https:\/\/bcsla.hu\/site\/wp-content\/uploads\/2017\/03\/line_purple.png\" alt=\"\" width=\"680\" height=\"1\" srcset=\"https:\/\/bcsla.hu\/site\/wp-content\/uploads\/2017\/03\/line_purple.png 680w, https:\/\/bcsla.hu\/site\/wp-content\/uploads\/2017\/03\/line_purple-150x1.png 150w, https:\/\/bcsla.hu\/site\/wp-content\/uploads\/2017\/03\/line_purple-300x1.png 300w, https:\/\/bcsla.hu\/site\/wp-content\/uploads\/2017\/03\/line_purple-292x1.png 292w, https:\/\/bcsla.hu\/site\/wp-content\/uploads\/2017\/03\/line_purple-100x1.png 100w, https:\/\/bcsla.hu\/site\/wp-content\/uploads\/2017\/03\/line_purple-50x1.png 50w, https:\/\/bcsla.hu\/site\/wp-content\/uploads\/2017\/03\/line_purple-25x1.png 25w, https:\/\/bcsla.hu\/site\/wp-content\/uploads\/2017\/03\/line_purple-90x1.png 90w\" sizes=\"(max-width: 680px) 100vw, 680px\" \/>&nbsp;<\/p>\n<p style=\"text-align: justify;\"><strong>Marik L\u00e1szl\u00f3:<\/strong>&nbsp;<em>\u2013 A pillanatnyilag harmadik helyen \u00e1ll\u00f3 csapat, gyakorlatilag sim\u00e1n legy\u0151zte a kilencediket. Az viszont hozz\u00e1tartozik az igazs\u00e1ghoz, hogy az els\u0151 j\u00e1t\u00e9kr\u00e9szben akkor j\u00e1rtak el\u0151sz\u00f6r a kapunk k\u00f6zel\u00e9ben, amikor a 46. percben megszerezt\u00e9k a vezet\u00e9st. A m\u00e1sodik f\u00e9lid\u0151ben minden kihagyott helyzet\u00fcnk ut\u00e1n, \u00f3ri\u00e1si egy\u00e9ni hib\u00e1kb\u00f3l g\u00f3lokat aj\u00e1nd\u00e9koztunk a hazaiaknak. Hi\u00e1ba j\u00e1tszottunk j\u00f3l \u00e9s alak\u00edtottunk ki helyzeteket, ezeket be is kell r\u00fagni, csak akkor lehet keresnival\u00f3nk. A mai napon&nbsp;az d\u00f6nt\u00f6tt, hogy a Paksban voltak olyan j\u00e1t\u00e9kosok, akik be tudt\u00e1k fejezni az ad\u00f3d\u00f3 lehet\u0151s\u00e9geket, ezzel eld\u00f6nt\u00f6tt\u00e9k a h\u00e1rom pont sors\u00e1t.<\/em><\/p>\n<p style=\"text-align: center;\"><img decoding=\"async\" class=\"alignnone size-full wp-image-34\" src=\"https:\/\/bcsla.hu\/site\/wp-content\/uploads\/2017\/03\/line_purple.png\" alt=\"\" width=\"680\" height=\"1\" srcset=\"https:\/\/bcsla.hu\/site\/wp-content\/uploads\/2017\/03\/line_purple.png 680w, https:\/\/bcsla.hu\/site\/wp-content\/uploads\/2017\/03\/line_purple-150x1.png 150w, https:\/\/bcsla.hu\/site\/wp-content\/uploads\/2017\/03\/line_purple-300x1.png 300w, https:\/\/bcsla.hu\/site\/wp-content\/uploads\/2017\/03\/line_purple-292x1.png 292w, https:\/\/bcsla.hu\/site\/wp-content\/uploads\/2017\/03\/line_purple-100x1.png 100w, https:\/\/bcsla.hu\/site\/wp-content\/uploads\/2017\/03\/line_purple-50x1.png 50w, https:\/\/bcsla.hu\/site\/wp-content\/uploads\/2017\/03\/line_purple-25x1.png 25w, https:\/\/bcsla.hu\/site\/wp-content\/uploads\/2017\/03\/line_purple-90x1.png 90w\" sizes=\"(max-width: 680px) 100vw, 680px\" \/><\/p>\n<a class=\"metro-button mtr-small mtr-red mtr-square mtr-alignleft\" href=\"https:\/\/adatbank.mlsz.hu\/match\/52\/0\/20857\/12\/1479095.html\" title=\"\" target=\"_blank\"> Jegyz\u0151k\u00f6nyv <\/a>\n<p>&nbsp;<\/p>\n","protected":false},"excerpt":{"rendered":"<p>MLSZ U-16 II. oszt\u00e1ly 12. fordul\u00f3 Paksi FC&nbsp;&#8211; B\u00e9k\u00e9scsaba 1912 El\u0151re SE 4-0 (1-0) Id\u0151pont:&nbsp;2019. november 9. (szombat) 12:00 \u00f3ra Helysz\u00edn:&nbsp;Paks G\u00f3lszerz\u0151k:&nbsp;Kov\u00e1cs D\u00e1niel Tam\u00e1s (45. perc), Lakatos-Lenyel L\u00f3r\u00e1nt (64. \u00e9s 74. perc), Lud\u00e1nyi Szabolcs L\u00e1szl\u00f3 (89. perc). S\u00e1rga lapok:&nbsp;Lengyel Attila (44. perc),&nbsp;Lakatos-Lenyel L\u00f3r\u00e1nt (62. perc), Marik Soma (73. perc),&nbsp; &nbsp; Marik L\u00e1szl\u00f3:&nbsp;\u2013 A pillanatnyilag harmadik [&hellip;]<\/p>\n","protected":false},"author":1,"featured_media":0,"comment_status":"closed","ping_status":"closed","sticky":false,"template":"","format":"standard","meta":{"footnotes":""},"categories":[6,271,308],"tags":[393,394,287,56,58,31],"class_list":["post-5314","post","type-post","status-publish","format-standard","hentry","category-eredmenyek","category-271","category-eredmenyek-u16-20192020","tag-paksi-fc","tag-paks","tag-287","tag-eredmeny","tag-u16","tag-merkozes"],"publishpress_future_action":{"enabled":false,"date":"2026-05-04 03:31:49","action":"change-status","newStatus":"draft","terms":[],"taxonomy":"category","extraData":[]},"publishpress_future_workflow_manual_trigger":{"enabledWorkflows":[]},"_links":{"self":[{"href":"https:\/\/bcsla.hu\/site\/wp-json\/wp\/v2\/posts\/5314","targetHints":{"allow":["GET"]}}],"collection":[{"href":"https:\/\/bcsla.hu\/site\/wp-json\/wp\/v2\/posts"}],"about":[{"href":"https:\/\/bcsla.hu\/site\/wp-json\/wp\/v2\/types\/post"}],"author":[{"embeddable":true,"href":"https:\/\/bcsla.hu\/site\/wp-json\/wp\/v2\/users\/1"}],"replies":[{"embeddable":true,"href":"https:\/\/bcsla.hu\/site\/wp-json\/wp\/v2\/comments?post=5314"}],"version-history":[{"count":2,"href":"https:\/\/bcsla.hu\/site\/wp-json\/wp\/v2\/posts\/5314\/revisions"}],"predecessor-version":[{"id":5322,"href":"https:\/\/bcsla.hu\/site\/wp-json\/wp\/v2\/posts\/5314\/revisions\/5322"}],"wp:attachment":[{"href":"https:\/\/bcsla.hu\/site\/wp-json\/wp\/v2\/media?parent=5314"}],"wp:term":[{"taxonomy":"category","embeddable":true,"href":"https:\/\/bcsla.hu\/site\/wp-json\/wp\/v2\/categories?post=5314"},{"taxonomy":"post_tag","embeddable":true,"href":"https:\/\/bcsla.hu\/site\/wp-json\/wp\/v2\/tags?post=5314"}],"curies":[{"name":"wp","href":"https:\/\/api.w.org\/{rel}","templated":true}]}}