{"id":5396,"date":"2019-11-23T19:16:19","date_gmt":"2019-11-23T18:16:19","guid":{"rendered":"https:\/\/bcsla.hu\/site\/?p=5396"},"modified":"2019-11-25T06:40:03","modified_gmt":"2019-11-25T05:40:03","slug":"bekescsaba-1912-elore-se-dvtk-20191123-u19","status":"publish","type":"post","link":"https:\/\/bcsla.hu\/site\/bekescsaba-1912-elore-se-dvtk-20191123-u19\/","title":{"rendered":"B\u00e9k\u00e9scsaba 1912 El\u0151re SE &#8211; DVTK"},"content":{"rendered":"<p style=\"text-align: justify;\"><strong>MLSZ U-19 II. oszt\u00e1ly 2019\/2020. 14. fordul\u00f3<\/strong><\/p>\n<h2 style=\"text-align: justify;\">B\u00e9k\u00e9scsaba 1912 El\u0151re SE &#8211; DVTK<\/h2>\n<h2 style=\"text-align: justify;\">0-1 (0-1)<\/h2>\n<p style=\"text-align: justify;\"><strong>Id\u0151pont:<\/strong> 2019. november 23. (szombat) 13:00 \u00f3ra<\/p>\n<p style=\"text-align: justify;\"><strong>Helysz\u00edn:<\/strong> B\u00e9k\u00e9scsaba, K\u00f3rh\u00e1z utcai Stadion<\/p>\n<p style=\"text-align: justify;\"><strong>G\u00f3lszerz\u0151k:&nbsp;<\/strong>Bartha Ricardo Erik (36. perc).<\/p>\n<p style=\"text-align: justify;\"><strong>S\u00e1rga lapok:<\/strong>&nbsp;Bartha Ricardo Erik (26. perc), Sipaki Patrik (29. perc), Kardos Levente (45. perc).<\/p>\n<p style=\"text-align: center;\"><img decoding=\"async\" class=\"alignnone size-full wp-image-34\" src=\"https:\/\/bcsla.hu\/site\/wp-content\/uploads\/2017\/03\/line_purple.png\" alt=\"\" width=\"680\" height=\"1\" srcset=\"https:\/\/bcsla.hu\/site\/wp-content\/uploads\/2017\/03\/line_purple.png 680w, https:\/\/bcsla.hu\/site\/wp-content\/uploads\/2017\/03\/line_purple-150x1.png 150w, https:\/\/bcsla.hu\/site\/wp-content\/uploads\/2017\/03\/line_purple-300x1.png 300w, https:\/\/bcsla.hu\/site\/wp-content\/uploads\/2017\/03\/line_purple-292x1.png 292w, https:\/\/bcsla.hu\/site\/wp-content\/uploads\/2017\/03\/line_purple-100x1.png 100w, https:\/\/bcsla.hu\/site\/wp-content\/uploads\/2017\/03\/line_purple-50x1.png 50w, https:\/\/bcsla.hu\/site\/wp-content\/uploads\/2017\/03\/line_purple-25x1.png 25w, https:\/\/bcsla.hu\/site\/wp-content\/uploads\/2017\/03\/line_purple-90x1.png 90w\" sizes=\"(max-width: 680px) 100vw, 680px\" \/><\/p>\n<p style=\"text-align: center;\"><img fetchpriority=\"high\" decoding=\"async\" class=\"alignnone size-full wp-image-5420\" src=\"https:\/\/bcsla.hu\/site\/wp-content\/uploads\/2019\/11\/20191123_u19.jpg\" alt=\"\" width=\"680\" height=\"353\" srcset=\"https:\/\/bcsla.hu\/site\/wp-content\/uploads\/2019\/11\/20191123_u19.jpg 680w, https:\/\/bcsla.hu\/site\/wp-content\/uploads\/2019\/11\/20191123_u19-300x156.jpg 300w, https:\/\/bcsla.hu\/site\/wp-content\/uploads\/2019\/11\/20191123_u19-100x52.jpg 100w, https:\/\/bcsla.hu\/site\/wp-content\/uploads\/2019\/11\/20191123_u19-50x26.jpg 50w, https:\/\/bcsla.hu\/site\/wp-content\/uploads\/2019\/11\/20191123_u19-25x13.jpg 25w, https:\/\/bcsla.hu\/site\/wp-content\/uploads\/2019\/11\/20191123_u19-90x47.jpg 90w, https:\/\/bcsla.hu\/site\/wp-content\/uploads\/2019\/11\/20191123_u19-250x130.jpg 250w, https:\/\/bcsla.hu\/site\/wp-content\/uploads\/2019\/11\/20191123_u19-225x117.jpg 225w\" sizes=\"(max-width: 680px) 100vw, 680px\" \/><\/p>\n<p style=\"text-align: center;\"><img decoding=\"async\" class=\"alignnone size-full wp-image-34\" src=\"https:\/\/bcsla.hu\/site\/wp-content\/uploads\/2017\/03\/line_purple.png\" alt=\"\" width=\"680\" height=\"1\" srcset=\"https:\/\/bcsla.hu\/site\/wp-content\/uploads\/2017\/03\/line_purple.png 680w, https:\/\/bcsla.hu\/site\/wp-content\/uploads\/2017\/03\/line_purple-150x1.png 150w, https:\/\/bcsla.hu\/site\/wp-content\/uploads\/2017\/03\/line_purple-300x1.png 300w, https:\/\/bcsla.hu\/site\/wp-content\/uploads\/2017\/03\/line_purple-292x1.png 292w, https:\/\/bcsla.hu\/site\/wp-content\/uploads\/2017\/03\/line_purple-100x1.png 100w, https:\/\/bcsla.hu\/site\/wp-content\/uploads\/2017\/03\/line_purple-50x1.png 50w, https:\/\/bcsla.hu\/site\/wp-content\/uploads\/2017\/03\/line_purple-25x1.png 25w, https:\/\/bcsla.hu\/site\/wp-content\/uploads\/2017\/03\/line_purple-90x1.png 90w\" sizes=\"(max-width: 680px) 100vw, 680px\" \/><\/p>\n<p style=\"text-align: justify;\"><strong>L\u00e1za J\u00e1nos:<\/strong>&nbsp;<em>\u2013 Kiegyenl\u00edtett els\u0151 f\u00e9lid\u0151, ink\u00e1bb mez\u0151nyj\u00e1t\u00e9k, nagyobb lehet\u0151s\u00e9g csak egy-egy a kapuk el\u0151tt, m\u00e9gis egy \u00e1tl\u00f6v\u00e9sb\u0151l megszerezte a vezet\u00e9st a vend\u00e9g csapat. A m\u00e1sodik f\u00e9lid\u0151 se hozott j\u00f3 t\u00e1mad\u00f3j\u00e1t\u00e9kot, melynek v\u00e9g\u00e9n volt hazai lesg\u00f3l, vend\u00e9g tizenegyes, \u00fcres kapura vezetett t\u00e1mad\u00e1s, de ez az eredm\u00e9nyen nem v\u00e1ltoztatott.<\/em><\/p>\n<p style=\"text-align: justify;\"><img decoding=\"async\" class=\"alignnone size-full wp-image-34 aligncenter\" src=\"https:\/\/bcsla.hu\/site\/wp-content\/uploads\/2017\/03\/line_purple.png\" alt=\"\" width=\"680\" height=\"1\" srcset=\"https:\/\/bcsla.hu\/site\/wp-content\/uploads\/2017\/03\/line_purple.png 680w, https:\/\/bcsla.hu\/site\/wp-content\/uploads\/2017\/03\/line_purple-150x1.png 150w, https:\/\/bcsla.hu\/site\/wp-content\/uploads\/2017\/03\/line_purple-300x1.png 300w, https:\/\/bcsla.hu\/site\/wp-content\/uploads\/2017\/03\/line_purple-292x1.png 292w, https:\/\/bcsla.hu\/site\/wp-content\/uploads\/2017\/03\/line_purple-100x1.png 100w, https:\/\/bcsla.hu\/site\/wp-content\/uploads\/2017\/03\/line_purple-50x1.png 50w, https:\/\/bcsla.hu\/site\/wp-content\/uploads\/2017\/03\/line_purple-25x1.png 25w, https:\/\/bcsla.hu\/site\/wp-content\/uploads\/2017\/03\/line_purple-90x1.png 90w\" sizes=\"(max-width: 680px) 100vw, 680px\" \/><\/p>\n<p style=\"text-align: justify;\"><a class=\"metro-button mtr-small mtr-red mtr-square mtr-alignleft\" href=\"https:\/\/adatbank.mlsz.hu\/match\/52\/0\/20855\/14\/1477852.html\" title=\"\" target=\"_blank\"> Jegyz\u0151k\u00f6nyv <\/a><\/p>\n<p>&nbsp;<\/p>\n","protected":false},"excerpt":{"rendered":"<p>MLSZ U-19 II. oszt\u00e1ly 2019\/2020. 14. fordul\u00f3 B\u00e9k\u00e9scsaba 1912 El\u0151re SE &#8211; DVTK 0-1 (0-1) Id\u0151pont: 2019. november 23. (szombat) 13:00 \u00f3ra Helysz\u00edn: B\u00e9k\u00e9scsaba, K\u00f3rh\u00e1z utcai Stadion G\u00f3lszerz\u0151k:&nbsp;Bartha Ricardo Erik (36. perc). S\u00e1rga lapok:&nbsp;Bartha Ricardo Erik (26. perc), Sipaki Patrik (29. perc), Kardos Levente (45. perc). L\u00e1za J\u00e1nos:&nbsp;\u2013 Kiegyenl\u00edtett els\u0151 f\u00e9lid\u0151, ink\u00e1bb mez\u0151nyj\u00e1t\u00e9k, nagyobb lehet\u0151s\u00e9g [&hellip;]<\/p>\n","protected":false},"author":1,"featured_media":0,"comment_status":"closed","ping_status":"closed","sticky":false,"template":"","format":"standard","meta":{"footnotes":""},"categories":[6,271,301],"tags":[287,56,402,403,31],"class_list":["post-5396","post","type-post","status-publish","format-standard","hentry","category-eredmenyek","category-271","category-eredmenyek-u19-20192020","tag-287","tag-eredmeny","tag-dvtk","tag-miskolc","tag-merkozes"],"publishpress_future_action":{"enabled":false,"date":"2026-05-04 06:30:31","action":"change-status","newStatus":"draft","terms":[],"taxonomy":"category","extraData":[]},"publishpress_future_workflow_manual_trigger":{"enabledWorkflows":[]},"_links":{"self":[{"href":"https:\/\/bcsla.hu\/site\/wp-json\/wp\/v2\/posts\/5396","targetHints":{"allow":["GET"]}}],"collection":[{"href":"https:\/\/bcsla.hu\/site\/wp-json\/wp\/v2\/posts"}],"about":[{"href":"https:\/\/bcsla.hu\/site\/wp-json\/wp\/v2\/types\/post"}],"author":[{"embeddable":true,"href":"https:\/\/bcsla.hu\/site\/wp-json\/wp\/v2\/users\/1"}],"replies":[{"embeddable":true,"href":"https:\/\/bcsla.hu\/site\/wp-json\/wp\/v2\/comments?post=5396"}],"version-history":[{"count":4,"href":"https:\/\/bcsla.hu\/site\/wp-json\/wp\/v2\/posts\/5396\/revisions"}],"predecessor-version":[{"id":5421,"href":"https:\/\/bcsla.hu\/site\/wp-json\/wp\/v2\/posts\/5396\/revisions\/5421"}],"wp:attachment":[{"href":"https:\/\/bcsla.hu\/site\/wp-json\/wp\/v2\/media?parent=5396"}],"wp:term":[{"taxonomy":"category","embeddable":true,"href":"https:\/\/bcsla.hu\/site\/wp-json\/wp\/v2\/categories?post=5396"},{"taxonomy":"post_tag","embeddable":true,"href":"https:\/\/bcsla.hu\/site\/wp-json\/wp\/v2\/tags?post=5396"}],"curies":[{"name":"wp","href":"https:\/\/api.w.org\/{rel}","templated":true}]}}