{"id":5406,"date":"2019-11-28T12:22:36","date_gmt":"2019-11-28T11:22:36","guid":{"rendered":"https:\/\/bcsla.hu\/site\/?p=5406"},"modified":"2019-11-28T12:22:36","modified_gmt":"2019-11-28T11:22:36","slug":"hodmezovasarhelyi-fc-bekescsaba-1912-elore-se-20191124-u13","status":"publish","type":"post","link":"https:\/\/bcsla.hu\/site\/hodmezovasarhelyi-fc-bekescsaba-1912-elore-se-20191124-u13\/","title":{"rendered":"H\u00f3dmez\u0151v\u00e1s\u00e1rhelyi FC &#8211; B\u00e9k\u00e9scsaba 1912 El\u0151re SE"},"content":{"rendered":"<p><strong>MLSZ U-13 I. oszt\u00e1ly D\u00e9l-Kelet 12. fordul\u00f3<\/strong><\/p>\n<h2>H\u00f3dmez\u0151v\u00e1s\u00e1rhelyi FC&nbsp;\u2013 B\u00e9k\u00e9scsaba 1912 El\u0151re SE<\/h2>\n<h2 style=\"text-align: justify;\">0-10 (0-2)<\/h2>\n<p style=\"text-align: justify;\"><strong>Id\u0151pont:<\/strong>&nbsp;2019. november 24. (vas\u00e1rnap) 11:30 \u00f3ra<\/p>\n<p><strong>Helysz\u00edn:<\/strong>&nbsp;H\u00f3dmez\u0151v\u00e1s\u00e1rhely<\/p>\n<p style=\"text-align: justify;\"><strong>G\u00f3lszerz\u0151k:<\/strong>&nbsp;Anda Szil\u00e1rd (6. \u00e9s 58. perc), Igricz Mih\u00e1ly (14. \u00e9s 33. perc), D\u00e1vid Kende (34. \u00e9s 56. perc), Csik\u00f3s M\u00e1rk (41. perc), T\u00f3th Patrik (44. perc), Purzsa Xav\u00e9r (46. perc), V\u00f6r\u00f6s Barnab\u00e1s (50. perc).<\/p>\n<p><img decoding=\"async\" class=\"alignnone size-full wp-image-34 aligncenter\" src=\"https:\/\/bcsla.hu\/site\/wp-content\/uploads\/2017\/03\/line_purple.png\" alt=\"\" width=\"680\" height=\"1\" srcset=\"https:\/\/bcsla.hu\/site\/wp-content\/uploads\/2017\/03\/line_purple.png 680w, https:\/\/bcsla.hu\/site\/wp-content\/uploads\/2017\/03\/line_purple-150x1.png 150w, https:\/\/bcsla.hu\/site\/wp-content\/uploads\/2017\/03\/line_purple-300x1.png 300w, https:\/\/bcsla.hu\/site\/wp-content\/uploads\/2017\/03\/line_purple-292x1.png 292w, https:\/\/bcsla.hu\/site\/wp-content\/uploads\/2017\/03\/line_purple-100x1.png 100w, https:\/\/bcsla.hu\/site\/wp-content\/uploads\/2017\/03\/line_purple-50x1.png 50w, https:\/\/bcsla.hu\/site\/wp-content\/uploads\/2017\/03\/line_purple-25x1.png 25w, https:\/\/bcsla.hu\/site\/wp-content\/uploads\/2017\/03\/line_purple-90x1.png 90w\" sizes=\"(max-width: 680px) 100vw, 680px\" \/><\/p>\n<p style=\"text-align: justify;\"><a class=\"metro-button mtr-small mtr-red mtr-square mtr-alignleft\" href=\"https:\/\/adatbank.mlsz.hu\/match\/52\/0\/21246\/12\/1492695.html\" title=\"\" target=\"_blank\"> Jegyz\u0151k\u00f6nyv <\/a><\/p>\n","protected":false},"excerpt":{"rendered":"<p>MLSZ U-13 I. oszt\u00e1ly D\u00e9l-Kelet 12. fordul\u00f3 H\u00f3dmez\u0151v\u00e1s\u00e1rhelyi FC&nbsp;\u2013 B\u00e9k\u00e9scsaba 1912 El\u0151re SE 0-10 (0-2) Id\u0151pont:&nbsp;2019. november 24. (vas\u00e1rnap) 11:30 \u00f3ra Helysz\u00edn:&nbsp;H\u00f3dmez\u0151v\u00e1s\u00e1rhely G\u00f3lszerz\u0151k:&nbsp;Anda Szil\u00e1rd (6. \u00e9s 58. perc), Igricz Mih\u00e1ly (14. \u00e9s 33. perc), D\u00e1vid Kende (34. \u00e9s 56. perc), Csik\u00f3s M\u00e1rk (41. perc), T\u00f3th Patrik (44. perc), Purzsa Xav\u00e9r (46. perc), V\u00f6r\u00f6s Barnab\u00e1s (50. [&hellip;]<\/p>\n","protected":false},"author":1,"featured_media":0,"comment_status":"closed","ping_status":"closed","sticky":false,"template":"","format":"standard","meta":{"footnotes":""},"categories":[6,271,316],"tags":[287,56,102,405,105,31],"class_list":["post-5406","post","type-post","status-publish","format-standard","hentry","category-eredmenyek","category-271","category-eredmenyek-u13-20192020","tag-287","tag-eredmeny","tag-u13","tag-hodmezovasarhelyi-fc","tag-hodmezovasarhely","tag-merkozes"],"publishpress_future_action":{"enabled":false,"date":"2026-05-04 06:25:15","action":"change-status","newStatus":"draft","terms":[],"taxonomy":"category","extraData":[]},"publishpress_future_workflow_manual_trigger":{"enabledWorkflows":[]},"_links":{"self":[{"href":"https:\/\/bcsla.hu\/site\/wp-json\/wp\/v2\/posts\/5406","targetHints":{"allow":["GET"]}}],"collection":[{"href":"https:\/\/bcsla.hu\/site\/wp-json\/wp\/v2\/posts"}],"about":[{"href":"https:\/\/bcsla.hu\/site\/wp-json\/wp\/v2\/types\/post"}],"author":[{"embeddable":true,"href":"https:\/\/bcsla.hu\/site\/wp-json\/wp\/v2\/users\/1"}],"replies":[{"embeddable":true,"href":"https:\/\/bcsla.hu\/site\/wp-json\/wp\/v2\/comments?post=5406"}],"version-history":[{"count":2,"href":"https:\/\/bcsla.hu\/site\/wp-json\/wp\/v2\/posts\/5406\/revisions"}],"predecessor-version":[{"id":5430,"href":"https:\/\/bcsla.hu\/site\/wp-json\/wp\/v2\/posts\/5406\/revisions\/5430"}],"wp:attachment":[{"href":"https:\/\/bcsla.hu\/site\/wp-json\/wp\/v2\/media?parent=5406"}],"wp:term":[{"taxonomy":"category","embeddable":true,"href":"https:\/\/bcsla.hu\/site\/wp-json\/wp\/v2\/categories?post=5406"},{"taxonomy":"post_tag","embeddable":true,"href":"https:\/\/bcsla.hu\/site\/wp-json\/wp\/v2\/tags?post=5406"}],"curies":[{"name":"wp","href":"https:\/\/api.w.org\/{rel}","templated":true}]}}