{"id":5438,"date":"2019-11-30T17:45:21","date_gmt":"2019-11-30T16:45:21","guid":{"rendered":"https:\/\/bcsla.hu\/site\/?p=5438"},"modified":"2019-11-30T18:19:08","modified_gmt":"2019-11-30T17:19:08","slug":"bekescsaba-1912-elore-se-dunaujvaros-pase-20191130-u16","status":"publish","type":"post","link":"https:\/\/bcsla.hu\/site\/bekescsaba-1912-elore-se-dunaujvaros-pase-20191130-u16\/","title":{"rendered":"B\u00e9k\u00e9scsaba 1912 El\u0151re SE &#8211; Duna\u00fajv\u00e1ros PASE"},"content":{"rendered":"<p><strong>MLSZ U-16 II. oszt\u00e1ly 2019\/2020. 15. fordul\u00f3<\/strong><\/p>\n<h2>B\u00e9k\u00e9scsaba 1912 El\u0151re SE &#8211; Duna\u00fajv\u00e1ros PASE<\/h2>\n<h2 style=\"text-align: justify;\">6-0 (4-0)<\/h2>\n<p style=\"text-align: justify;\"><strong>Id\u0151pont:<\/strong>&nbsp;2019. november 30. (szombat) 12:00 \u00f3ra<\/p>\n<p><strong>Helysz\u00edn:<\/strong>&nbsp;B\u00e9k\u00e9scsaba, K\u00f3rh\u00e1z utcai Stadion<\/p>\n<p style=\"text-align: justify;\"><strong>G\u00f3lszerz\u0151k:&nbsp;<\/strong>Bacsa Kriszti\u00e1n (9. perc), Borb\u00e9ly Bence Boldizs\u00e1r (10. perc), Marik Soma (24., 25. \u00e9s 73. perc), L\u0151rinczi Attila (77. perc).<\/p>\n<p style=\"text-align: justify;\"><strong>Piros lap:<\/strong>&nbsp;Nagy Zal\u00e1n Viktor (68. perc).<\/p>\n<p style=\"text-align: center;\"><img decoding=\"async\" class=\"alignnone size-full wp-image-34\" src=\"https:\/\/bcsla.hu\/site\/wp-content\/uploads\/2017\/03\/line_purple.png\" alt=\"\" width=\"680\" height=\"1\" srcset=\"https:\/\/bcsla.hu\/site\/wp-content\/uploads\/2017\/03\/line_purple.png 680w, https:\/\/bcsla.hu\/site\/wp-content\/uploads\/2017\/03\/line_purple-150x1.png 150w, https:\/\/bcsla.hu\/site\/wp-content\/uploads\/2017\/03\/line_purple-300x1.png 300w, https:\/\/bcsla.hu\/site\/wp-content\/uploads\/2017\/03\/line_purple-292x1.png 292w, https:\/\/bcsla.hu\/site\/wp-content\/uploads\/2017\/03\/line_purple-100x1.png 100w, https:\/\/bcsla.hu\/site\/wp-content\/uploads\/2017\/03\/line_purple-50x1.png 50w, https:\/\/bcsla.hu\/site\/wp-content\/uploads\/2017\/03\/line_purple-25x1.png 25w, https:\/\/bcsla.hu\/site\/wp-content\/uploads\/2017\/03\/line_purple-90x1.png 90w\" sizes=\"(max-width: 680px) 100vw, 680px\" \/><\/p>\n<p style=\"text-align: center;\"><img fetchpriority=\"high\" decoding=\"async\" class=\"alignnone size-full wp-image-5454\" src=\"https:\/\/bcsla.hu\/site\/wp-content\/uploads\/2019\/11\/20191130_u16.jpg\" alt=\"\" width=\"680\" height=\"251\" srcset=\"https:\/\/bcsla.hu\/site\/wp-content\/uploads\/2019\/11\/20191130_u16.jpg 680w, https:\/\/bcsla.hu\/site\/wp-content\/uploads\/2019\/11\/20191130_u16-300x111.jpg 300w, https:\/\/bcsla.hu\/site\/wp-content\/uploads\/2019\/11\/20191130_u16-100x37.jpg 100w, https:\/\/bcsla.hu\/site\/wp-content\/uploads\/2019\/11\/20191130_u16-50x18.jpg 50w, https:\/\/bcsla.hu\/site\/wp-content\/uploads\/2019\/11\/20191130_u16-25x9.jpg 25w, https:\/\/bcsla.hu\/site\/wp-content\/uploads\/2019\/11\/20191130_u16-90x33.jpg 90w, https:\/\/bcsla.hu\/site\/wp-content\/uploads\/2019\/11\/20191130_u16-250x92.jpg 250w, https:\/\/bcsla.hu\/site\/wp-content\/uploads\/2019\/11\/20191130_u16-225x83.jpg 225w\" sizes=\"(max-width: 680px) 100vw, 680px\" \/><\/p>\n<p style=\"text-align: center;\"><img decoding=\"async\" class=\"alignnone size-full wp-image-34\" src=\"https:\/\/bcsla.hu\/site\/wp-content\/uploads\/2017\/03\/line_purple.png\" alt=\"\" width=\"680\" height=\"1\" srcset=\"https:\/\/bcsla.hu\/site\/wp-content\/uploads\/2017\/03\/line_purple.png 680w, https:\/\/bcsla.hu\/site\/wp-content\/uploads\/2017\/03\/line_purple-150x1.png 150w, https:\/\/bcsla.hu\/site\/wp-content\/uploads\/2017\/03\/line_purple-300x1.png 300w, https:\/\/bcsla.hu\/site\/wp-content\/uploads\/2017\/03\/line_purple-292x1.png 292w, https:\/\/bcsla.hu\/site\/wp-content\/uploads\/2017\/03\/line_purple-100x1.png 100w, https:\/\/bcsla.hu\/site\/wp-content\/uploads\/2017\/03\/line_purple-50x1.png 50w, https:\/\/bcsla.hu\/site\/wp-content\/uploads\/2017\/03\/line_purple-25x1.png 25w, https:\/\/bcsla.hu\/site\/wp-content\/uploads\/2017\/03\/line_purple-90x1.png 90w\" sizes=\"(max-width: 680px) 100vw, 680px\" \/><\/p>\n<p style=\"text-align: justify;\"><strong>Marik L\u00e1szl\u00f3:<\/strong>&nbsp;<em>\u2013&nbsp;Nagy lend\u00fclettel kezdt\u00fck a m\u00e9rk\u0151z\u00e9st, let\u00e1madtuk ellenfel\u00fcnket. A megszerzett labd\u00e1kb\u00f3l helyzeteket&nbsp;alak\u00edtottunk ki \u00e9s a 23. percben m\u00e1r 4:0 ar\u00e1nyban vezett\u00fcnk. Ezut\u00e1n&nbsp;sajnos az egy\u00e9ni \u00e9rdekek ker\u00fcltek f\u0151k\u00e9pp el\u0151t\u00e9rbe, mindenki g\u00f3lt akart r\u00fagni, \u00edgy a sok lehet\u0151s\u00e9g\u00fcnkb\u0151l m\u00e1r csak k\u00e9t g\u00f3lt&nbsp;siker\u00fclt szerezni.<\/em><\/p>\n<p style=\"text-align: center;\"><img decoding=\"async\" class=\"alignnone size-full wp-image-34 aligncenter\" src=\"https:\/\/bcsla.hu\/site\/wp-content\/uploads\/2017\/03\/line_purple.png\" alt=\"\" width=\"680\" height=\"1\" srcset=\"https:\/\/bcsla.hu\/site\/wp-content\/uploads\/2017\/03\/line_purple.png 680w, https:\/\/bcsla.hu\/site\/wp-content\/uploads\/2017\/03\/line_purple-150x1.png 150w, https:\/\/bcsla.hu\/site\/wp-content\/uploads\/2017\/03\/line_purple-300x1.png 300w, https:\/\/bcsla.hu\/site\/wp-content\/uploads\/2017\/03\/line_purple-292x1.png 292w, https:\/\/bcsla.hu\/site\/wp-content\/uploads\/2017\/03\/line_purple-100x1.png 100w, https:\/\/bcsla.hu\/site\/wp-content\/uploads\/2017\/03\/line_purple-50x1.png 50w, https:\/\/bcsla.hu\/site\/wp-content\/uploads\/2017\/03\/line_purple-25x1.png 25w, https:\/\/bcsla.hu\/site\/wp-content\/uploads\/2017\/03\/line_purple-90x1.png 90w\" sizes=\"(max-width: 680px) 100vw, 680px\" \/><\/p>\n<a class=\"metro-button mtr-small mtr-red mtr-square mtr-alignleft\" href=\"https:\/\/adatbank.mlsz.hu\/match\/52\/0\/20857\/15\/1479122.html\" title=\"\" target=\"_blank\"> Jegyz\u0151k\u00f6nyv <\/a>\n<p>&nbsp;<\/p>\n","protected":false},"excerpt":{"rendered":"<p>MLSZ U-16 II. oszt\u00e1ly 2019\/2020. 15. fordul\u00f3 B\u00e9k\u00e9scsaba 1912 El\u0151re SE &#8211; Duna\u00fajv\u00e1ros PASE 6-0 (4-0) Id\u0151pont:&nbsp;2019. november 30. (szombat) 12:00 \u00f3ra Helysz\u00edn:&nbsp;B\u00e9k\u00e9scsaba, K\u00f3rh\u00e1z utcai Stadion G\u00f3lszerz\u0151k:&nbsp;Bacsa Kriszti\u00e1n (9. perc), Borb\u00e9ly Bence Boldizs\u00e1r (10. perc), Marik Soma (24., 25. \u00e9s 73. perc), L\u0151rinczi Attila (77. perc). Piros lap:&nbsp;Nagy Zal\u00e1n Viktor (68. perc). Marik L\u00e1szl\u00f3:&nbsp;\u2013&nbsp;Nagy lend\u00fclettel [&hellip;]<\/p>\n","protected":false},"author":1,"featured_media":0,"comment_status":"closed","ping_status":"closed","sticky":false,"template":"","format":"standard","meta":{"footnotes":""},"categories":[6,271,308],"tags":[411,412,287,56,31],"class_list":["post-5438","post","type-post","status-publish","format-standard","hentry","category-eredmenyek","category-271","category-eredmenyek-u16-20192020","tag-dunaujvaros","tag-pase","tag-287","tag-eredmeny","tag-merkozes"],"publishpress_future_action":{"enabled":false,"date":"2026-05-10 13:10:36","action":"change-status","newStatus":"draft","terms":[],"taxonomy":"category","extraData":[]},"publishpress_future_workflow_manual_trigger":{"enabledWorkflows":[]},"_links":{"self":[{"href":"https:\/\/bcsla.hu\/site\/wp-json\/wp\/v2\/posts\/5438","targetHints":{"allow":["GET"]}}],"collection":[{"href":"https:\/\/bcsla.hu\/site\/wp-json\/wp\/v2\/posts"}],"about":[{"href":"https:\/\/bcsla.hu\/site\/wp-json\/wp\/v2\/types\/post"}],"author":[{"embeddable":true,"href":"https:\/\/bcsla.hu\/site\/wp-json\/wp\/v2\/users\/1"}],"replies":[{"embeddable":true,"href":"https:\/\/bcsla.hu\/site\/wp-json\/wp\/v2\/comments?post=5438"}],"version-history":[{"count":5,"href":"https:\/\/bcsla.hu\/site\/wp-json\/wp\/v2\/posts\/5438\/revisions"}],"predecessor-version":[{"id":5455,"href":"https:\/\/bcsla.hu\/site\/wp-json\/wp\/v2\/posts\/5438\/revisions\/5455"}],"wp:attachment":[{"href":"https:\/\/bcsla.hu\/site\/wp-json\/wp\/v2\/media?parent=5438"}],"wp:term":[{"taxonomy":"category","embeddable":true,"href":"https:\/\/bcsla.hu\/site\/wp-json\/wp\/v2\/categories?post=5438"},{"taxonomy":"post_tag","embeddable":true,"href":"https:\/\/bcsla.hu\/site\/wp-json\/wp\/v2\/tags?post=5438"}],"curies":[{"name":"wp","href":"https:\/\/api.w.org\/{rel}","templated":true}]}}