{"id":5748,"date":"2020-01-28T11:02:55","date_gmt":"2020-01-28T10:02:55","guid":{"rendered":"https:\/\/bcsla.hu\/site\/?p=5748"},"modified":"2020-01-28T11:25:31","modified_gmt":"2020-01-28T10:25:31","slug":"futsal-megyei-donto-20200126-u10","status":"publish","type":"post","link":"https:\/\/bcsla.hu\/site\/futsal-megyei-donto-20200126-u10\/","title":{"rendered":"Futsal megyei d\u00f6nt\u0151"},"content":{"rendered":"<p style=\"text-align: justify;\"><strong>Bronz\u00e9rmes lett U10-es csapatunk a Futsal megyei d\u00f6nt\u0151ben.<\/strong><\/p>\n<p><strong>Id\u0151pont:<\/strong>\u00a02020. janu\u00e1r 26. (vas\u00e1rnap)<\/p>\n<p><strong>Helysz\u00edn:<\/strong>\u00a0Orosh\u00e1za<\/p>\n<p style=\"text-align: center;\"><img decoding=\"async\" class=\"alignnone size-full wp-image-34\" src=\"https:\/\/bcsla.hu\/site\/wp-content\/uploads\/2017\/03\/line_purple.png\" alt=\"\" width=\"680\" height=\"1\" srcset=\"https:\/\/bcsla.hu\/site\/wp-content\/uploads\/2017\/03\/line_purple.png 680w, https:\/\/bcsla.hu\/site\/wp-content\/uploads\/2017\/03\/line_purple-150x1.png 150w, https:\/\/bcsla.hu\/site\/wp-content\/uploads\/2017\/03\/line_purple-300x1.png 300w, https:\/\/bcsla.hu\/site\/wp-content\/uploads\/2017\/03\/line_purple-292x1.png 292w, https:\/\/bcsla.hu\/site\/wp-content\/uploads\/2017\/03\/line_purple-100x1.png 100w, https:\/\/bcsla.hu\/site\/wp-content\/uploads\/2017\/03\/line_purple-50x1.png 50w, https:\/\/bcsla.hu\/site\/wp-content\/uploads\/2017\/03\/line_purple-25x1.png 25w, https:\/\/bcsla.hu\/site\/wp-content\/uploads\/2017\/03\/line_purple-90x1.png 90w\" sizes=\"(max-width: 680px) 100vw, 680px\" \/><\/p>\n<p><strong>Eredm\u00e9nyek:<\/strong>\u00a0K\u00f6r\u00f6starcsa &#8211; B\u00e9k\u00e9scsaba 1912 El\u0151re SE 0-2, Szarvas &#8211; B\u00e9k\u00e9scsaba 1912 El\u0151re SE 3-0, OMTK II. &#8211; B\u00e9k\u00e9scsaba 1912 El\u0151re SE 0-3, OMTK I. &#8211; B\u00e9k\u00e9scsaba 1912 El\u0151re SE 0-0.<\/p>\n<p style=\"text-align: center;\"><img fetchpriority=\"high\" decoding=\"async\" class=\"alignnone size-full wp-image-5750\" src=\"https:\/\/bcsla.hu\/site\/wp-content\/uploads\/2020\/01\/20200126_u11_web.jpg\" alt=\"\" width=\"680\" height=\"510\" srcset=\"https:\/\/bcsla.hu\/site\/wp-content\/uploads\/2020\/01\/20200126_u11_web.jpg 680w, https:\/\/bcsla.hu\/site\/wp-content\/uploads\/2020\/01\/20200126_u11_web-300x225.jpg 300w, https:\/\/bcsla.hu\/site\/wp-content\/uploads\/2020\/01\/20200126_u11_web-100x75.jpg 100w, https:\/\/bcsla.hu\/site\/wp-content\/uploads\/2020\/01\/20200126_u11_web-50x38.jpg 50w, https:\/\/bcsla.hu\/site\/wp-content\/uploads\/2020\/01\/20200126_u11_web-25x19.jpg 25w, https:\/\/bcsla.hu\/site\/wp-content\/uploads\/2020\/01\/20200126_u11_web-90x68.jpg 90w, https:\/\/bcsla.hu\/site\/wp-content\/uploads\/2020\/01\/20200126_u11_web-250x188.jpg 250w, https:\/\/bcsla.hu\/site\/wp-content\/uploads\/2020\/01\/20200126_u11_web-225x169.jpg 225w\" sizes=\"(max-width: 680px) 100vw, 680px\" \/><\/p>\n<p style=\"text-align: center;\"><img decoding=\"async\" class=\"alignnone size-full wp-image-34\" src=\"https:\/\/bcsla.hu\/site\/wp-content\/uploads\/2017\/03\/line_purple.png\" alt=\"\" width=\"680\" height=\"1\" srcset=\"https:\/\/bcsla.hu\/site\/wp-content\/uploads\/2017\/03\/line_purple.png 680w, https:\/\/bcsla.hu\/site\/wp-content\/uploads\/2017\/03\/line_purple-150x1.png 150w, https:\/\/bcsla.hu\/site\/wp-content\/uploads\/2017\/03\/line_purple-300x1.png 300w, https:\/\/bcsla.hu\/site\/wp-content\/uploads\/2017\/03\/line_purple-292x1.png 292w, https:\/\/bcsla.hu\/site\/wp-content\/uploads\/2017\/03\/line_purple-100x1.png 100w, https:\/\/bcsla.hu\/site\/wp-content\/uploads\/2017\/03\/line_purple-50x1.png 50w, https:\/\/bcsla.hu\/site\/wp-content\/uploads\/2017\/03\/line_purple-25x1.png 25w, https:\/\/bcsla.hu\/site\/wp-content\/uploads\/2017\/03\/line_purple-90x1.png 90w\" sizes=\"(max-width: 680px) 100vw, 680px\" \/><\/p>\n<p style=\"text-align: justify;\"><strong>Szever\u00e9nyi P\u00e9ter:<\/strong>\u00a0<em>\u2013\u00a0A K\u00f6r\u00f6starcsa ellen nagyon agressz\u00edven \u00e9s okosan is j\u00e1tszottunk .Meg\u00e9rdemelten hoztuk a meccset \u00e9s t\u00f6bb g\u00f3lt is l\u0151hett\u00fcnk volna.\u00a0A Szarvas elleni m\u00e9rk\u0151z\u00e9sen ism\u00e9t el\u0151j\u00f6ttek a ment\u00e1lis t\u00e9nyez\u0151k, a kapott g\u00f3lok ut\u00e1n nem nagyon tudtuk azt j\u00e1tszani amit igaz\u00e1n tudunk \u00e9s kezdt\u00fcnk f\u00e1radni is.\u00a0Az OMTK m\u00e1sodik csapata ellen v\u00e9gig mi domin\u00e1ltunk, kell\u0151en \u00f6sszekaptuk magunkat \u00e9s helyenk\u00e9nt nagyon sz\u00e9pen j\u00e1tszottunk.\u00a0A bronz\u00e9rem\u00e9rt j\u00e1tszottunk az OMTK els\u0151 csapata ellen \u00e9s nagyon nagyot k\u00fczd\u00f6ttek a sr\u00e1cok. B\u00fcszke vagyok a sr\u00e1cokra, hiszen a mutatott hozz\u00e1\u00e1ll\u00e1s \u00e9s teljes\u00edtm\u00e9ny mindenk\u00e9ppen elismer\u00e9srem\u00e9lt\u00f3.<\/em><\/p>\n<p style=\"text-align: center;\"><img decoding=\"async\" class=\"alignnone size-full wp-image-34\" src=\"https:\/\/bcsla.hu\/site\/wp-content\/uploads\/2017\/03\/line_purple.png\" alt=\"\" width=\"680\" height=\"1\" srcset=\"https:\/\/bcsla.hu\/site\/wp-content\/uploads\/2017\/03\/line_purple.png 680w, https:\/\/bcsla.hu\/site\/wp-content\/uploads\/2017\/03\/line_purple-150x1.png 150w, https:\/\/bcsla.hu\/site\/wp-content\/uploads\/2017\/03\/line_purple-300x1.png 300w, https:\/\/bcsla.hu\/site\/wp-content\/uploads\/2017\/03\/line_purple-292x1.png 292w, https:\/\/bcsla.hu\/site\/wp-content\/uploads\/2017\/03\/line_purple-100x1.png 100w, https:\/\/bcsla.hu\/site\/wp-content\/uploads\/2017\/03\/line_purple-50x1.png 50w, https:\/\/bcsla.hu\/site\/wp-content\/uploads\/2017\/03\/line_purple-25x1.png 25w, https:\/\/bcsla.hu\/site\/wp-content\/uploads\/2017\/03\/line_purple-90x1.png 90w\" sizes=\"(max-width: 680px) 100vw, 680px\" \/><\/p>\n","protected":false},"excerpt":{"rendered":"<p>Bronz\u00e9rmes lett U10-es csapatunk a Futsal megyei d\u00f6nt\u0151ben. Id\u0151pont:\u00a02020. janu\u00e1r 26. (vas\u00e1rnap) Helysz\u00edn:\u00a0Orosh\u00e1za Eredm\u00e9nyek:\u00a0K\u00f6r\u00f6starcsa &#8211; B\u00e9k\u00e9scsaba 1912 El\u0151re SE 0-2, Szarvas &#8211; B\u00e9k\u00e9scsaba 1912 El\u0151re SE 3-0, OMTK II. &#8211; B\u00e9k\u00e9scsaba 1912 El\u0151re SE 0-3, OMTK I. &#8211; B\u00e9k\u00e9scsaba 1912 El\u0151re SE 0-0. Szever\u00e9nyi P\u00e9ter:\u00a0\u2013\u00a0A K\u00f6r\u00f6starcsa ellen nagyon agressz\u00edven \u00e9s okosan is j\u00e1tszottunk .Meg\u00e9rdemelten hoztuk [&hellip;]<\/p>\n","protected":false},"author":1,"featured_media":0,"comment_status":"closed","ping_status":"closed","sticky":false,"template":"","format":"standard","meta":{"footnotes":""},"categories":[6,271,446],"tags":[32,51,287,56,444,445],"class_list":["post-5748","post","type-post","status-publish","format-standard","hentry","category-eredmenyek","category-271","category-eredmenyek-u10-20192020","tag-beszamolo","tag-u10","tag-287","tag-eredmeny","tag-fustal","tag-donto"],"publishpress_future_action":{"enabled":false,"date":"2026-05-10 14:38:32","action":"change-status","newStatus":"draft","terms":[],"taxonomy":"category","extraData":[]},"publishpress_future_workflow_manual_trigger":{"enabledWorkflows":[]},"_links":{"self":[{"href":"https:\/\/bcsla.hu\/site\/wp-json\/wp\/v2\/posts\/5748","targetHints":{"allow":["GET"]}}],"collection":[{"href":"https:\/\/bcsla.hu\/site\/wp-json\/wp\/v2\/posts"}],"about":[{"href":"https:\/\/bcsla.hu\/site\/wp-json\/wp\/v2\/types\/post"}],"author":[{"embeddable":true,"href":"https:\/\/bcsla.hu\/site\/wp-json\/wp\/v2\/users\/1"}],"replies":[{"embeddable":true,"href":"https:\/\/bcsla.hu\/site\/wp-json\/wp\/v2\/comments?post=5748"}],"version-history":[{"count":3,"href":"https:\/\/bcsla.hu\/site\/wp-json\/wp\/v2\/posts\/5748\/revisions"}],"predecessor-version":[{"id":5752,"href":"https:\/\/bcsla.hu\/site\/wp-json\/wp\/v2\/posts\/5748\/revisions\/5752"}],"wp:attachment":[{"href":"https:\/\/bcsla.hu\/site\/wp-json\/wp\/v2\/media?parent=5748"}],"wp:term":[{"taxonomy":"category","embeddable":true,"href":"https:\/\/bcsla.hu\/site\/wp-json\/wp\/v2\/categories?post=5748"},{"taxonomy":"post_tag","embeddable":true,"href":"https:\/\/bcsla.hu\/site\/wp-json\/wp\/v2\/tags?post=5748"}],"curies":[{"name":"wp","href":"https:\/\/api.w.org\/{rel}","templated":true}]}}