{"id":5770,"date":"2020-01-28T13:53:59","date_gmt":"2020-01-28T12:53:59","guid":{"rendered":"https:\/\/bcsla.hu\/site\/?p=5770"},"modified":"2020-01-28T13:55:29","modified_gmt":"2020-01-28T12:55:29","slug":"az-idosebb-korosztaly-gyozott-az-edzomeccsen-20200125_u16_u17","status":"publish","type":"post","link":"https:\/\/bcsla.hu\/site\/az-idosebb-korosztaly-gyozott-az-edzomeccsen-20200125_u16_u17\/","title":{"rendered":"Az id\u0151sebb koroszt\u00e1ly gy\u0151z\u00f6tt az edz\u0151meccsen"},"content":{"rendered":"<p><strong>Felk\u00e9sz\u00fcl\u00e9si m\u00e9rk\u0151z\u00e9s<\/strong><\/p>\n<h2>B\u00e9k\u00e9scsaba Labdar\u00fag\u00f3 Akad\u00e9mia (U17) \u2013 B\u00e9k\u00e9scsaba Labdar\u00fag\u00f3 Akad\u00e9mia (U16)<\/h2>\n<h2>4-2<\/h2>\n<p><strong>Id\u0151pont:<\/strong>\u00a02020. janu\u00e1r 25. (szombat) 12:30 \u00f3ra<\/p>\n<p><strong>Helysz\u00edn:<\/strong>\u00a0B\u00e9k\u00e9scsaba, K\u00f3rh\u00e1z utcai Stadion<\/p>\n<p style=\"text-align: center;\"><img decoding=\"async\" class=\"alignnone size-full wp-image-34\" src=\"https:\/\/bcsla.hu\/site\/wp-content\/uploads\/2017\/03\/line_purple.png\" alt=\"\" width=\"680\" height=\"1\" srcset=\"https:\/\/bcsla.hu\/site\/wp-content\/uploads\/2017\/03\/line_purple.png 680w, https:\/\/bcsla.hu\/site\/wp-content\/uploads\/2017\/03\/line_purple-150x1.png 150w, https:\/\/bcsla.hu\/site\/wp-content\/uploads\/2017\/03\/line_purple-300x1.png 300w, https:\/\/bcsla.hu\/site\/wp-content\/uploads\/2017\/03\/line_purple-292x1.png 292w, https:\/\/bcsla.hu\/site\/wp-content\/uploads\/2017\/03\/line_purple-100x1.png 100w, https:\/\/bcsla.hu\/site\/wp-content\/uploads\/2017\/03\/line_purple-50x1.png 50w, https:\/\/bcsla.hu\/site\/wp-content\/uploads\/2017\/03\/line_purple-25x1.png 25w, https:\/\/bcsla.hu\/site\/wp-content\/uploads\/2017\/03\/line_purple-90x1.png 90w\" sizes=\"(max-width: 680px) 100vw, 680px\" \/><\/p>\n<p style=\"text-align: justify;\"><strong>B\u00e1r a kisebbekn\u00e9l Cserven\u00e1k k\u00e9tszer is betal\u00e1lt, az U17-es csapat nyerte az egym\u00e1s elleni felk\u00e9sz\u00fcl\u00e9si m\u00e9rk\u0151z\u00e9st.<\/strong><\/p>\n<p style=\"text-align: justify;\"><strong>Marik L\u00e1szl\u00f3:<\/strong>\u00a0<em>\u2013\u00a0J\u00f3 iram\u00fa m\u00e9rk\u0151z\u00e9st j\u00e1tszottunk az U17-es csapat ellen. \u00d6sszess\u00e9g\u00e9ben j\u00f3l oldottuk meg a let\u00e1mad\u00e1sokkal szembeni labdakihozatalt \u00e9s a h\u00e1romperces r\u00f6vidz\u00e1rlatt\u00f3l eltekintve, a hossz\u00fa ind\u00edt\u00e1sok ellen is j\u00f3l tudtunk v\u00e9dekezni. Mindk\u00e9t j\u00e1t\u00e9kr\u00e9sz m\u00e1sodik fel\u00e9ben tudtunk jobban j\u00e1tszani, t\u00f6bbsz\u00f6r sz\u00e9pen \u00e9s pontosan fociztunk. Sajnos id\u0151nk\u00e9nt t\u00falbonyol\u00edtottuk a szitu\u00e1ci\u00f3kat, ez\u00e9rt az eredm\u00e9nyess\u00e9gben elmaradtunk. T\u00f6bb j\u00e1t\u00e9kosunk is beteg, \u00edgy a friss\u00edt\u00e9si, v\u00e1ltoztat\u00e1si lehet\u0151s\u00e9geink is m\u00e9rs\u00e9keltek voltak.<\/em><\/p>\n","protected":false},"excerpt":{"rendered":"<p>Felk\u00e9sz\u00fcl\u00e9si m\u00e9rk\u0151z\u00e9s B\u00e9k\u00e9scsaba Labdar\u00fag\u00f3 Akad\u00e9mia (U17) \u2013 B\u00e9k\u00e9scsaba Labdar\u00fag\u00f3 Akad\u00e9mia (U16) 4-2 Id\u0151pont:\u00a02020. janu\u00e1r 25. (szombat) 12:30 \u00f3ra Helysz\u00edn:\u00a0B\u00e9k\u00e9scsaba, K\u00f3rh\u00e1z utcai Stadion B\u00e1r a kisebbekn\u00e9l Cserven\u00e1k k\u00e9tszer is betal\u00e1lt, az U17-es csapat nyerte az egym\u00e1s elleni felk\u00e9sz\u00fcl\u00e9si m\u00e9rk\u0151z\u00e9st. Marik L\u00e1szl\u00f3:\u00a0\u2013\u00a0J\u00f3 iram\u00fa m\u00e9rk\u0151z\u00e9st j\u00e1tszottunk az U17-es csapat ellen. \u00d6sszess\u00e9g\u00e9ben j\u00f3l oldottuk meg a let\u00e1mad\u00e1sokkal szembeni labdakihozatalt [&hellip;]<\/p>\n","protected":false},"author":1,"featured_media":0,"comment_status":"closed","ping_status":"closed","sticky":false,"template":"","format":"standard","meta":{"footnotes":""},"categories":[6,271,311,308],"tags":[32,156,55,287,56,58,31],"class_list":["post-5770","post","type-post","status-publish","format-standard","hentry","category-eredmenyek","category-271","category-eredmenyek-u17-20192020","category-eredmenyek-u16-20192020","tag-beszamolo","tag-felkeszules","tag-u17","tag-287","tag-eredmeny","tag-u16","tag-merkozes"],"publishpress_future_action":{"enabled":false,"date":"2026-05-10 14:38:23","action":"change-status","newStatus":"draft","terms":[],"taxonomy":"category","extraData":[]},"publishpress_future_workflow_manual_trigger":{"enabledWorkflows":[]},"_links":{"self":[{"href":"https:\/\/bcsla.hu\/site\/wp-json\/wp\/v2\/posts\/5770","targetHints":{"allow":["GET"]}}],"collection":[{"href":"https:\/\/bcsla.hu\/site\/wp-json\/wp\/v2\/posts"}],"about":[{"href":"https:\/\/bcsla.hu\/site\/wp-json\/wp\/v2\/types\/post"}],"author":[{"embeddable":true,"href":"https:\/\/bcsla.hu\/site\/wp-json\/wp\/v2\/users\/1"}],"replies":[{"embeddable":true,"href":"https:\/\/bcsla.hu\/site\/wp-json\/wp\/v2\/comments?post=5770"}],"version-history":[{"count":2,"href":"https:\/\/bcsla.hu\/site\/wp-json\/wp\/v2\/posts\/5770\/revisions"}],"predecessor-version":[{"id":5772,"href":"https:\/\/bcsla.hu\/site\/wp-json\/wp\/v2\/posts\/5770\/revisions\/5772"}],"wp:attachment":[{"href":"https:\/\/bcsla.hu\/site\/wp-json\/wp\/v2\/media?parent=5770"}],"wp:term":[{"taxonomy":"category","embeddable":true,"href":"https:\/\/bcsla.hu\/site\/wp-json\/wp\/v2\/categories?post=5770"},{"taxonomy":"post_tag","embeddable":true,"href":"https:\/\/bcsla.hu\/site\/wp-json\/wp\/v2\/tags?post=5770"}],"curies":[{"name":"wp","href":"https:\/\/api.w.org\/{rel}","templated":true}]}}