{"id":5868,"date":"2020-03-09T05:22:49","date_gmt":"2020-03-09T04:22:49","guid":{"rendered":"https:\/\/bcsla.hu\/site\/?p=5868"},"modified":"2020-03-11T05:55:54","modified_gmt":"2020-03-11T04:55:54","slug":"szeged-csanad-grosics-akademia-bekescsaba-1912-elore-se_20200308_u13","status":"publish","type":"post","link":"https:\/\/bcsla.hu\/site\/szeged-csanad-grosics-akademia-bekescsaba-1912-elore-se_20200308_u13\/","title":{"rendered":"Szeged-Csan\u00e1d Grosics Akad\u00e9mia &#8211; B\u00e9k\u00e9scsaba 1912 El\u0151re SE"},"content":{"rendered":"<p><strong>MLSZ U-13 I. oszt\u00e1ly D\u00e9l-Kelet 14. fordul\u00f3<\/strong><\/p>\n<h2>Szeged-Csan\u00e1d Grosics Akad\u00e9mia &#8211; B\u00e9k\u00e9scsaba 1912 El\u0151re SE<\/h2>\n<h2 style=\"text-align: justify;\">0-0 (0-0)<\/h2>\n<p style=\"text-align: justify;\"><strong>Id\u0151pont:<\/strong>\u00a02020. m\u00e1rcius 8. (szombat)\u00a0 11:30 \u00f3ra<\/p>\n<p><strong>Helysz\u00edn:<\/strong>\u00a0Szeged<\/p>\n<p style=\"text-align: justify;\"><strong>S\u00e1rga lap: <\/strong>Grezsa Bal\u00e1zs (48. perc).<\/p>\n<p style=\"text-align: center;\"><img decoding=\"async\" class=\"alignnone size-full wp-image-34\" src=\"https:\/\/bcsla.hu\/site\/wp-content\/uploads\/2017\/03\/line_purple.png\" alt=\"\" width=\"680\" height=\"1\" srcset=\"https:\/\/bcsla.hu\/site\/wp-content\/uploads\/2017\/03\/line_purple.png 680w, https:\/\/bcsla.hu\/site\/wp-content\/uploads\/2017\/03\/line_purple-150x1.png 150w, https:\/\/bcsla.hu\/site\/wp-content\/uploads\/2017\/03\/line_purple-300x1.png 300w, https:\/\/bcsla.hu\/site\/wp-content\/uploads\/2017\/03\/line_purple-292x1.png 292w, https:\/\/bcsla.hu\/site\/wp-content\/uploads\/2017\/03\/line_purple-100x1.png 100w, https:\/\/bcsla.hu\/site\/wp-content\/uploads\/2017\/03\/line_purple-50x1.png 50w, https:\/\/bcsla.hu\/site\/wp-content\/uploads\/2017\/03\/line_purple-25x1.png 25w, https:\/\/bcsla.hu\/site\/wp-content\/uploads\/2017\/03\/line_purple-90x1.png 90w\" sizes=\"(max-width: 680px) 100vw, 680px\" \/><\/p>\n<p style=\"text-align: center;\"><img fetchpriority=\"high\" decoding=\"async\" class=\"alignnone size-full wp-image-5891\" src=\"https:\/\/bcsla.hu\/site\/wp-content\/uploads\/2020\/03\/20200308_u13.jpg\" alt=\"\" width=\"680\" height=\"418\" srcset=\"https:\/\/bcsla.hu\/site\/wp-content\/uploads\/2020\/03\/20200308_u13.jpg 680w, https:\/\/bcsla.hu\/site\/wp-content\/uploads\/2020\/03\/20200308_u13-300x184.jpg 300w, https:\/\/bcsla.hu\/site\/wp-content\/uploads\/2020\/03\/20200308_u13-100x61.jpg 100w, https:\/\/bcsla.hu\/site\/wp-content\/uploads\/2020\/03\/20200308_u13-50x31.jpg 50w, https:\/\/bcsla.hu\/site\/wp-content\/uploads\/2020\/03\/20200308_u13-25x15.jpg 25w, https:\/\/bcsla.hu\/site\/wp-content\/uploads\/2020\/03\/20200308_u13-90x55.jpg 90w, https:\/\/bcsla.hu\/site\/wp-content\/uploads\/2020\/03\/20200308_u13-250x154.jpg 250w, https:\/\/bcsla.hu\/site\/wp-content\/uploads\/2020\/03\/20200308_u13-225x138.jpg 225w\" sizes=\"(max-width: 680px) 100vw, 680px\" \/><\/p>\n<p style=\"text-align: center;\"><img decoding=\"async\" class=\"alignnone size-full wp-image-34\" src=\"https:\/\/bcsla.hu\/site\/wp-content\/uploads\/2017\/03\/line_purple.png\" alt=\"\" width=\"680\" height=\"1\" srcset=\"https:\/\/bcsla.hu\/site\/wp-content\/uploads\/2017\/03\/line_purple.png 680w, https:\/\/bcsla.hu\/site\/wp-content\/uploads\/2017\/03\/line_purple-150x1.png 150w, https:\/\/bcsla.hu\/site\/wp-content\/uploads\/2017\/03\/line_purple-300x1.png 300w, https:\/\/bcsla.hu\/site\/wp-content\/uploads\/2017\/03\/line_purple-292x1.png 292w, https:\/\/bcsla.hu\/site\/wp-content\/uploads\/2017\/03\/line_purple-100x1.png 100w, https:\/\/bcsla.hu\/site\/wp-content\/uploads\/2017\/03\/line_purple-50x1.png 50w, https:\/\/bcsla.hu\/site\/wp-content\/uploads\/2017\/03\/line_purple-25x1.png 25w, https:\/\/bcsla.hu\/site\/wp-content\/uploads\/2017\/03\/line_purple-90x1.png 90w\" sizes=\"(max-width: 680px) 100vw, 680px\" \/><\/p>\n<p style=\"text-align: justify;\"><strong>Balog Zsolt:<\/strong>\u00a0<em>\u2013\u00a0Vas\u00e1rnap elkezd\u0151d\u00f6tt a tavaszi bajnoks\u00e1g a csapat sz\u00e1m\u00e1ra, amit m\u00e1r nagyon v\u00e1rtunk a kilenc hetes felk\u00e9sz\u00fcl\u00e9s ut\u00e1n. Az els\u0151 fordul\u00f3ban r\u00f6gt\u00f6n egy rangad\u00f3n l\u00e9pt\u00fcnk p\u00e1ly\u00e1ra a m\u00e1sodik helyezett Szeged ellen, ahol szerett\u00fck volna n\u00f6velni a h\u00e1rompontos el\u0151ny\u00fcnket a bajnoki tabell\u00e1n. A m\u00e9rk\u0151z\u00e9sen azonnal nyom\u00e1st akartunk helyezni ellenfel\u00fcnkre, szerett\u00fcnk volna labd\u00e1kat szerezni \u00e9s megakad\u00e1lyozni a szegedi t\u00e1mad\u00e1s\u00e9p\u00edt\u00e9seket. Ezt j\u00f3 sz\u00e1zal\u00e9kban meg is oldottuk, mert nem tudott az ellenfel\u00fcnk igaz\u00e1n fel\u00e9p\u00edtett\u00a0akci\u00f3kat vezetni, viszont mi sem tudtunk ezekb\u0151l a labdaszerz\u00e9sekb\u0151l vesz\u00e9lyesek lenni a kapujukra. Igazi hi\u00e1ny\u00e9rzetem a t\u00e1mad\u00e1saink fel\u00e9p\u00edt\u00e9s\u00e9vel volt, mert hi\u00e1ba gyakoroltuk a k\u00f6z\u00e9pp\u00e1ly\u00e1sok forg\u00e1s\u00e1t \u00e9s az ebb\u0151l t\u00f6rt\u00e9n\u0151 m\u00e9lys\u00e9gi labd\u00e1k felj\u00e1tsz\u00e1s\u00e1t, mert ezekb\u0151l vagy nem tudtuk megtartani a labd\u00e1t, vagy pedig pontatlanok voltunk a j\u00e1t\u00e9k folytat\u00e1s\u00e1ban. Ism\u00e9t szembet\u0171n\u0151 volt, &#8211; ha nyom\u00e1s alatt kell j\u00e1tszanunk, mert az ellenf\u00e9l is let\u00e1mad minket -, akkor vagy belehib\u00e1zunk, vagy el sem k\u00e9rj\u00fck a labd\u00e1t a t\u00e1rsunkt\u00f3l. Sajnos a m\u00e9rk\u0151z\u00e9sen nem tudtunk igazi ziccerig eljutni \u00e9s a kisebb lehet\u0151s\u00e9geinket vagy elkapkodtuk, vagy rossz megold\u00e1st v\u00e1lasztottunk. A szegedieknek k\u00e9t nagyobb helyzete volt, melyeket siker\u00fclt hat\u00e1stalan\u00edtanunk. A sok hiba miatt ez volt az els\u0151 olyan m\u00e9rk\u0151z\u00e9s\u00fcnk, amire azt mondhatom, hogy nem tudtuk uralni a m\u00e9rk\u0151z\u00e9st \u00e9s nagyobb lehet\u0151s\u00e9gei is az ellenfel\u00fcnknek voltak. Sok munka \u00e1ll m\u00e9g el\u0151tt\u00fcnk.<\/em><\/p>\n<p><img decoding=\"async\" class=\"alignnone size-full wp-image-34 aligncenter\" src=\"https:\/\/bcsla.hu\/site\/wp-content\/uploads\/2017\/03\/line_purple.png\" alt=\"\" width=\"680\" height=\"1\" srcset=\"https:\/\/bcsla.hu\/site\/wp-content\/uploads\/2017\/03\/line_purple.png 680w, https:\/\/bcsla.hu\/site\/wp-content\/uploads\/2017\/03\/line_purple-150x1.png 150w, https:\/\/bcsla.hu\/site\/wp-content\/uploads\/2017\/03\/line_purple-300x1.png 300w, https:\/\/bcsla.hu\/site\/wp-content\/uploads\/2017\/03\/line_purple-292x1.png 292w, https:\/\/bcsla.hu\/site\/wp-content\/uploads\/2017\/03\/line_purple-100x1.png 100w, https:\/\/bcsla.hu\/site\/wp-content\/uploads\/2017\/03\/line_purple-50x1.png 50w, https:\/\/bcsla.hu\/site\/wp-content\/uploads\/2017\/03\/line_purple-25x1.png 25w, https:\/\/bcsla.hu\/site\/wp-content\/uploads\/2017\/03\/line_purple-90x1.png 90w\" sizes=\"(max-width: 680px) 100vw, 680px\" \/><\/p>\n<p style=\"text-align: justify;\"><a class=\"metro-button mtr-small mtr-red mtr-square mtr-alignleft\" href=\"http:\/\/ada1bank.mlsz.hu\/match?itemId=1519410&#038;evad=52&#038;szervezet=0&#038;verseny=21246&#038;fordulo=14\" title=\"\" target=\"_blank\"> Jegyz\u0151k\u00f6nyv <\/a><\/p>\n","protected":false},"excerpt":{"rendered":"<p>MLSZ U-13 I. oszt\u00e1ly D\u00e9l-Kelet 14. fordul\u00f3 Szeged-Csan\u00e1d Grosics Akad\u00e9mia &#8211; B\u00e9k\u00e9scsaba 1912 El\u0151re SE 0-0 (0-0) Id\u0151pont:\u00a02020. m\u00e1rcius 8. (szombat)\u00a0 11:30 \u00f3ra Helysz\u00edn:\u00a0Szeged S\u00e1rga lap: Grezsa Bal\u00e1zs (48. perc). Balog Zsolt:\u00a0\u2013\u00a0Vas\u00e1rnap elkezd\u0151d\u00f6tt a tavaszi bajnoks\u00e1g a csapat sz\u00e1m\u00e1ra, amit m\u00e1r nagyon v\u00e1rtunk a kilenc hetes felk\u00e9sz\u00fcl\u00e9s ut\u00e1n. Az els\u0151 fordul\u00f3ban r\u00f6gt\u00f6n egy rangad\u00f3n l\u00e9pt\u00fcnk [&hellip;]<\/p>\n","protected":false},"author":1,"featured_media":0,"comment_status":"closed","ping_status":"closed","sticky":false,"template":"","format":"standard","meta":{"footnotes":""},"categories":[6,271,316],"tags":[287,56,313,102,375,31],"class_list":["post-5868","post","type-post","status-publish","format-standard","hentry","category-eredmenyek","category-271","category-eredmenyek-u13-20192020","tag-287","tag-eredmeny","tag-szeged-csanad-grosics-akademia","tag-u13","tag-szeged","tag-merkozes"],"publishpress_future_action":{"enabled":false,"date":"2026-05-10 16:16:26","action":"change-status","newStatus":"draft","terms":[],"taxonomy":"category","extraData":[]},"publishpress_future_workflow_manual_trigger":{"enabledWorkflows":[]},"_links":{"self":[{"href":"https:\/\/bcsla.hu\/site\/wp-json\/wp\/v2\/posts\/5868","targetHints":{"allow":["GET"]}}],"collection":[{"href":"https:\/\/bcsla.hu\/site\/wp-json\/wp\/v2\/posts"}],"about":[{"href":"https:\/\/bcsla.hu\/site\/wp-json\/wp\/v2\/types\/post"}],"author":[{"embeddable":true,"href":"https:\/\/bcsla.hu\/site\/wp-json\/wp\/v2\/users\/1"}],"replies":[{"embeddable":true,"href":"https:\/\/bcsla.hu\/site\/wp-json\/wp\/v2\/comments?post=5868"}],"version-history":[{"count":4,"href":"https:\/\/bcsla.hu\/site\/wp-json\/wp\/v2\/posts\/5868\/revisions"}],"predecessor-version":[{"id":5892,"href":"https:\/\/bcsla.hu\/site\/wp-json\/wp\/v2\/posts\/5868\/revisions\/5892"}],"wp:attachment":[{"href":"https:\/\/bcsla.hu\/site\/wp-json\/wp\/v2\/media?parent=5868"}],"wp:term":[{"taxonomy":"category","embeddable":true,"href":"https:\/\/bcsla.hu\/site\/wp-json\/wp\/v2\/categories?post=5868"},{"taxonomy":"post_tag","embeddable":true,"href":"https:\/\/bcsla.hu\/site\/wp-json\/wp\/v2\/tags?post=5868"}],"curies":[{"name":"wp","href":"https:\/\/api.w.org\/{rel}","templated":true}]}}